{"id":421655,"date":"2025-09-27T15:17:37","date_gmt":"2025-09-27T15:17:37","guid":{"rendered":"https:\/\/www.europesays.com\/fr\/421655\/"},"modified":"2025-09-27T15:17:37","modified_gmt":"2025-09-27T15:17:37","slug":"cest-quoi-ce-caveau-du-futur-a-cote-de-la-cathedrale","status":"publish","type":"post","link":"https:\/\/www.europesays.com\/fr\/421655\/","title":{"rendered":"c\u2019est quoi ce \u00ab caveau du futur \u00bb \u00e0 c\u00f4t\u00e9 de la cath\u00e9drale ?"},"content":{"rendered":"<p><b>La prochaine fois que vous traverserez la place du Ch\u00e2teau, baissez les yeux. Il s\u2019y trouve une plaque en bronze qui cache un secret bien gard\u00e9. Sous vos pieds, un bunker en b\u00e9ton renferme depuis 1995 des bretzels, du vin, des lettres de Strasbourgeois(es) et bien d\u2019autres t\u00e9moins de notre \u00e9poque. Imagin\u00e9 par l\u2019artiste Raymond \u00c9mile Waydelich, ce \u00ab caveau du futur \u00bb ne sera ouvert que le 23 septembre 3790.<\/b><\/p>\n<p>L\u2019objectif de cette \u0153uvre artistique est clair : <b>laisser une trace tangible de notre \u00e9poque aux habitant(e)s du futur<\/b>. Pas seulement des photos ou des textes jaunis, mais de vrais objets \u00e0 toucher, \u00e0 sentir, \u00e0 manipuler. <\/p>\n<p>Quand on voit \u00e0 quelle vitesse le monde a chang\u00e9 en seulement 30 ans, <strong>on peut imaginer les surprises<\/strong> qui attendront celles et ceux qui ouvriront ce coffre\u2026 en 3790 !\u00a0<\/p>\n<p>                <img width=\"417\" height=\"500\" src=\"https:\/\/www.europesays.com\/fr\/wp-content\/uploads\/2025\/09\/design-sans-titre-20-417x500.png\" class=\"attachment-gallery size-gallery\" alt=\"plaque caveau du futur\" data-full-url=\"https:\/\/pokaa.fr\/wp-content\/uploads\/2025\/08\/26\/design-sans-titre-20-1500x1799.png\" decoding=\"async\" loading=\"lazy\"  \/>            <\/p>\n<p>                <img width=\"375\" height=\"500\" src=\"https:\/\/www.europesays.com\/fr\/wp-content\/uploads\/2025\/09\/image00014-375x500.jpeg\" class=\"attachment-gallery size-gallery\" alt=\"plaque caveau du futur\" data-full-url=\"https:\/\/pokaa.fr\/wp-content\/uploads\/2025\/08\/26\/image00014-1500x2000.jpeg\" decoding=\"async\" loading=\"lazy\"  \/>            <\/p>\n<p>                    \u00a9 Tiphaine Rabolt \/ Pokaa<\/p>\n<p>Un tr\u00e9sor sous nos pieds<\/p>\n<p>Sous la place du Ch\u00e2teau, <strong>14 tonneaux en plastique bleu herm\u00e9tiques patientent depuis 1995<\/strong>. \u00c0 l\u2019int\u00e9rieur, tout un tas d\u2019objets datant de cette \u00e9poque.<\/p>\n<p>De quoi <strong>manger et trinquer<\/strong> (bretzels, plats gastronomiques sous vide, vins d\u2019Alsace, bi\u00e8res, sodas), de quoi<strong> s\u2019amuser<\/strong> (un disque du chansonnier Roger Siffer, un ballon du Racing Club de Strasbourg), de quoi <strong>r\u00e9fl\u00e9chir<\/strong> (livres saints, documentation historique, Convention europ\u00e9enne des droits de l\u2019homme), et bien s\u00fbr beaucoup d\u2019objets du quotidien, comme un ordinateur, des pr\u00e9servatifs, et m\u00eame des lettres de Strasbourgeois(es).\u00a0<\/p>\n<p>    <img width=\"500\" height=\"600\" src=\"https:\/\/www.europesays.com\/fr\/wp-content\/uploads\/2025\/09\/design-sans-titre-20-1-500x600.png\" class=\"attachment-image-size-M size-image-size-M\" alt=\"plaque caveau du futur\" decoding=\"async\" loading=\"lazy\"  \/>         \u00a9 Tiphaine Rabolt \/ Pokaa <\/p>\n<p><strong>Un portrait \u00e0 la fois s\u00e9rieux et d\u00e9cal\u00e9<\/strong> de la civilisation strasbourgeoise de la fin du XX\u1d49 si\u00e8cle. Si vous \u00eates curieux\/se, vous pouvez visionner <a href=\"https:\/\/www.ina.fr\/ina-eclaire-actu\/video\/stc9509259584\/strasbourg-caveau-memoire-des-alsaciens-raymond-waydelich\" target=\"_blank\" rel=\"noopener\">la vid\u00e9o du jour de l\u2019inauguration<\/a> disponible sur le site web de l\u2019INA.<\/p>\n<p>Pourquoi cette date d\u2019ouverture ?<\/p>\n<p>La date choisie pour l\u2019ouverture du caveau, <strong>le <\/strong><b>23 septembre 3790<\/b>, n\u2019a rien d\u2019un hasard. Elle renvoie directement \u00e0<strong> l\u2019univers de <\/strong><strong>Mutarotnegra<\/strong>, un livre-album de science-fiction publi\u00e9 par Raymond-\u00c9mile Waydelich la m\u00eame ann\u00e9e que l\u2019inauguration de la capsule.<\/p>\n<p>                <img width=\"375\" height=\"500\" src=\"https:\/\/www.europesays.com\/fr\/wp-content\/uploads\/2025\/09\/image00028-375x500.jpeg\" class=\"attachment-gallery size-gallery\" alt=\"Strasbourg vue d\u2019en haut\" data-full-url=\"https:\/\/pokaa.fr\/wp-content\/uploads\/2025\/08\/26\/image00028-1500x2000.jpeg\" decoding=\"async\" loading=\"lazy\"  \/>            <\/p>\n<p>                <img width=\"667\" height=\"500\" src=\"https:\/\/www.europesays.com\/fr\/wp-content\/uploads\/2025\/09\/image00026-667x500.jpeg\" class=\"attachment-gallery size-gallery\" alt=\"Strasbourg vue d\u2019en haut\" data-full-url=\"https:\/\/pokaa.fr\/wp-content\/uploads\/2025\/08\/26\/image00026-1500x1125.jpeg\" decoding=\"async\" loading=\"lazy\"  \/>            <\/p>\n<p>                    \u00a9 Tiphaine Rabolt \/ Pokaa<\/p>\n<p>Titre myst\u00e9rieux ? Pas tant que \u00e7a : lu \u00e0 l\u2019envers, <strong>Mutarotnegra devient Argentoratum<\/strong><strong>, l\u2019ancien nom romain de Strasbourg<\/strong>. <\/p>\n<p>Dans ce r\u00e9cit, <strong>l\u2019action se situe pr\u00e9cis\u00e9ment en 3790<\/strong>, apr\u00e8s une catastrophe qui pousse les survivant(e)s \u00e0 fouiller les traces d\u2019un monde disparu. C\u2019est dans cet esprit que l\u2019artiste a souhait\u00e9 <strong>guider les arch\u00e9ologues du futur en constituant une capsule temporelle<\/strong>.<\/p>\n<blockquote><p>\n        Quand je vois ce que l&rsquo;on peut d\u00e9duire et \u00e9crire \u00e0 partir de trois tessons de poterie antique ou d&rsquo;une seule dent pr\u00e9historique trouv\u00e9e au fond d&rsquo;un trou, je me dis que tout ce que nous savons de notre pass\u00e9, de notre vie, a un jour \u00e9t\u00e9 d\u00e9terr\u00e9. Des grottes de Lascaux aux mus\u00e9es arch\u00e9ologiques, tout vient des trous.     <\/p><\/blockquote>\n<p>            Raymond-\u00c9mile Waydelich<\/p>\n<p>                <img width=\"375\" height=\"500\" src=\"https:\/\/www.europesays.com\/fr\/wp-content\/uploads\/2025\/09\/image00019-375x500.jpeg\" class=\"attachment-gallery size-gallery\" alt=\"place du ch\u00e2teau\" data-full-url=\"https:\/\/pokaa.fr\/wp-content\/uploads\/2025\/08\/26\/image00019-1500x2000.jpeg\" decoding=\"async\" loading=\"lazy\"  \/>            <\/p>\n<p>                <img width=\"375\" height=\"500\" src=\"https:\/\/www.europesays.com\/fr\/wp-content\/uploads\/2025\/09\/image00013-375x500.jpeg\" class=\"attachment-gallery size-gallery\" alt=\"cath\u00e9drale Strasbourg\" data-full-url=\"https:\/\/pokaa.fr\/wp-content\/uploads\/2025\/08\/26\/image00013-1500x2000.jpeg\" decoding=\"async\" loading=\"lazy\"  \/>            <\/p>\n<p>                <img width=\"375\" height=\"500\" src=\"https:\/\/www.europesays.com\/fr\/wp-content\/uploads\/2025\/09\/image00008-375x500.jpeg\" class=\"attachment-gallery size-gallery\" alt=\"plaque caveau du futur\" data-full-url=\"https:\/\/pokaa.fr\/wp-content\/uploads\/2025\/08\/26\/image00008-1500x2000.jpeg\" decoding=\"async\" loading=\"lazy\"  \/>            <\/p>\n<p>                    \u00a9 Tiphaine Rabolt \/ Pokaa<\/p>\n<p><strong>Raymond-\u00c9mile Waydelich est d\u00e9c\u00e9d\u00e9 en ao\u00fbt 2024, mais son empreinte restera grav\u00e9e dans la m\u00e9moire des Alsacien(ne)s, des visiteurs\/ses de passage et m\u00eame des habitant(e)s du futur, gr\u00e2ce \u00e0 ce caveau install\u00e9 au c\u0153ur de la place la plus vivante de Strasbourg.<\/strong><\/p>\n<p><strong>Rendez-vous dans 1764 ans !\u00a0<\/strong><\/p>\n","protected":false},"excerpt":{"rendered":"La prochaine fois que vous traverserez la place du Ch\u00e2teau, baissez les yeux. Il s\u2019y trouve une plaque&hellip;\n","protected":false},"author":2,"featured_media":421656,"comment_status":"","ping_status":"","sticky":false,"template":"","format":"standard","meta":{"footnotes":""},"categories":[2820],"tags":[1111,11,13601,55100,1777,674,1011,27,775,12,55101,25,640],"class_list":{"0":"post-421655","1":"post","2":"type-post","3":"status-publish","4":"format-standard","5":"has-post-thumbnail","7":"category-strasbourg","8":"tag-actu","9":"tag-actualites","10":"tag-cathedrale","11":"tag-caveau-du-futur","12":"tag-eu","13":"tag-europe","14":"tag-fr","15":"tag-france","16":"tag-grand-est","17":"tag-news","18":"tag-raymond-waydelich","19":"tag-republique-francaise","20":"tag-strasbourg"},"share_on_mastodon":{"url":"https:\/\/pubeurope.com\/@fr\/115276929785007420","error":""},"_links":{"self":[{"href":"https:\/\/www.europesays.com\/fr\/wp-json\/wp\/v2\/posts\/421655","targetHints":{"allow":["GET"]}}],"collection":[{"href":"https:\/\/www.europesays.com\/fr\/wp-json\/wp\/v2\/posts"}],"about":[{"href":"https:\/\/www.europesays.com\/fr\/wp-json\/wp\/v2\/types\/post"}],"author":[{"embeddable":true,"href":"https:\/\/www.europesays.com\/fr\/wp-json\/wp\/v2\/users\/2"}],"replies":[{"embeddable":true,"href":"https:\/\/www.europesays.com\/fr\/wp-json\/wp\/v2\/comments?post=421655"}],"version-history":[{"count":0,"href":"https:\/\/www.europesays.com\/fr\/wp-json\/wp\/v2\/posts\/421655\/revisions"}],"wp:featuredmedia":[{"embeddable":true,"href":"https:\/\/www.europesays.com\/fr\/wp-json\/wp\/v2\/media\/421656"}],"wp:attachment":[{"href":"https:\/\/www.europesays.com\/fr\/wp-json\/wp\/v2\/media?parent=421655"}],"wp:term":[{"taxonomy":"category","embeddable":true,"href":"https:\/\/www.europesays.com\/fr\/wp-json\/wp\/v2\/categories?post=421655"},{"taxonomy":"post_tag","embeddable":true,"href":"https:\/\/www.europesays.com\/fr\/wp-json\/wp\/v2\/tags?post=421655"}],"curies":[{"name":"wp","href":"https:\/\/api.w.org\/{rel}","templated":true}]}}