{"id":421657,"date":"2025-09-27T15:18:16","date_gmt":"2025-09-27T15:18:16","guid":{"rendered":"https:\/\/www.europesays.com\/fr\/421657\/"},"modified":"2025-09-27T15:18:16","modified_gmt":"2025-09-27T15:18:16","slug":"en-direct-football-strasbourg-piege-le-dfco-dans-le-premier-quart-dheure","status":"publish","type":"post","link":"https:\/\/www.europesays.com\/fr\/421657\/","title":{"rendered":"En direct Football. Strasbourg pi\u00e8ge le DFCO dans le premier quart d&rsquo;heure"},"content":{"rendered":"<p>&#13;<br \/>\n                                                    En direct&#13;<br \/>\n                        &#13;\n                                            <\/p>\n<p>Victorieux de Montpellier samedi dernier \u00e0 Gaston-G\u00e9rard, le DFCO accueille Strasbourg ce samedi apr\u00e8s-midi pour le compte de la 3e journ\u00e9e de Premi\u00e8re Ligue. Coup d&rsquo;envoi \u00e0 17 heures.<\/p>\n<p>&#13;<br \/>\n              Le Bien Public  &#8211; &#13;<br \/>\n        &#13;<br \/>\n          Aujourd&rsquo;hui \u00e0 16:30&#13;<br \/>\n    &#13;<br \/>\n                  | mis \u00e0 jour aujourd&rsquo;hui \u00e0 17:15&#13;<br \/>\n              &#8211; Temps de lecture : &#13;<br \/>\n  &#13;\n<\/p>\n<p>                        &#13;<br \/>\n    &#13;<br \/>\n    &#13;<br \/>\n    <a href=\"https:\/\/cdn-s-www.bienpublic.com\/images\/940658D2-F39A-46C6-92FA-0B1C19865810\/NW_raw\/photo-vincent-poyer-1758979566.jpg\" title=\"Photo Vincent Poyer\" class=\"chocolat-image GA-tracking\" data-ga_type=\"click\" data-ga_category=\"D\u00e9tail\" data-ga_action=\"zoomer\" data-ga_label=\"aggrandir image\" target=\"_blank\" rel=\"noopener\">&#13;<br \/>\n        <img src=\"https:\/\/www.europesays.com\/fr\/wp-content\/uploads\/2025\/09\/photo-vincent-poyer-1758979566.jpg\"   alt=\"Photo Vincent Poyer\" fetchpriority=\"high\" decoding=\"async\" data-mobile=\"NW_detail_M|1758979566\" data-base=\"NW_detail|1758979566\"\/>&#13;<br \/>\n    <\/a>&#13;<\/p>\n<p>Photo Vincent Poyer<\/p>\n","protected":false},"excerpt":{"rendered":"&#13; En direct&#13; &#13; Victorieux de Montpellier samedi dernier \u00e0 Gaston-G\u00e9rard, le DFCO accueille Strasbourg ce samedi apr\u00e8s-midi&hellip;\n","protected":false},"author":2,"featured_media":421658,"comment_status":"","ping_status":"","sticky":false,"template":"","format":"standard","meta":{"footnotes":""},"categories":[2820],"tags":[1111,11,2931,13715,2930,1777,674,107,63,1011,27,775,12,25,517,640],"class_list":{"0":"post-421657","1":"post","2":"type-post","3":"status-publish","4":"format-standard","5":"has-post-thumbnail","7":"category-strasbourg","8":"tag-actu","9":"tag-actualites","10":"tag-cote-dor","11":"tag-dfco-feminin-dijon-football-cote-dor-feminin","12":"tag-dijon","13":"tag-eu","14":"tag-europe","15":"tag-fil-info","16":"tag-football","17":"tag-fr","18":"tag-france","19":"tag-grand-est","20":"tag-news","21":"tag-republique-francaise","22":"tag-sport","23":"tag-strasbourg"},"share_on_mastodon":{"url":"https:\/\/pubeurope.com\/@fr\/115276932975993638","error":""},"_links":{"self":[{"href":"https:\/\/www.europesays.com\/fr\/wp-json\/wp\/v2\/posts\/421657","targetHints":{"allow":["GET"]}}],"collection":[{"href":"https:\/\/www.europesays.com\/fr\/wp-json\/wp\/v2\/posts"}],"about":[{"href":"https:\/\/www.europesays.com\/fr\/wp-json\/wp\/v2\/types\/post"}],"author":[{"embeddable":true,"href":"https:\/\/www.europesays.com\/fr\/wp-json\/wp\/v2\/users\/2"}],"replies":[{"embeddable":true,"href":"https:\/\/www.europesays.com\/fr\/wp-json\/wp\/v2\/comments?post=421657"}],"version-history":[{"count":0,"href":"https:\/\/www.europesays.com\/fr\/wp-json\/wp\/v2\/posts\/421657\/revisions"}],"wp:featuredmedia":[{"embeddable":true,"href":"https:\/\/www.europesays.com\/fr\/wp-json\/wp\/v2\/media\/421658"}],"wp:attachment":[{"href":"https:\/\/www.europesays.com\/fr\/wp-json\/wp\/v2\/media?parent=421657"}],"wp:term":[{"taxonomy":"category","embeddable":true,"href":"https:\/\/www.europesays.com\/fr\/wp-json\/wp\/v2\/categories?post=421657"},{"taxonomy":"post_tag","embeddable":true,"href":"https:\/\/www.europesays.com\/fr\/wp-json\/wp\/v2\/tags?post=421657"}],"curies":[{"name":"wp","href":"https:\/\/api.w.org\/{rel}","templated":true}]}}