{"id":421661,"date":"2025-09-27T15:20:21","date_gmt":"2025-09-27T15:20:21","guid":{"rendered":"https:\/\/www.europesays.com\/fr\/421661\/"},"modified":"2025-09-27T15:20:21","modified_gmt":"2025-09-27T15:20:21","slug":"niort-prend-le-point-de-bonus-defensif-face-a-logre-nicois-mais-pouvait-esperer-mieux","status":"publish","type":"post","link":"https:\/\/www.europesays.com\/fr\/421661\/","title":{"rendered":"Niort prend le point de bonus d\u00e9fensif face \u00e0 l&rsquo;ogre ni\u00e7ois mais pouvait esp\u00e9rer mieux"},"content":{"rendered":"<p>Nationale\u00a0&#8211; 5e\u00a0journ\u00e9e<\/p>\n<p>Score en direct\u00a0&#8211; Mi-temps : 10-14<\/p>\n<p>Les joueurs du Niort RC affrontent ce samedi 27\u00a0septembre 2025 l\u2019\u00e9quipe de Nice. Descendu la saison pass\u00e9e, le Nissa Rugby a l\u2019intention de retrouver la Pro D2 d\u00e8s cette ann\u00e9e et a proc\u00e9d\u00e9 \u00e0 un impressionnant recrutement. Les Ni\u00e7ois, avant cette cinqui\u00e8me journ\u00e9e de Nationale, \u00e9taient leaders, meilleure attaque et meilleure d\u00e9fense. Ils ont remport\u00e9 trois de leurs quatre premiers matchs (dont deux \u00e0 l\u2019ext\u00e9rieur).<\/p>\n<p>Les Niortais, promus, r\u00e9alisent aussi un bon d\u00e9but de saison avec deux victoires \u00e0 domicile (<a target=\"_self\" href=\"https:\/\/www.lanouvellerepublique.fr\/niort\/ce-match-donne-le-ton-de-la-saison-meme-bouscule-le-niort-rc-signe-une-premiere-victoire-pleine-de-promesses-1755967843\" rel=\"noopener\">Marcq-en-Baroeul<\/a> et <a target=\"_self\" href=\"https:\/\/www.lanouvellerepublique.fr\/niort\/je-ne-m-enflamme-pas-le-niort-rc-impressionne-face-a-albi-1757177881\" rel=\"noopener\">Albi<\/a>) et deux points de bonus d\u00e9fensif d\u00e9croch\u00e9s \u00e0 l\u2019ext\u00e9rieur (Narbonne et Rennes).<\/p>\n<p>Seconde p\u00e9riode<\/p>\n<p>C&rsquo;est fini \u00e0 Espinassou avec quelques empoignades muscl\u00e9es entre joueurs.<\/p>\n<p><strong>71e (16-20) : <\/strong>cette seconde p\u00e9riode se joue au pied, Barraque redonne un peu plus d&rsquo;avance au Nissa Rugby.<\/p>\n<p><strong>67e (16-17) : <\/strong>Niort s&rsquo;installe dans le camp adverse, Fuertes poursuit son 100 % au pied.<\/p>\n<p><strong>63e  (13-17) : <\/strong>sur l&rsquo;engagement, Niort a d\u00fb mal \u00e0 sortir, Barraque en profite pour transformer une p\u00e9nalit\u00e9 \u00e0 25 m plein axe.<\/p>\n<p><strong>60e (13-14) :<\/strong> les deux \u00e9quipes ne l\u00e2chent pas de terrain depuis la reprise. Niort obtient une p\u00e9nalit\u00e9 \u00e0 30 m, Fuertes est toujours impeccable.<\/p>\n<p>C&rsquo;est reparti au stade Espinassou.<\/p>\n<p>Premi\u00e8re p\u00e9riode<\/p>\n<p>C&rsquo;est la pause.<\/p>\n<p><strong>40e+2 (10-14) : <\/strong>Les Niortais obtiennent une p\u00e9nalit\u00e9 face aux poteaux mais pr\u00e9f\u00e8rent jouer \u00e0 la main. Bougerol termine sur la ligne. Fuertes transforme.<\/p>\n<p><strong>38e (3-14) : <\/strong>Nalaga r\u00e9cup\u00e8re le ballon en bout de ligne et file \u00e0 l&rsquo;essai. Barraque transforme.<\/p>\n<p><strong>31e (3-7)\u00a0: <\/strong>sur l\u2019engagement, Nice se met \u00e0 la faute, Fuertes passe la p\u00e9nalit\u00e9 \u00e0 25\u00a0m face aux poteaux.<\/p>\n<p><strong>29e (0-7)\u00a0:<\/strong> le demi de m\u00eal\u00e9e de Nice, Gimbert, joue une balle par-dessus la d\u00e9fense niortaise et file \u00e0 l\u2019essai. Barraque transforme.<\/p>\n<p><strong>20e\u00a0:<\/strong> carton jaune pour Dakuwaga, \u00e0 Nice.<\/p>\n<p>Les joueurs de Nice campent dans le camp du NRC.<\/p>\n<p>Le coup d\u2019envoi est donn\u00e9 par le demi d\u2019ouverture du Niort RC, Anthony Fuertes.<\/p>\n<p>Avant match<\/p>\n<p>14\u00a0h\u00a055\u00a0: les joueurs du Niort RC rentrent dans les vestiaires sous les applaudissements, environ 3.000 personnes sont pr\u00e9sentes.<strong\/><\/p>\n<p><img alt=\"Les joueurs du Niort RC rentrent aux vestiaires par le tunnel.\" loading=\"lazy\" width=\"980\" height=\"573\" decoding=\"async\" data-nimg=\"1\" class=\"img-responsive spinner-show\" style=\"color:transparent;background-size:cover;background-position:50% 50%;background-repeat:no-repeat;background-image:url(&quot;data:image\/svg+xml;charset=utf-8,%3Csvg xmlns='http:\/\/www.w3.org\/2000\/svg' viewBox='0 0 980 573'%3E%3Cfilter id='b' color-interpolation-filters='sRGB'%3E%3CfeGaussianBlur stdDeviation='20'\/%3E%3CfeColorMatrix values='1 0 0 0 0 0 1 0 0 0 0 0 1 0 0 0 0 0 100 -1' result='s'\/%3E%3CfeFlood x='0' y='0' width='100%25' height='100%25'\/%3E%3CfeComposite operator='out' in='s'\/%3E%3CfeComposite in2='SourceGraphic'\/%3E%3CfeGaussianBlur stdDeviation='20'\/%3E%3C\/filter%3E%3Cimage width='100%25' height='100%25' x='0' y='0' preserveAspectRatio='none' style='filter: url(%23b);' href='https:\/\/images.lanouvellerepublique.fr\/image\/upload\/t_88w\/f_auto\/68d7dfd2d3146e30788b4583.jpg'\/%3E%3C\/svg%3E&quot;)\"   src=\"https:\/\/www.europesays.com\/fr\/wp-content\/uploads\/2025\/09\/68d7dfd2d3146e30788b4583.jpg\"\/><\/p>\n<p style=\"background-color:#F2F2F2;padding:5px;margin-top:0px;margin-bottom:10px\">Les joueurs du Niort RC rentrent aux vestiaires par le tunnel.<br \/> \u00a9 (Photo NR, S.M.)<\/p>\n<p>14\u00a0h\u00a030, les partenaires de C\u00e9sar Baudin, replac\u00e9 en troisi\u00e8me ligne pour ce match, ont d\u00e9but\u00e9 leur \u00e9chauffement collectif. Nice est toujours dans les vestiaires.<\/p>\n<p><img alt=\"L\u2019\u00e9chauffement collectif a commenc\u00e9.\" loading=\"lazy\" width=\"980\" height=\"573\" decoding=\"async\" data-nimg=\"1\" class=\"img-responsive spinner-show\" style=\"color:transparent;background-size:cover;background-position:50% 50%;background-repeat:no-repeat;background-image:url(&quot;data:image\/svg+xml;charset=utf-8,%3Csvg xmlns='http:\/\/www.w3.org\/2000\/svg' viewBox='0 0 980 573'%3E%3Cfilter id='b' color-interpolation-filters='sRGB'%3E%3CfeGaussianBlur stdDeviation='20'\/%3E%3CfeColorMatrix values='1 0 0 0 0 0 1 0 0 0 0 0 1 0 0 0 0 0 100 -1' result='s'\/%3E%3CfeFlood x='0' y='0' width='100%25' height='100%25'\/%3E%3CfeComposite operator='out' in='s'\/%3E%3CfeComposite in2='SourceGraphic'\/%3E%3CfeGaussianBlur stdDeviation='20'\/%3E%3C\/filter%3E%3Cimage width='100%25' height='100%25' x='0' y='0' preserveAspectRatio='none' style='filter: url(%23b);' href='https:\/\/images.lanouvellerepublique.fr\/image\/upload\/t_88w\/f_auto\/68d7d96365f471f5488b462d.jpg'\/%3E%3C\/svg%3E&quot;)\"   src=\"https:\/\/www.europesays.com\/fr\/wp-content\/uploads\/2025\/09\/68d7d96365f471f5488b462d.jpg\"\/><\/p>\n<p style=\"background-color:#F2F2F2;padding:5px;margin-top:0px;margin-bottom:10px\">L\u2019\u00e9chauffement collectif a commenc\u00e9.<br \/> \u00a9 (Photo NR, S.M.)<\/p>\n<p>Tous les joueurs sont sur le terrain.<\/p>\n<p><img alt=\"l\u2019\u00e9chauffement est en cours.\" loading=\"lazy\" width=\"980\" height=\"573\" decoding=\"async\" data-nimg=\"1\" class=\"img-responsive spinner-show\" style=\"color:transparent;background-size:cover;background-position:50% 50%;background-repeat:no-repeat;background-image:url(&quot;data:image\/svg+xml;charset=utf-8,%3Csvg xmlns='http:\/\/www.w3.org\/2000\/svg' viewBox='0 0 980 573'%3E%3Cfilter id='b' color-interpolation-filters='sRGB'%3E%3CfeGaussianBlur stdDeviation='20'\/%3E%3CfeColorMatrix values='1 0 0 0 0 0 1 0 0 0 0 0 1 0 0 0 0 0 100 -1' result='s'\/%3E%3CfeFlood x='0' y='0' width='100%25' height='100%25'\/%3E%3CfeComposite operator='out' in='s'\/%3E%3CfeComposite in2='SourceGraphic'\/%3E%3CfeGaussianBlur stdDeviation='20'\/%3E%3C\/filter%3E%3Cimage width='100%25' height='100%25' x='0' y='0' preserveAspectRatio='none' style='filter: url(%23b);' href='https:\/\/images.lanouvellerepublique.fr\/image\/upload\/t_88w\/f_auto\/68d7d66f3044a522318b45b9.jpg'\/%3E%3C\/svg%3E&quot;)\"   src=\"https:\/\/www.europesays.com\/fr\/wp-content\/uploads\/2025\/09\/68d7d66f3044a522318b45b9.jpg\"\/><\/p>\n<p style=\"background-color:#F2F2F2;padding:5px;margin-top:0px;margin-bottom:10px\">l\u2019\u00e9chauffement est en cours.<br \/> \u00a9 (Photo NR, S.M.)<\/p>\n<p>Les finisseurs du Niort RC\u00a0: Gimenez, Erasmus, Himmer, Tixier, Alcacebe, Douglas, Ten Hoever, Roume<\/p>\n<p>14\u00a0h\u00a0: d\u00e9but d\u2019\u00e9chauffement pour les Niortais, Fuertes et Sanchez.<\/p>\n<p><img alt=\"Fuertes et Sanchez sont les premiers sir le terrain.\" loading=\"lazy\" width=\"980\" height=\"573\" decoding=\"async\" data-nimg=\"1\" class=\"img-responsive spinner-show\" style=\"color:transparent;background-size:cover;background-position:50% 50%;background-repeat:no-repeat;background-image:url(&quot;data:image\/svg+xml;charset=utf-8,%3Csvg xmlns='http:\/\/www.w3.org\/2000\/svg' viewBox='0 0 980 573'%3E%3Cfilter id='b' color-interpolation-filters='sRGB'%3E%3CfeGaussianBlur stdDeviation='20'\/%3E%3CfeColorMatrix values='1 0 0 0 0 0 1 0 0 0 0 0 1 0 0 0 0 0 100 -1' result='s'\/%3E%3CfeFlood x='0' y='0' width='100%25' height='100%25'\/%3E%3CfeComposite operator='out' in='s'\/%3E%3CfeComposite in2='SourceGraphic'\/%3E%3CfeGaussianBlur stdDeviation='20'\/%3E%3C\/filter%3E%3Cimage width='100%25' height='100%25' x='0' y='0' preserveAspectRatio='none' style='filter: url(%23b);' href='https:\/\/images.lanouvellerepublique.fr\/image\/upload\/t_88w\/f_auto\/68d7d22c3044a59f218b45a9.jpg'\/%3E%3C\/svg%3E&quot;)\"   src=\"https:\/\/www.europesays.com\/fr\/wp-content\/uploads\/2025\/09\/68d7d22c3044a59f218b45a9.jpg\"\/><\/p>\n<p style=\"background-color:#F2F2F2;padding:5px;margin-top:0px;margin-bottom:10px\">Fuertes et Sanchez sont les premiers sir le terrain.<br \/> \u00a9 (Photo NR, S.M.)<\/p>\n<p>La composition du XV de d\u00e9part de Nice est connue\u00a0: Thompson-Stringer, Leafa, Pupuma\u00a0&#8211; Murday (c), Van Der Merwe\u00a0&#8211; Labadie, Dakuwaqa, Laurans\u00a0&#8211; Gimbert (m), Ortolan (o) &#8211; Duhau, Septar, Barraque, Nalaga\u00a0&#8211; Odiete.<\/p>\n<p><strong>13\u00a0h\u00a030\u00a0: <\/strong>les deux \u00e9quipes sont sur le terrain pour un premier rep\u00e9rage.<\/p>\n<p><img alt=\"Le temps est id\u00e9al.\" loading=\"lazy\" width=\"980\" height=\"573\" decoding=\"async\" data-nimg=\"1\" class=\"img-responsive spinner-show\" style=\"color:transparent;background-size:cover;background-position:50% 50%;background-repeat:no-repeat;background-image:url(&quot;data:image\/svg+xml;charset=utf-8,%3Csvg xmlns='http:\/\/www.w3.org\/2000\/svg' viewBox='0 0 980 573'%3E%3Cfilter id='b' color-interpolation-filters='sRGB'%3E%3CfeGaussianBlur stdDeviation='20'\/%3E%3CfeColorMatrix values='1 0 0 0 0 0 1 0 0 0 0 0 1 0 0 0 0 0 100 -1' result='s'\/%3E%3CfeFlood x='0' y='0' width='100%25' height='100%25'\/%3E%3CfeComposite operator='out' in='s'\/%3E%3CfeComposite in2='SourceGraphic'\/%3E%3CfeGaussianBlur stdDeviation='20'\/%3E%3C\/filter%3E%3Cimage width='100%25' height='100%25' x='0' y='0' preserveAspectRatio='none' style='filter: url(%23b);' href='https:\/\/images.lanouvellerepublique.fr\/image\/upload\/t_88w\/f_auto\/68d7cb1f98d2bf02478b464c.jpg'\/%3E%3C\/svg%3E&quot;)\"   src=\"https:\/\/www.europesays.com\/fr\/wp-content\/uploads\/2025\/09\/68d7cb1f98d2bf02478b464c.jpg\"\/><\/p>\n<p style=\"background-color:#F2F2F2;padding:5px;margin-top:0px;margin-bottom:10px\">Le temps est id\u00e9al.<br \/> \u00a9 (Photo NR, S.M.)<\/p>\n<p><strong>A 10\u00a0h 15<\/strong>, le XV de d\u00e9part du Niort RC est connu\u00a0: Bougerol, Feltrin, Churchward\u00a0&#8211; Van Leeuwen, Le Roux\u00a0&#8211; Baudin (c), Massyn, Yatera\u00a0&#8211; Menzel (m), Fuertes (o) &#8211; Terrasson, Joly, Sanchez, Marsan\u00a0&#8211; Pilet. Finisseurs (parmi)\u00a0: Erasmus, Gimenez, Roume, Candel, Himmer, Ten Hoever, Tixier, Alcacebe, Douglas, March\u00e9, Tutuila Vaea.<\/p>\n<p>A noter que pour la premi\u00e8re fois de la saison, <a target=\"_self\" href=\"https:\/\/www.lanouvellerepublique.fr\/niort\/on-est-monte-en-nationale-pour-ces-matchs-la-cesar-baudin-capitaine-d-un-niort-rc-a-l-epreuve-de-l-ogre-nicois-1758890668\" rel=\"noopener\">le capitaine C\u00e9sar Baudin<\/a> glisse en troisi\u00e8me ligne aile. Jeff Goufan est absent.<\/p>\n","protected":false},"excerpt":{"rendered":"Nationale\u00a0&#8211; 5e\u00a0journ\u00e9e Score en direct\u00a0&#8211; Mi-temps : 10-14 Les joueurs du Niort RC affrontent ce samedi 27\u00a0septembre 2025&hellip;\n","protected":false},"author":2,"featured_media":421662,"comment_status":"","ping_status":"","sticky":false,"template":"","format":"standard","meta":{"footnotes":""},"categories":[2819],"tags":[1392,1111,11,2545,1777,674,1011,27,12,2401,6752,15727,882,25,479,60],"class_list":{"0":"post-421661","1":"post","2":"type-post","3":"status-publish","4":"format-standard","5":"has-post-thumbnail","7":"category-nice","8":"tag-a-la-une-local","9":"tag-actu","10":"tag-actualites","11":"tag-deux-sevres","12":"tag-eu","13":"tag-europe","14":"tag-fr","15":"tag-france","16":"tag-news","17":"tag-nice","18":"tag-niort","19":"tag-niort-rc","20":"tag-provence-alpes-cote-dazur","21":"tag-republique-francaise","22":"tag-rugby","23":"tag-sports"},"share_on_mastodon":{"url":"https:\/\/pubeurope.com\/@fr\/115276941354296976","error":""},"_links":{"self":[{"href":"https:\/\/www.europesays.com\/fr\/wp-json\/wp\/v2\/posts\/421661","targetHints":{"allow":["GET"]}}],"collection":[{"href":"https:\/\/www.europesays.com\/fr\/wp-json\/wp\/v2\/posts"}],"about":[{"href":"https:\/\/www.europesays.com\/fr\/wp-json\/wp\/v2\/types\/post"}],"author":[{"embeddable":true,"href":"https:\/\/www.europesays.com\/fr\/wp-json\/wp\/v2\/users\/2"}],"replies":[{"embeddable":true,"href":"https:\/\/www.europesays.com\/fr\/wp-json\/wp\/v2\/comments?post=421661"}],"version-history":[{"count":0,"href":"https:\/\/www.europesays.com\/fr\/wp-json\/wp\/v2\/posts\/421661\/revisions"}],"wp:featuredmedia":[{"embeddable":true,"href":"https:\/\/www.europesays.com\/fr\/wp-json\/wp\/v2\/media\/421662"}],"wp:attachment":[{"href":"https:\/\/www.europesays.com\/fr\/wp-json\/wp\/v2\/media?parent=421661"}],"wp:term":[{"taxonomy":"category","embeddable":true,"href":"https:\/\/www.europesays.com\/fr\/wp-json\/wp\/v2\/categories?post=421661"},{"taxonomy":"post_tag","embeddable":true,"href":"https:\/\/www.europesays.com\/fr\/wp-json\/wp\/v2\/tags?post=421661"}],"curies":[{"name":"wp","href":"https:\/\/api.w.org\/{rel}","templated":true}]}}