{"id":421663,"date":"2025-09-27T15:21:10","date_gmt":"2025-09-27T15:21:10","guid":{"rendered":"https:\/\/www.europesays.com\/fr\/421663\/"},"modified":"2025-09-27T15:21:10","modified_gmt":"2025-09-27T15:21:10","slug":"ils-publient-un-livre-pour-interpeller-les-prochains-elus-de-leur-commune","status":"publish","type":"post","link":"https:\/\/www.europesays.com\/fr\/421663\/","title":{"rendered":"Ils publient un livre pour interpeller les prochains \u00e9lus de leur commune"},"content":{"rendered":"<p>L\u2019association citoyenne, Lib\u00e9rez nos poubelles en Estuaire et Sillon, en Loire-Atlantique, vient de publier son ouvrage, Poubelles, les raisons de la col\u00e8re. Fruit de dix ann\u00e9es de mobilisation citoyenne, ce livre alerte sur la gestion des d\u00e9chets dans la Communaut\u00e9 de communes Estuaire et Sillon, de la redevance dite incitative aux m\u00e9ga projets interr\u00e9gionaux.<\/p>\n<p>\u00c0 LIRE AUSSI\u00a0: <a href=\"https:\/\/saint-nazaire.maville.com\/actu\/actudet_-la-collecte-des-dechets-vers-le-prive-dans-cette-commune-ca-gronde-au-sein-de-cette-association-_8-6754395_actu.Htm\" rel=\"nofollow noopener\" target=\"_blank\">La collecte des d\u00e9chets vers le priv\u00e9 dans cette commune\u00a0? \u00c7a gronde au sein de cette association<\/a><\/p>\n<p>\u00ab\u00a0Nous leur demandons de prendre des engagements clairs et publics\u00a0\u00bb<\/p>\n<p>Dans ce livre, l\u2019association de Savenay dresse un constat s\u00e9v\u00e8re\u00a0: hausse massive des tarifs, collecte d\u00e9faillante, privatisation du service public. Il comporte \u00e9galement de nombreux t\u00e9moignages de citoyens du territoire\u00a0: \u00a0Jamais ce bilan n\u2019a \u00e9t\u00e9 pr\u00e9sent\u00e9 par une gouvernance opaque qui tient les citoyens \u00e0 l\u2019\u00e9cart\u00a0, s\u2019expriment les r\u00e9dacteurs, Alain Le Roux et Jean-Yves Martin.<\/p>\n<p>\u00c0 l\u2019approche du mandat local 2026-2032, les menaces s\u2019accumulent\u00a0: explosion des co\u00fbts, recul des aides publiques, baisses des contributions des fili\u00e8res de recyclage et mont\u00e9e en puissance des m\u00e9ga projets Uni Tri (Cholet) et Valo\u2019Loire (Nantes).<\/p>\n<p>\u00a0Avec la publication de ce livre, nous interpellons directement les candidats et candidates aux \u00e9lections municipales et intercommunales de mars\u00a02026. Nous leur demandons de prendre des engagements clairs et publics d\u00e8s la campagne sur un enjeu d\u00e9cisif pour le territoire\u00a0: la gestion des d\u00e9chets et l\u2019avenir du service public jusqu\u2019en 2032.\u00a0<\/p>\n<p>Cr\u00e9\u00e9e il y a dix ans, l\u2019association, Lib\u00e9rez nos poubelles en Estuaire et Sillon, rassemble des citoyens mobilis\u00e9s pour une gestion transparente, efficace et solidaire des d\u00e9chets.<\/p>\n<p>De format de poche (A5), il est compos\u00e9 de 100\u00a0pages, avec illustrations et annexes. Pr\u00e9face de Claire Lemercier, directrice de recherche au CNRS (Centre national de la recherche scientifique).<\/p>\n<p>En vente \u00e0 la librairie La Bluette \u00e0 Savenay et en maisons de presse. Tarif\u00a0: 10\u00a0\u20ac.<\/p>\n<p>\u00a0<\/p>\n","protected":false},"excerpt":{"rendered":"L\u2019association citoyenne, Lib\u00e9rez nos poubelles en Estuaire et Sillon, en Loire-Atlantique, vient de publier son ouvrage, Poubelles, les&hellip;\n","protected":false},"author":2,"featured_media":421664,"comment_status":"","ping_status":"","sticky":false,"template":"","format":"standard","meta":{"footnotes":"","_share_on_mastodon":"0"},"categories":[2818],"tags":[1111,11,7052,10153,1777,674,1011,27,55102,2003,766,12,2636,29200,44081,25],"class_list":["post-421663","post","type-post","status-publish","format-standard","has-post-thumbnail","category-nantes","tag-actu","tag-actualites","tag-commune","tag-elus","tag-eu","tag-europe","tag-fr","tag-france","tag-interpeller","tag-livre","tag-nantes","tag-news","tag-pays-de-la-loire","tag-prochains","tag-publient","tag-republique-francaise"],"share_on_mastodon":{"url":"https:\/\/pubeurope.com\/@fr\/115276944800673457","error":""},"_links":{"self":[{"href":"https:\/\/www.europesays.com\/fr\/wp-json\/wp\/v2\/posts\/421663","targetHints":{"allow":["GET"]}}],"collection":[{"href":"https:\/\/www.europesays.com\/fr\/wp-json\/wp\/v2\/posts"}],"about":[{"href":"https:\/\/www.europesays.com\/fr\/wp-json\/wp\/v2\/types\/post"}],"author":[{"embeddable":true,"href":"https:\/\/www.europesays.com\/fr\/wp-json\/wp\/v2\/users\/2"}],"replies":[{"embeddable":true,"href":"https:\/\/www.europesays.com\/fr\/wp-json\/wp\/v2\/comments?post=421663"}],"version-history":[{"count":0,"href":"https:\/\/www.europesays.com\/fr\/wp-json\/wp\/v2\/posts\/421663\/revisions"}],"wp:featuredmedia":[{"embeddable":true,"href":"https:\/\/www.europesays.com\/fr\/wp-json\/wp\/v2\/media\/421664"}],"wp:attachment":[{"href":"https:\/\/www.europesays.com\/fr\/wp-json\/wp\/v2\/media?parent=421663"}],"wp:term":[{"taxonomy":"category","embeddable":true,"href":"https:\/\/www.europesays.com\/fr\/wp-json\/wp\/v2\/categories?post=421663"},{"taxonomy":"post_tag","embeddable":true,"href":"https:\/\/www.europesays.com\/fr\/wp-json\/wp\/v2\/tags?post=421663"}],"curies":[{"name":"wp","href":"https:\/\/api.w.org\/{rel}","templated":true}]}}