{"id":421667,"date":"2025-09-27T15:23:10","date_gmt":"2025-09-27T15:23:10","guid":{"rendered":"https:\/\/www.europesays.com\/fr\/421667\/"},"modified":"2025-09-27T15:23:10","modified_gmt":"2025-09-27T15:23:10","slug":"lespace-de-coworking-lesquisse-project-organise-une-journee-portes-ouvertes","status":"publish","type":"post","link":"https:\/\/www.europesays.com\/fr\/421667\/","title":{"rendered":"l\u2019espace de coworking l\u2019Esquisse project organise une journ\u00e9e portes ouvertes"},"content":{"rendered":"<p>Espace de coworking et maison d\u2019art, l\u2019Esquisse project organise jeudi 2\u00a0octobre une journ\u00e9e portes ouvertes avec trois rendez-vous, \u00e0 9\u00a0heures pour le caf\u00e9, \u00e0 12\u00a0h\u00a030 pour le d\u00e9jeuner et \u00e0 18\u00a0h\u00a030 pour l\u2019ap\u00e9ritif. Pendant la journ\u00e9e, ce lieu vivant et hybride proposera de d\u00e9couvrir les m\u00e9tiers des personnes travaillant sur place. Coralie Uha, fondatrice de Veramente, pr\u00e9sentera ainsi la communication. De son c\u00f4t\u00e9, le fondateur de Cities by Jul\u2019M, Julien Andreu Marcuzzi, parlera de l\u2019architecture d\u2019int\u00e9rieur et de l\u2019illustration. Amandine Bourrel Bise, associ\u00e9e d\u2019Arbre de Vie, interviendra au sujet de la r\u00e9orientation des adultes et l\u2019orientation des jeunes \u00e0 partir de 14\u00a0ans, tandis que la business coach Maud Le Meaux, fondatrice de MLM coaching, fera passer aux curieux un test de connaissance de soi pour d\u00e9velopper son leadership.<\/p>\n","protected":false},"excerpt":{"rendered":"Espace de coworking et maison d\u2019art, l\u2019Esquisse project organise jeudi 2\u00a0octobre une journ\u00e9e portes ouvertes avec trois rendez-vous,&hellip;\n","protected":false},"author":2,"featured_media":421668,"comment_status":"","ping_status":"","sticky":false,"template":"","format":"standard","meta":{"footnotes":""},"categories":[2817],"tags":[1111,11,1997,1777,674,1011,27,12,2219,25],"class_list":{"0":"post-421667","1":"post","2":"type-post","3":"status-publish","4":"format-standard","5":"has-post-thumbnail","7":"category-bordeaux","8":"tag-actu","9":"tag-actualites","10":"tag-bordeaux","11":"tag-eu","12":"tag-europe","13":"tag-fr","14":"tag-france","15":"tag-news","16":"tag-nouvelle-aquitaine","17":"tag-republique-francaise"},"share_on_mastodon":{"url":"https:\/\/pubeurope.com\/@fr\/115276952599402846","error":""},"_links":{"self":[{"href":"https:\/\/www.europesays.com\/fr\/wp-json\/wp\/v2\/posts\/421667","targetHints":{"allow":["GET"]}}],"collection":[{"href":"https:\/\/www.europesays.com\/fr\/wp-json\/wp\/v2\/posts"}],"about":[{"href":"https:\/\/www.europesays.com\/fr\/wp-json\/wp\/v2\/types\/post"}],"author":[{"embeddable":true,"href":"https:\/\/www.europesays.com\/fr\/wp-json\/wp\/v2\/users\/2"}],"replies":[{"embeddable":true,"href":"https:\/\/www.europesays.com\/fr\/wp-json\/wp\/v2\/comments?post=421667"}],"version-history":[{"count":0,"href":"https:\/\/www.europesays.com\/fr\/wp-json\/wp\/v2\/posts\/421667\/revisions"}],"wp:featuredmedia":[{"embeddable":true,"href":"https:\/\/www.europesays.com\/fr\/wp-json\/wp\/v2\/media\/421668"}],"wp:attachment":[{"href":"https:\/\/www.europesays.com\/fr\/wp-json\/wp\/v2\/media?parent=421667"}],"wp:term":[{"taxonomy":"category","embeddable":true,"href":"https:\/\/www.europesays.com\/fr\/wp-json\/wp\/v2\/categories?post=421667"},{"taxonomy":"post_tag","embeddable":true,"href":"https:\/\/www.europesays.com\/fr\/wp-json\/wp\/v2\/tags?post=421667"}],"curies":[{"name":"wp","href":"https:\/\/api.w.org\/{rel}","templated":true}]}}