{"id":42167,"date":"2025-04-21T18:58:18","date_gmt":"2025-04-21T18:58:18","guid":{"rendered":"https:\/\/www.europesays.com\/fr\/42167\/"},"modified":"2025-04-21T18:58:18","modified_gmt":"2025-04-21T18:58:18","slug":"icionagit-leau-est-confrontee-a-un-cocktail-de-molecules","status":"publish","type":"post","link":"https:\/\/www.europesays.com\/fr\/42167\/","title":{"rendered":"#IciOnAgit\u00a0!. \u00ab\u00a0L\u2019eau est confront\u00e9e \u00e0 un cocktail de mol\u00e9cules\u00a0\u00bb"},"content":{"rendered":"<blockquote class=\"question\"><p>On sait que l\u2019eau est menac\u00e9e en quantit\u00e9, mais elle l\u2019est aussi en qualit\u00e9. De quoi souffre-t-elle\u00a0?<\/p><\/blockquote>\n<p>L\u2019eau douce repr\u00e9sente moins de 1\u00a0% de l\u2019eau disponible sur terre. Elle subit de grandes pressions au niveau plan\u00e9taire. Ces pressions viennent de trois principaux acteurs\u00a0: l\u2019agriculture, l\u2019industrie et les usages domestiques. Les citoyens sont la clef. Ce sont eux qui ont des besoins agricoles, industriels et domestiques. Sans accuser le citoyen, on peut dire qu\u2019il a un lien avec la pression qui p\u00e8se sur l\u2019eau dans la mesure o\u00f9 ses actions, ses choix ont un impact sur sa qualit\u00e9. Quand on ach\u00e8te un kilo de b\u0153uf, en consid\u00e9rant tout ce qu\u2019il a fallu pour le produire, cela a un impact sur l\u2019eau. Les trois acteurs qui p\u00e8sent sur l\u2019eau d\u00e9versent tous des micros polluants. On va trouver des micropolluants dans tous les produits qu\u2019on utilise, du shampoing, aux intrants chimiques, en passant par les solvants et les d\u00e9tergents. Tous ces micropolluants arrivent donc jusqu\u2019\u00e0 l\u2019eau et elle se trouve confront\u00e9e \u00e0 un cocktail de mol\u00e9cules. Certains micropolluants sont dans l\u2019eau en tr\u00e8s faible concentration. Mais ils peuvent rester dans l\u2019eau longtemps en version chronique. L <a href=\"https:\/\/www.republicain-lorrain.fr\/education\/2024\/02\/21\/ecotoxicologues-les-sentinelles-de-l-environnement-zzfc\" target=\"_blank\" rel=\"noopener\">\u2019un des challenges de l\u2019\u00e9cotoxicologie est d\u2019\u00e9valuer ce que peuvent faire des mol\u00e9cules quand elles sont m\u00e9lang\u00e9es en cocktail, m\u00eame \u00e0 des faibles concentrations et sur des temps longs.<\/a><\/p>\n<blockquote class=\"question\"><p>L\u2019eau est donc pollu\u00e9e, mais elle est vitale. Les politiques publiques sont-elles \u00e0 la hauteur de l\u2019enjeu ?<\/p><\/blockquote>\n<p>Les lois qui prot\u00e8gent l\u2019eau sont nombreuses. Elles ont \u00e9t\u00e9 centralis\u00e9es au niveau europ\u00e9en. Ainsi la directive-cadre sur l\u2019eau prot\u00e8ge la ressource en eau. La loi est donc l\u00e0, mais encore faut-il l\u2019appliquer. Cette directive a \u00e9t\u00e9 mise en place au milieu des ann\u00e9es 2000, avec des reports d\u2019objectifs jusqu\u2019en 2027, et on sait d\u00e9j\u00e0 qu\u2019il va y avoir des nouveaux reports. Quand j\u2019ai commenc\u00e9 mon travail au LIEC j\u2019avais un coll\u00e8gue qui disait quand je suis arriv\u00e9 on parlait phosphates et nitrates et je pars \u00e0 la retraite et on parle encore des phosphates et nitrates. Je peux vous dire la m\u00eame chose. Ce que cela signifie, c\u2019est qu\u2019on ne va pas assez vite. Il y a toujours une balance entre \u00e9conomie et environnement et cette balance se fait le plus souvent au d\u00e9triment de l\u2019environnement.<\/p>\n<blockquote class=\"question\"><p>Qu\u2019attendez-vous de la table ronde \u00e0 laquelle vous participerez\u00a0?<\/p><\/blockquote>\n<p><a href=\"https:\/\/www.estrepublicain.fr\/environnement\/2024\/02\/08\/des-chercheurs-lorrains-analysent-l-impact-des-masques-covid-sur-l-environnement\" target=\"_blank\" rel=\"noopener\">Mes coll\u00e8gues et moi-m\u00eame nous investissons dans des actions de m\u00e9diation scientifique<\/a> car il est n\u00e9cessaire de sensibiliser le grand public, de l\u2019informer. Il faut que les citoyens puissent prendre des d\u00e9cisions en toute conscience. Il ne s\u2019agit surtout pas d\u2019accuser, mais bien de responsabiliser. Les gens s\u2019agacent quand il y a des pesticides dans l\u2019eau du robinet mais ils oublient qu\u2019il y a un lien entre la pr\u00e9sence de ces polluants et nos modes de vie. La science, l\u2019industrie et les vendeurs d\u2019eau ne peuvent pas tout d\u00e9polluer. Ce qui est int\u00e9ressant dans cette table ronde c\u2019est que les invit\u00e9s viennent d\u2019horizons tr\u00e8s diff\u00e9rents. Cette vision du probl\u00e8me est enrichissante.<\/p>\n","protected":false},"excerpt":{"rendered":"On sait que l\u2019eau est menac\u00e9e en quantit\u00e9, mais elle l\u2019est aussi en qualit\u00e9. De quoi souffre-t-elle\u00a0? L\u2019eau&hellip;\n","protected":false},"author":2,"featured_media":42168,"comment_status":"","ping_status":"","sticky":false,"template":"","format":"standard","meta":{"footnotes":""},"categories":[9635],"tags":[1111,11,327,33,436,1777,674,1011,27,775,9588,693,3457,1702,12,1800,5140,3456,25,767,12817],"class_list":{"0":"post-42167","1":"post","2":"type-post","3":"status-publish","4":"format-standard","5":"has-post-thumbnail","7":"category-nancy","8":"tag-actu","9":"tag-actualites","10":"tag-agriculture","11":"tag-economie","12":"tag-environnement","13":"tag-eu","14":"tag-europe","15":"tag-fr","16":"tag-france","17":"tag-grand-est","18":"tag-ici-on-agit","19":"tag-industrie","20":"tag-meurthe-et-moselle","21":"tag-nancy","22":"tag-news","23":"tag-pollution","24":"tag-rechauffement-climatique","25":"tag-region-lorraine","26":"tag-republique-francaise","27":"tag-science-et-technologie","28":"tag-secheresse"},"share_on_mastodon":{"url":"https:\/\/pubeurope.com\/@fr\/114377490810061653","error":""},"_links":{"self":[{"href":"https:\/\/www.europesays.com\/fr\/wp-json\/wp\/v2\/posts\/42167","targetHints":{"allow":["GET"]}}],"collection":[{"href":"https:\/\/www.europesays.com\/fr\/wp-json\/wp\/v2\/posts"}],"about":[{"href":"https:\/\/www.europesays.com\/fr\/wp-json\/wp\/v2\/types\/post"}],"author":[{"embeddable":true,"href":"https:\/\/www.europesays.com\/fr\/wp-json\/wp\/v2\/users\/2"}],"replies":[{"embeddable":true,"href":"https:\/\/www.europesays.com\/fr\/wp-json\/wp\/v2\/comments?post=42167"}],"version-history":[{"count":0,"href":"https:\/\/www.europesays.com\/fr\/wp-json\/wp\/v2\/posts\/42167\/revisions"}],"wp:featuredmedia":[{"embeddable":true,"href":"https:\/\/www.europesays.com\/fr\/wp-json\/wp\/v2\/media\/42168"}],"wp:attachment":[{"href":"https:\/\/www.europesays.com\/fr\/wp-json\/wp\/v2\/media?parent=42167"}],"wp:term":[{"taxonomy":"category","embeddable":true,"href":"https:\/\/www.europesays.com\/fr\/wp-json\/wp\/v2\/categories?post=42167"},{"taxonomy":"post_tag","embeddable":true,"href":"https:\/\/www.europesays.com\/fr\/wp-json\/wp\/v2\/tags?post=42167"}],"curies":[{"name":"wp","href":"https:\/\/api.w.org\/{rel}","templated":true}]}}