{"id":421677,"date":"2025-09-27T15:29:14","date_gmt":"2025-09-27T15:29:14","guid":{"rendered":"https:\/\/www.europesays.com\/fr\/421677\/"},"modified":"2025-09-27T15:29:14","modified_gmt":"2025-09-27T15:29:14","slug":"evacuation-feu-de-cuisine-ce-que-lon-sait","status":"publish","type":"post","link":"https:\/\/www.europesays.com\/fr\/421677\/","title":{"rendered":"\u00e9vacuation, feu de cuisine\u2026 ce que l&rsquo;on sait"},"content":{"rendered":"<p>Un <a href=\"https:\/\/www.laprovence.com\/article\/faits-divers-justice\/1837655284865614\/un-incendie-en-cours-dans-le-quartier-des-crottes-a-marseille\" target=\"_blank\" rel=\"noopener\">incendie <\/a>s&rsquo;est d\u00e9clar\u00e9 ce vendredi 26 septembre vers 23h aux <a href=\"https:\/\/www.laprovence.com\/article\/femina-provence\/2206061202415114\/marseille-le-marche-des-grandes-halles-peine-a-attirer-le-chaland\" target=\"_blank\" rel=\"noopener\">Grandes Halles du Vieux-Port<\/a>, situ\u00e9 au 40 cours Estienne-d&rsquo;Orves \u00e0 Marseille.<\/p>\n<p><img alt=\"Feu \u00e0 Marseille, aux Grandes Halles ce vendredi 26 septembre.\" loading=\"lazy\" decoding=\"async\" data-nimg=\"fill\" class=\" TwicCore_img__i9TC1 undefined  undefined\" style=\"position:absolute;height:100%;width:100%;left:0;top:0;right:0;bottom:0;color:transparent;background-size:cover;background-position:50% 50%;background-repeat:no-repeat;background-image:url(&quot;data:image\/svg+xml;charset=utf-8,%3Csvg xmlns='http:\/\/www.w3.org\/2000\/svg' %3E%3Cfilter id='b' color-interpolation-filters='sRGB'%3E%3CfeGaussianBlur stdDeviation='20'\/%3E%3CfeColorMatrix values='1 0 0 0 0 0 1 0 0 0 0 0 1 0 0 0 0 0 100 -1' result='s'\/%3E%3CfeFlood x='0' y='0' width='100%25' height='100%25'\/%3E%3CfeComposite operator='out' in='s'\/%3E%3CfeComposite in2='SourceGraphic'\/%3E%3CfeGaussianBlur stdDeviation='20'\/%3E%3C\/filter%3E%3Cimage width='100%25' height='100%25' x='0' y='0' preserveAspectRatio='none' style='filter: url(%23b);' href='https:\/\/pictures.laprovence.com\/cdn-cgi\/image\/blur=250\/media\/melody\/2025\/09\/26\/feu-en-cours-a-marseille-aux-grandes-halles-1758922945_1a945a1807d861e945a1807d802a45v_.jpg'\/%3E%3C\/svg%3E&quot;)\"   src=\"https:\/\/www.europesays.com\/fr\/wp-content\/uploads\/2025\/09\/feu-en-cours-a-marseille-aux-grandes-halles-1758922945_1a945a1807d861e945a1807d802a45v_.jpg\"\/>Feu \u00e0 Marseille, aux Grandes Halles ce vendredi 26 septembre. Photo M.B.-O.<\/p>\n<p>Le feu, d&rsquo;origine accidentelle, est parti des cuisines au rez-de-chauss\u00e9e et a provoqu\u00e9 un important d\u00e9gagement de fum\u00e9e noire, nous indiquent les pompiers.<\/p>\n<p><img alt=\"Le feu, d'origine accidentelle, est parti des cuisines au rez-de-chauss\u00e9e des Grandes-Halles.\" loading=\"lazy\" decoding=\"async\" data-nimg=\"fill\" class=\" TwicCore_img__i9TC1 undefined  undefined\" style=\"position:absolute;height:100%;width:100%;left:0;top:0;right:0;bottom:0;color:transparent;background-size:cover;background-position:50% 50%;background-repeat:no-repeat;background-image:url(&quot;data:image\/svg+xml;charset=utf-8,%3Csvg xmlns='http:\/\/www.w3.org\/2000\/svg' %3E%3Cfilter id='b' color-interpolation-filters='sRGB'%3E%3CfeGaussianBlur stdDeviation='20'\/%3E%3CfeColorMatrix values='1 0 0 0 0 0 1 0 0 0 0 0 1 0 0 0 0 0 100 -1' result='s'\/%3E%3CfeFlood x='0' y='0' width='100%25' height='100%25'\/%3E%3CfeComposite operator='out' in='s'\/%3E%3CfeComposite in2='SourceGraphic'\/%3E%3CfeGaussianBlur stdDeviation='20'\/%3E%3C\/filter%3E%3Cimage width='100%25' height='100%25' x='0' y='0' preserveAspectRatio='none' style='filter: url(%23b);' href='https:\/\/pictures.laprovence.com\/cdn-cgi\/image\/blur=250\/media\/melody\/2025\/09\/27\/le-feu-est-parti-d-une-cuisine-d-un-des-restaurants-des-grandes-halles-1758926013_21cf2a7417d8645cf2a7417d839cf2v_.jpg'\/%3E%3C\/svg%3E&quot;)\"   src=\"https:\/\/www.europesays.com\/fr\/wp-content\/uploads\/2025\/09\/le-feu-est-parti-d-une-cuisine-d-un-des-restaurants-des-grandes-halles-1758926013_21cf2a7417d8645cf2.jpeg\"\/>Le feu, d&rsquo;origine accidentelle, est parti des cuisines au rez-de-chauss\u00e9e des Grandes-Halles. Photo Laurent d&rsquo;Ancona<img alt=\"Les pompiers sont sur place.\" loading=\"lazy\" decoding=\"async\" data-nimg=\"fill\" class=\" TwicCore_img__i9TC1 undefined  undefined\" style=\"position:absolute;height:100%;width:100%;left:0;top:0;right:0;bottom:0;color:transparent;background-size:cover;background-position:50% 50%;background-repeat:no-repeat;background-image:url(&quot;data:image\/svg+xml;charset=utf-8,%3Csvg xmlns='http:\/\/www.w3.org\/2000\/svg' %3E%3Cfilter id='b' color-interpolation-filters='sRGB'%3E%3CfeGaussianBlur stdDeviation='20'\/%3E%3CfeColorMatrix values='1 0 0 0 0 0 1 0 0 0 0 0 1 0 0 0 0 0 100 -1' result='s'\/%3E%3CfeFlood x='0' y='0' width='100%25' height='100%25'\/%3E%3CfeComposite operator='out' in='s'\/%3E%3CfeComposite in2='SourceGraphic'\/%3E%3CfeGaussianBlur stdDeviation='20'\/%3E%3C\/filter%3E%3Cimage width='100%25' height='100%25' x='0' y='0' preserveAspectRatio='none' style='filter: url(%23b);' href='https:\/\/pictures.laprovence.com\/cdn-cgi\/image\/blur=250\/media\/melody\/2025\/09\/27\/les-pompiers-sont-sur-place-1758926013_2dc4132417d86b1d4132417d8e5d41v_.jpg'\/%3E%3C\/svg%3E&quot;)\"   src=\"https:\/\/www.europesays.com\/fr\/wp-content\/uploads\/2025\/09\/les-pompiers-sont-sur-place-1758926013_2dc4132417d86b1d4132417d8e5d41v_.jpg\"\/>Les pompiers sont sur place. Photo Laurent d&rsquo;Ancona<\/p>\n<p>Une <a href=\"https:\/\/www.laprovence.com\/article\/societe\/3781953715945714\/a-bel-ombre-a-marseille-une-evacuation-et-des-questions\" target=\"_blank\" rel=\"noopener\">\u00e9vacuation <\/a>a eu lieu tandis que 20 marins-pompiers et 5 engins \u00e9taient mobilis\u00e9s sur place pour ma\u00eetriser le sinistre.<\/p>\n<p>R\u00e9ouverture dimanche 28 septembre<\/p>\n<p>La direction des Grandes Halles du Vieux-Port vient de r\u00e9agir dans <a href=\"https:\/\/www.instagram.com\/p\/DPG2cUNDN2r\/?igsh=ODNkMW8zdmJjcXN0\" target=\"_blank\" rel=\"noopener\">un communiqu\u00e9 publi\u00e9 sur Instagram<\/a> : \u00ab\u00a0Gr\u00e2ce \u00e0 l&rsquo;intervention rapide et exemplaire des Marins-Pompiers de Marseille, arriv\u00e9s sur place en moins de 7 minutes, le feu a pu \u00eatre ma\u00eetris\u00e9 et contenu [\u2026] nous tenions \u00e0 les remercier chaleureusement pour leur efficacit\u00e9 remarquable.\u00a0\u00bb<\/p>\n<p>\u00ab\u00a0Les op\u00e9rations de d\u00e9contamination sont actuellement en cours, pr\u00e9cise le communiqu\u00e9. La r\u00e9ouverture des Halles aura lieu au plus tard demain matin (dimanche 28 septembre), apr\u00e8s l&rsquo;accord des services comp\u00e9tents.\u00a0\u00bb<\/p>\n<p><img alt=\"\" loading=\"lazy\" width=\"18\" height=\"18\" decoding=\"async\" data-nimg=\"1\" class=\"mx-[8px]\" style=\"color:transparent\" src=\"https:\/\/www.laprovence.com\/_next\/static\/media\/comment.b95dda91.svg\"\/>D\u00e9marrez la conversation<\/p>\n<p class=\"text-[1.8rem] mt-[32px]\">Votre opinion compte pour nous. Rejoignez la communaut\u00e9 laprovence.com en r\u00e9agissant sur l&rsquo;article Incendie aux Grandes Halles Vieux-Port \u00e0 Marseille : \u00e9vacuation, feu de cuisine\u2026 ce que l&rsquo;on sait.<\/p>\n<p><script async src=\"\/\/www.instagram.com\/embed.js\"><\/script><\/p>\n","protected":false},"excerpt":{"rendered":"Un incendie s&rsquo;est d\u00e9clar\u00e9 ce vendredi 26 septembre vers 23h aux Grandes Halles du Vieux-Port, situ\u00e9 au 40&hellip;\n","protected":false},"author":2,"featured_media":421678,"comment_status":"","ping_status":"","sticky":false,"template":"","format":"standard","meta":{"footnotes":""},"categories":[2814],"tags":[17,1111,11,1007,1102,1777,674,5220,274,1011,27,46380,29138,1310,884,12,882,25,1179],"class_list":{"0":"post-421677","1":"post","2":"type-post","3":"status-publish","4":"format-standard","5":"has-post-thumbnail","7":"category-marseille","8":"tag-17","9":"tag-actu","10":"tag-actualites","11":"tag-aux","12":"tag-breakingnews","13":"tag-eu","14":"tag-europe","15":"tag-evacuation","16":"tag-faits-divers-justice","17":"tag-fr","18":"tag-france","19":"tag-grandes","20":"tag-halles","21":"tag-incendie","22":"tag-marseille","23":"tag-news","24":"tag-provence-alpes-cote-dazur","25":"tag-republique-francaise","26":"tag-vieux-port"},"share_on_mastodon":{"url":"https:\/\/pubeurope.com\/@fr\/115276976932759135","error":""},"_links":{"self":[{"href":"https:\/\/www.europesays.com\/fr\/wp-json\/wp\/v2\/posts\/421677","targetHints":{"allow":["GET"]}}],"collection":[{"href":"https:\/\/www.europesays.com\/fr\/wp-json\/wp\/v2\/posts"}],"about":[{"href":"https:\/\/www.europesays.com\/fr\/wp-json\/wp\/v2\/types\/post"}],"author":[{"embeddable":true,"href":"https:\/\/www.europesays.com\/fr\/wp-json\/wp\/v2\/users\/2"}],"replies":[{"embeddable":true,"href":"https:\/\/www.europesays.com\/fr\/wp-json\/wp\/v2\/comments?post=421677"}],"version-history":[{"count":0,"href":"https:\/\/www.europesays.com\/fr\/wp-json\/wp\/v2\/posts\/421677\/revisions"}],"wp:featuredmedia":[{"embeddable":true,"href":"https:\/\/www.europesays.com\/fr\/wp-json\/wp\/v2\/media\/421678"}],"wp:attachment":[{"href":"https:\/\/www.europesays.com\/fr\/wp-json\/wp\/v2\/media?parent=421677"}],"wp:term":[{"taxonomy":"category","embeddable":true,"href":"https:\/\/www.europesays.com\/fr\/wp-json\/wp\/v2\/categories?post=421677"},{"taxonomy":"post_tag","embeddable":true,"href":"https:\/\/www.europesays.com\/fr\/wp-json\/wp\/v2\/tags?post=421677"}],"curies":[{"name":"wp","href":"https:\/\/api.w.org\/{rel}","templated":true}]}}