{"id":421681,"date":"2025-09-27T15:31:11","date_gmt":"2025-09-27T15:31:11","guid":{"rendered":"https:\/\/www.europesays.com\/fr\/421681\/"},"modified":"2025-09-27T15:31:11","modified_gmt":"2025-09-27T15:31:11","slug":"un-policier-recoit-un-coup-de-coude-a-la-machoire","status":"publish","type":"post","link":"https:\/\/www.europesays.com\/fr\/421681\/","title":{"rendered":"un policier re\u00e7oit un coup de coude \u00e0 la m\u00e2choire"},"content":{"rendered":"<p itemprop=\"description\"><strong>Un contr\u00f4le routier a d\u00e9g\u00e9n\u00e9r\u00e9 ce vendredi 26 septembre en fin de matin\u00e9e, rue du Commandant-L\u2019Herminier \u00e0 Villeurbanne.<\/strong><\/p>\n<p>Vers 10h40, un \u00e9quipage de la brigade motocycliste et de s\u00e9curit\u00e9 routi\u00e8re d\u00e9partementale (BMSRD) a intercept\u00e9 un conducteur qui avait refus\u00e9 d\u2019obtemp\u00e9rer quelques instants plus t\u00f4t.<\/p>\n<p>Au moment de son arrestation, l\u2019homme a port\u00e9 un coup de coude \u00e0 la m\u00e2choire d\u2019un fonctionnaire, avant d\u2019\u00eatre rapidement ma\u00eetris\u00e9 et menott\u00e9. Selon le syndicat Alliance, \u00ab\u00a0l\u2019individu a violemment frapp\u00e9 un policier d\u2019un coup de coude \u00e0 la m\u00e2choire avant d\u2019\u00eatre rapidement ma\u00eetris\u00e9 et menott\u00e9.\u00a0\u00bb<\/p>\n<p>Le d\u00e9pistage de stup\u00e9fiants s\u2019est r\u00e9v\u00e9l\u00e9 positif et l\u2019automobiliste, de nationalit\u00e9 alg\u00e9rienne, se trouvait en situation irr\u00e9guli\u00e8re sur le territoire. Le v\u00e9hicule qu\u2019il conduisait est par ailleurs suspect\u00e9 d\u2019\u00eatre vol\u00e9.<\/p>\n<p>Sur ses r\u00e9seaux sociaux, Alliance d\u00e9nonce une nouvelle agression contre les forces de l\u2019ordre et s\u2019interroge : \u00ab\u00a0\u00c0 quand un v\u00e9ritable \u00e9lectrochoc d\u2019autorit\u00e9 ?\u00a0\u00bb. Le syndicat a exprim\u00e9 son \u00ab\u00a0soutien total\u00a0\u00bb aux policiers, \u00ab\u00a0une nouvelle fois confront\u00e9s \u00e0 la violence dans l\u2019exercice de leurs missions.\u00a0\u00bb<\/p>\n","protected":false},"excerpt":{"rendered":"Un contr\u00f4le routier a d\u00e9g\u00e9n\u00e9r\u00e9 ce vendredi 26 septembre en fin de matin\u00e9e, rue du Commandant-L\u2019Herminier \u00e0 Villeurbanne.&hellip;\n","protected":false},"author":2,"featured_media":421682,"comment_status":"","ping_status":"","sticky":false,"template":"","format":"standard","meta":{"footnotes":""},"categories":[1889],"tags":[1111,11,2813,2190,2430,1109,251,1112,2811,1777,674,118,1011,27,1922,1110,1114,2428,2810,12,241,316,25,2812,517,800],"class_list":{"0":"post-421681","1":"post","2":"type-post","3":"status-publish","4":"format-standard","5":"has-post-thumbnail","7":"category-lyon","8":"tag-actu","9":"tag-actualites","10":"tag-article","11":"tag-asvel","12":"tag-auvergne-rhone-alpes","13":"tag-breves","14":"tag-culture","15":"tag-depeches","16":"tag-economique","17":"tag-eu","18":"tag-europe","19":"tag-faits-divers","20":"tag-fr","21":"tag-france","22":"tag-info","23":"tag-informations","24":"tag-infos","25":"tag-lyon","26":"tag-lyonmag","27":"tag-news","28":"tag-ol","29":"tag-politique","30":"tag-republique-francaise","31":"tag-sociale","32":"tag-sport","33":"tag-transports"},"share_on_mastodon":{"url":"https:\/\/pubeurope.com\/@fr\/115276984084104001","error":""},"_links":{"self":[{"href":"https:\/\/www.europesays.com\/fr\/wp-json\/wp\/v2\/posts\/421681","targetHints":{"allow":["GET"]}}],"collection":[{"href":"https:\/\/www.europesays.com\/fr\/wp-json\/wp\/v2\/posts"}],"about":[{"href":"https:\/\/www.europesays.com\/fr\/wp-json\/wp\/v2\/types\/post"}],"author":[{"embeddable":true,"href":"https:\/\/www.europesays.com\/fr\/wp-json\/wp\/v2\/users\/2"}],"replies":[{"embeddable":true,"href":"https:\/\/www.europesays.com\/fr\/wp-json\/wp\/v2\/comments?post=421681"}],"version-history":[{"count":0,"href":"https:\/\/www.europesays.com\/fr\/wp-json\/wp\/v2\/posts\/421681\/revisions"}],"wp:featuredmedia":[{"embeddable":true,"href":"https:\/\/www.europesays.com\/fr\/wp-json\/wp\/v2\/media\/421682"}],"wp:attachment":[{"href":"https:\/\/www.europesays.com\/fr\/wp-json\/wp\/v2\/media?parent=421681"}],"wp:term":[{"taxonomy":"category","embeddable":true,"href":"https:\/\/www.europesays.com\/fr\/wp-json\/wp\/v2\/categories?post=421681"},{"taxonomy":"post_tag","embeddable":true,"href":"https:\/\/www.europesays.com\/fr\/wp-json\/wp\/v2\/tags?post=421681"}],"curies":[{"name":"wp","href":"https:\/\/api.w.org\/{rel}","templated":true}]}}