{"id":421687,"date":"2025-09-27T15:35:14","date_gmt":"2025-09-27T15:35:14","guid":{"rendered":"https:\/\/www.europesays.com\/fr\/421687\/"},"modified":"2025-09-27T15:35:14","modified_gmt":"2025-09-27T15:35:14","slug":"kiev-accuse-moscou-davoir-coupe-la-centrale-nucleaire-de-zaporijjia-du-reseau-electrique-depuis-quatre-jours-2","status":"publish","type":"post","link":"https:\/\/www.europesays.com\/fr\/421687\/","title":{"rendered":"Kiev accuse Moscou d&rsquo;avoir coup\u00e9 la centrale nucl\u00e9aire de Zaporijjia du r\u00e9seau \u00e9lectrique depuis quatre jours"},"content":{"rendered":"\n<p class=\"c-chapo \">\n  Selon la diplomatie ukrainienne, les troupes qui occupent la centrale depuis 2022 cherchent d\u00e9sormais \u00e0 la raccorder au r\u00e9seau \u00e9lectrique russe pour la faire fonctionner.\n<\/p>\n<p>            lire plus tard<\/p>\n<p id=\"dialog__title\" class=\"dialog__title\">Pour sauvegarder cet article, connectez-vous ou cr\u00e9ez un compte franceinfo<\/p>\n<p class=\"dialog__description\">Sans paiement. Sans abonnement.<\/p>\n<p>        Fermer la fen\u00eatre d\u2019activation des notifications France Info<\/p>\n<p>            cr\u00e9er votre compte<\/p>\n<p>            se connecter<\/p>\n<p>        Fermer la fen\u00eatre de pr\u00e9sentation<\/p>\n<p>    <img loading=\"lazy\" decoding=\"async\" class=\"signature__image lazyload\" width=\"100\" height=\"100\" data- alt=\"\" src=\"https:\/\/www.europesays.com\/fr\/wp-content\/uploads\/2025\/05\/64a68815cd1a7_placeholder-36b69ec8.png\"\/><\/p>\n<p>    Publi\u00e9 le 27\/09\/2025 15:37<\/p>\n<p>      Mis \u00e0 jour le 27\/09\/2025 16:06<\/p>\n<p>        Temps de lecture : 2min<\/p>\n<p>    <img decoding=\"async\"  alt=\"Un v\u00e9hicule de l'arm\u00e9e russe devant la centrale nucl\u00e9aire occup\u00e9e de Zaporijjia  (Ukraine), le 15 juin 2023. (OLGA MALTSEVA \/ AFP)\" width=\"432\" height=\"243\" src=\"https:\/\/www.europesays.com\/fr\/wp-content\/uploads\/2025\/09\/000-33jw29x-68d7e77e424ea134035356.jpg\" fetchpriority=\"high\"\/><\/p>\n<p>      Un v\u00e9hicule de l&rsquo;arm\u00e9e russe devant la centrale nucl\u00e9aire occup\u00e9e de Zaporijjia  (Ukraine), le 15 juin 2023. (OLGA MALTSEVA \/ AFP)<\/p>\n<p>L&rsquo;Ukraine a accus\u00e9 la Russie, samedi 27 septembre, d&rsquo;avoir coup\u00e9 la centrale nucl\u00e9aire de Zaporijjia du r\u00e9seau \u00e9lectrique ukrainien, et ce, depuis quatre jours. Kiev estime que Moscou cherche \u00e0 \u00ab\u00a0voler\u00a0\u00bb cette installation strat\u00e9gique en la rattachant au r\u00e9seau sous contr\u00f4le russe, malgr\u00e9 des risques pour sa s\u00e9curit\u00e9. \u00ab\u00a0Nous exhortons toutes les nations pr\u00e9occup\u00e9es par la s\u00fbret\u00e9 et la s\u00e9curit\u00e9 nucl\u00e9aires \u00e0 faire clairement comprendre \u00e0 Moscou que son pari nucl\u00e9aire doit cesser\u00a0\u00bb, a d\u00e9clar\u00e9 le chef de la diplomatie ukrainienne, Andri\u00ef Sybiga, dans un message <a href=\"https:\/\/x.com\/andrii_sybiha\/status\/1971902317156094219\" target=\"_blank\" rel=\"noopener nofollow\">sur son compte X<\/a>.<\/p>\n<p>Conquise par les troupes russes en mars 2022, au d\u00e9but de l&rsquo;invasion \u00e0 grande \u00e9chelle de l&rsquo;Ukraine, la centrale, situ\u00e9e \u00e0 Energodar, dans la r\u00e9gion de Zaporijjia (sud), est la plus grande d&rsquo;Europe. Ses six r\u00e9acteurs sont \u00e0 l&rsquo;arr\u00eat, mais elle a besoin d&rsquo;une alimentation \u00e9lectrique ext\u00e9rieure pour continuer \u00e0 les refroidir.\u00a0<\/p>\n<p>Le 23 septembre, la compagnie nationale ukrainienne Energoatom avait lanc\u00e9 l&rsquo;alerte <a href=\"https:\/\/t.me\/energoatom_ua\/23779\" target=\"_blank\" rel=\"noopener nofollow\">sur Telegram<\/a> concernant des dommages subis par l&rsquo;installation. \u00ab\u00a0A la suite d&rsquo;une nouvelle provocation des forces militaires russes, la ligne \u00e9lectrique alimentant la centrale nucl\u00e9aire de Zaporijjia depuis le r\u00e9seau \u00e9lectrique ukrainien a \u00e9t\u00e9 endommag\u00e9e\u00a0\u00bb, signalait l&rsquo;entreprise, \u00e9voquant la mise en danger \u00ab\u00a0de millions de personnes sur le continent\u00a0\u00bb.<\/p>\n<p>Selon Energoatom, l&rsquo;arm\u00e9e russe d\u00e9tourne les g\u00e9n\u00e9rateurs diesel de secours de leur usage le temps de r\u00e9cup\u00e9rer le contr\u00f4le de la centrale en la raccordant \u00e0 un autre r\u00e9seau. Or, ces derniers \u00ab\u00a0ne peuvent pas assurer les besoins de la centrale sur une p\u00e9riode prolong\u00e9e\u00a0\u00bb, souligne la compagnie, ce qui fait courir un risque de \u00ab\u00a0perte de contr\u00f4le de la s\u00fbret\u00e9 nucl\u00e9aire de l&rsquo;installation\u00a0\u00bb.<\/p>\n","protected":false},"excerpt":{"rendered":"Selon la diplomatie ukrainienne, les troupes qui occupent la centrale depuis 2022 cherchent d\u00e9sormais \u00e0 la raccorder au&hellip;\n","protected":false},"author":2,"featured_media":421688,"comment_status":"","ping_status":"","sticky":false,"template":"","format":"standard","meta":{"footnotes":""},"categories":[1888],"tags":[1111,1928,11,1927,1777,674,1011,27,12,1926,626,1925,25],"class_list":{"0":"post-421687","1":"post","2":"type-post","3":"status-publish","4":"format-standard","5":"has-post-thumbnail","7":"category-paris","8":"tag-actu","9":"tag-actu-paris","10":"tag-actualites","11":"tag-actualites-paris","12":"tag-eu","13":"tag-europe","14":"tag-fr","15":"tag-france","16":"tag-news","17":"tag-news-paris","18":"tag-paris","19":"tag-paris-news","20":"tag-republique-francaise"},"share_on_mastodon":{"url":"https:\/\/pubeurope.com\/@fr\/115277001161554691","error":""},"_links":{"self":[{"href":"https:\/\/www.europesays.com\/fr\/wp-json\/wp\/v2\/posts\/421687","targetHints":{"allow":["GET"]}}],"collection":[{"href":"https:\/\/www.europesays.com\/fr\/wp-json\/wp\/v2\/posts"}],"about":[{"href":"https:\/\/www.europesays.com\/fr\/wp-json\/wp\/v2\/types\/post"}],"author":[{"embeddable":true,"href":"https:\/\/www.europesays.com\/fr\/wp-json\/wp\/v2\/users\/2"}],"replies":[{"embeddable":true,"href":"https:\/\/www.europesays.com\/fr\/wp-json\/wp\/v2\/comments?post=421687"}],"version-history":[{"count":0,"href":"https:\/\/www.europesays.com\/fr\/wp-json\/wp\/v2\/posts\/421687\/revisions"}],"wp:featuredmedia":[{"embeddable":true,"href":"https:\/\/www.europesays.com\/fr\/wp-json\/wp\/v2\/media\/421688"}],"wp:attachment":[{"href":"https:\/\/www.europesays.com\/fr\/wp-json\/wp\/v2\/media?parent=421687"}],"wp:term":[{"taxonomy":"category","embeddable":true,"href":"https:\/\/www.europesays.com\/fr\/wp-json\/wp\/v2\/categories?post=421687"},{"taxonomy":"post_tag","embeddable":true,"href":"https:\/\/www.europesays.com\/fr\/wp-json\/wp\/v2\/tags?post=421687"}],"curies":[{"name":"wp","href":"https:\/\/api.w.org\/{rel}","templated":true}]}}