{"id":421689,"date":"2025-09-27T15:36:42","date_gmt":"2025-09-27T15:36:42","guid":{"rendered":"https:\/\/www.europesays.com\/fr\/421689\/"},"modified":"2025-09-27T15:36:42","modified_gmt":"2025-09-27T15:36:42","slug":"feminicide-un-homme-de-60-ans-place-en-detention-provisoire-pour-le-meurtre-de-sa-femme-a-paris","status":"publish","type":"post","link":"https:\/\/www.europesays.com\/fr\/421689\/","title":{"rendered":"F\u00e9minicide : un homme de 60 ans plac\u00e9 en d\u00e9tention provisoire pour le meurtre de sa femme \u00e0 Paris"},"content":{"rendered":"<p>C\u2019est une nouvelle victime de <a href=\"https:\/\/www.femmeactuelle.fr\/actu\/news-actu\/feminicide-une-femme-retrouvee-morte-son-conjoint-hospitalise-apres-avoir-tente-de-mettre-fin-a-ses-jours-2192792\" rel=\"nofollow noopener\" target=\"_blank\">f\u00e9minicide<\/a>. Samedi 27 septembre 2024, le parquet de Paris a annonc\u00e9 \u00e0 l\u2019Agence France-Presse qu\u2019<strong>un homme de 60 ans a \u00e9t\u00e9 mis en examen et \u00e9crou\u00e9 pour le meurtre de sa femme<\/strong>, le mercredi 24 septembre, par arme blanche. Les faits ont eu lieu dans le XXe arrondissement de Paris, dans la matin\u00e9e. Ahmed B., un infirmier, avait <strong>\u00ab\u00a0<\/strong><strong>appel\u00e9 la police pour se d\u00e9noncer d&rsquo;avoir tu\u00e9 sa femme\u00a0\u00bb<\/strong>, qui avait elle aussi 60 ans.<\/p>\n<p>Le mis en cause \u00e9tait macul\u00e9 de sang quand il a \u00e9t\u00e9 interpell\u00e9 par les forces de l\u2019ordre dans les parties communes de l\u2019immeuble, a pr\u00e9cis\u00e9 l\u2019agence de presse. La victime, dont l\u2019identit\u00e9 n\u2019a pas \u00e9t\u00e9 d\u00e9voil\u00e9e, \u00e9tait \u00ab\u00a0sans espoir <a href=\"https:\/\/www.femmeactuelle.fr\/actu\/news-actu\/feminicide-une-femme-de-24-ans-demande-laide-de-la-police-et-termine-en-reanimation-2152734\" rel=\"nofollow noopener\" target=\"_blank\">de r\u00e9animation<\/a>\u00a0\u00bb \u00e0 l\u2019arriv\u00e9e des policiers dans le domicile conjugal, a pr\u00e9cis\u00e9 une source polici\u00e8re. <strong>Elle a \u00e9t\u00e9 retrouv\u00e9e \u00e9gorg\u00e9e dans la salle de bain.<\/strong> Des entailles ont \u00e9t\u00e9 observ\u00e9es sur la cuisse droite et sur la poitrine.<\/p>\n<p>Le mis en cause a pass\u00e9 deux jours en garde \u00e0 vue<\/p>\n<p>Apr\u00e8s son interpellation, Ahmed B. a \u00e9t\u00e9 plac\u00e9 en <a href=\"https:\/\/www.femmeactuelle.fr\/actu\/news-actu\/mort-dagathe-hilairet-qui-est-lhomme-en-garde-a-vue-qui-pourrait-bien-etre-le-tueur-de-la-joggeuse-2198280\" rel=\"nofollow noopener\" target=\"_blank\">garde \u00e0 vue<\/a> pendant une dur\u00e9e de deux jours. Il a ensuite \u00e9t\u00e9 mis en examen et plac\u00e9 en d\u00e9tention provisoire le vendredi 26 septembre, conform\u00e9ment aux r\u00e9quisitions du parquet de Paris. Le parquet pr\u00e9cise par ailleurs qu<strong>\u2019il \u00ab\u00a0<\/strong><strong>n&rsquo;a jamais \u00e9t\u00e9 question de schizophr\u00e9nie<\/strong> dans la proc\u00e9dure, ni dans les d\u00e9clarations, ni par avis m\u00e9dical\u00a0\u00bb, contrairement \u00e0 ce qui a pu \u00eatre \u00e9voqu\u00e9 dans certains m\u00e9dias.<\/p>\n<p>Les deux enfants majeurs de la victime ont \u00e9t\u00e9 inform\u00e9s des faits et se sont vu proposer un accompagnement par l\u2019association Paris Aide aux Victimes. Aupr\u00e8s de nos confr\u00e8res du Parisien, le voisinage du couple se souvenait d\u2019une femme solaire et gentille. Selon le d\u00e9compte de l\u2019association Nous Toutes, <strong>115 f\u00e9minicides ont eu lieu en 2025<\/strong>.<\/p>\n<p><strong>Ce qu\u2019il faut retenir :<\/strong><\/p>\n<ul>\n<li>Mercredi 24 septembre 2025, un homme a appel\u00e9 la police et a avou\u00e9 avoir tu\u00e9 sa femme.<\/li>\n<li>Il a \u00e9t\u00e9 interpell\u00e9 par les forces de l\u2019ordre, qui ont trouv\u00e9 son \u00e9pouse \u00e9gorg\u00e9e et poignard\u00e9e dans la salle de bain.<\/li>\n<li>Le vendredi 26 septembre, le suspect a \u00e9t\u00e9 mis en examen et plac\u00e9 en d\u00e9tention provisoire.<\/li>\n<\/ul>\n<p>Sources :<\/p>\n","protected":false},"excerpt":{"rendered":"C\u2019est une nouvelle victime de f\u00e9minicide. Samedi 27 septembre 2024, le parquet de Paris a annonc\u00e9 \u00e0 l\u2019Agence&hellip;\n","protected":false},"author":2,"featured_media":421690,"comment_status":"","ping_status":"","sticky":false,"template":"","format":"standard","meta":{"footnotes":""},"categories":[1888],"tags":[1111,1928,11,1927,1777,674,1011,27,12,1926,626,1925,25],"class_list":{"0":"post-421689","1":"post","2":"type-post","3":"status-publish","4":"format-standard","5":"has-post-thumbnail","7":"category-paris","8":"tag-actu","9":"tag-actu-paris","10":"tag-actualites","11":"tag-actualites-paris","12":"tag-eu","13":"tag-europe","14":"tag-fr","15":"tag-france","16":"tag-news","17":"tag-news-paris","18":"tag-paris","19":"tag-paris-news","20":"tag-republique-francaise"},"share_on_mastodon":{"url":"https:\/\/pubeurope.com\/@fr\/115277003687092720","error":""},"_links":{"self":[{"href":"https:\/\/www.europesays.com\/fr\/wp-json\/wp\/v2\/posts\/421689","targetHints":{"allow":["GET"]}}],"collection":[{"href":"https:\/\/www.europesays.com\/fr\/wp-json\/wp\/v2\/posts"}],"about":[{"href":"https:\/\/www.europesays.com\/fr\/wp-json\/wp\/v2\/types\/post"}],"author":[{"embeddable":true,"href":"https:\/\/www.europesays.com\/fr\/wp-json\/wp\/v2\/users\/2"}],"replies":[{"embeddable":true,"href":"https:\/\/www.europesays.com\/fr\/wp-json\/wp\/v2\/comments?post=421689"}],"version-history":[{"count":0,"href":"https:\/\/www.europesays.com\/fr\/wp-json\/wp\/v2\/posts\/421689\/revisions"}],"wp:featuredmedia":[{"embeddable":true,"href":"https:\/\/www.europesays.com\/fr\/wp-json\/wp\/v2\/media\/421690"}],"wp:attachment":[{"href":"https:\/\/www.europesays.com\/fr\/wp-json\/wp\/v2\/media?parent=421689"}],"wp:term":[{"taxonomy":"category","embeddable":true,"href":"https:\/\/www.europesays.com\/fr\/wp-json\/wp\/v2\/categories?post=421689"},{"taxonomy":"post_tag","embeddable":true,"href":"https:\/\/www.europesays.com\/fr\/wp-json\/wp\/v2\/tags?post=421689"}],"curies":[{"name":"wp","href":"https:\/\/api.w.org\/{rel}","templated":true}]}}