{"id":421691,"date":"2025-09-27T15:38:11","date_gmt":"2025-09-27T15:38:11","guid":{"rendered":"https:\/\/www.europesays.com\/fr\/421691\/"},"modified":"2025-09-27T15:38:11","modified_gmt":"2025-09-27T15:38:11","slug":"radio-intensite-bonneval-conference-notre-dame-de-paris-toute-une-histoire","status":"publish","type":"post","link":"https:\/\/www.europesays.com\/fr\/421691\/","title":{"rendered":"RADIO INTENSITE | BONNEVAL &#8211; Conf\u00e9rence\u00a0: Notre-Dame de Paris, toute une histoire"},"content":{"rendered":"\n<p lang=\"fr-FR\" align=\"JUSTIFY\">Mardi 9 d\u00e9cembre \u00e0 15h00 \u00e0 l&rsquo;Espace Gr\u00e9gory Lemarchal de Bonneval\u00a0: Notre-Dame de Paris, toute une histoire. Conf\u00e9rence par V\u00e9ronique Domagalski, guide conf\u00e9renci\u00e8re. Sur r\u00e9servation.<\/p>\n<p lang=\"fr-FR\" align=\"JUSTIFY\">L&rsquo;incendie de sa charpente en 2019 a \u00e9mu le monde entier Notre-Dame de Paris, vaisseau amarr\u00e9 sur l&rsquo;\u00eele de la Cit\u00e9, repr\u00e9sente toute l&rsquo;histoire de la capitale fran\u00e7aise. Cette conf\u00e9rence nous entrainera dans ses grandes \u00e9tapes, ses heures de gloire mais aussi ses moments difficiles. Source d&rsquo;inspiration pour les artistes et \u00e9crivains, la cath\u00e9drale parisienne vous r\u00e9v\u00e8lera ses petites histoires. Aujourd&rsquo;hui, alors qu&rsquo;elle r\u00e9ouvrait ses portes, il y a juste un an, plongeons-nous dans ce qui a fait sa renomm\u00e9e.<\/p>\n<p lang=\"fr-FR\" align=\"JUSTIFY\">Tarif\u00a0: 8 \u20ac.<\/p>\n<p lang=\"fr-FR\" align=\"JUSTIFY\">Renseignement et r\u00e9servation au 09 63 60 34 33.<\/p>\n<p lang=\"fr-FR\" align=\"JUSTIFY\"><a href=\"http:\/\/www.otdubonnevalais.com\/\" rel=\"nofollow noopener\" target=\"_blank\">www.otdubonnevalais.com<\/a> <\/p>\n","protected":false},"excerpt":{"rendered":"Mardi 9 d\u00e9cembre \u00e0 15h00 \u00e0 l&rsquo;Espace Gr\u00e9gory Lemarchal de Bonneval\u00a0: Notre-Dame de Paris, toute une histoire. Conf\u00e9rence&hellip;\n","protected":false},"author":2,"featured_media":421692,"comment_status":"","ping_status":"","sticky":false,"template":"","format":"standard","meta":{"footnotes":""},"categories":[1888],"tags":[11,4763,20887,20886,4396,10036,340,5738,6961,4150,650,1697,20888,1777,1939,674,3696,1349,20889,19290,8181,1011,27,20883,5590,6653,330,1351,10265,20890,635,2742,12,626,4838,6426,1825,20891,20885,11725,17385,25,20892,20893,20894,20895,20896,14356,3552,16335,20884,853,517,20897,602,20898,20899],"class_list":{"0":"post-421691","1":"post","2":"type-post","3":"status-publish","4":"format-standard","5":"has-post-thumbnail","7":"category-paris","8":"tag-actualites","9":"tag-agenda","10":"tag-agenda-complet","11":"tag-agenda-eure-et-loir","12":"tag-atelier","13":"tag-ateliers","14":"tag-bourse","15":"tag-bourses","16":"tag-brocante","17":"tag-ceremonie","18":"tag-cinema","19":"tag-concert","20":"tag-dons-du-sang","21":"tag-eu","22":"tag-eure-et-loir","23":"tag-europe","24":"tag-evenements","25":"tag-expositions","26":"tag-fetes-foraines","27":"tag-feux-dartifices","28":"tag-foires","29":"tag-fr","30":"tag-france","31":"tag-idees-sorties","32":"tag-intensite","33":"tag-jeune-public","34":"tag-jeux","35":"tag-litterature","36":"tag-loto","37":"tag-lotos","38":"tag-marches","39":"tag-nature","40":"tag-news","41":"tag-paris","42":"tag-peche","43":"tag-petanque","44":"tag-radio","45":"tag-randonnees","46":"tag-region-centre-val-de-loir","47":"tag-religions","48":"tag-repas","49":"tag-republique-francaise","50":"tag-reunions","51":"tag-saison-halloween","52":"tag-saison-noel","53":"tag-saison-telethon","54":"tag-saisons-culturelles","55":"tag-salons","56":"tag-seniors","57":"tag-soirees","58":"tag-sortir-en-eure-et-loir","59":"tag-spectacles","60":"tag-sport","61":"tag-thes-dansants","62":"tag-tourisme","63":"tag-ventes-aux-encheres","64":"tag-visites"},"share_on_mastodon":{"url":"","error":"Validation failed: Text character limit of 500 exceeded"},"_links":{"self":[{"href":"https:\/\/www.europesays.com\/fr\/wp-json\/wp\/v2\/posts\/421691","targetHints":{"allow":["GET"]}}],"collection":[{"href":"https:\/\/www.europesays.com\/fr\/wp-json\/wp\/v2\/posts"}],"about":[{"href":"https:\/\/www.europesays.com\/fr\/wp-json\/wp\/v2\/types\/post"}],"author":[{"embeddable":true,"href":"https:\/\/www.europesays.com\/fr\/wp-json\/wp\/v2\/users\/2"}],"replies":[{"embeddable":true,"href":"https:\/\/www.europesays.com\/fr\/wp-json\/wp\/v2\/comments?post=421691"}],"version-history":[{"count":0,"href":"https:\/\/www.europesays.com\/fr\/wp-json\/wp\/v2\/posts\/421691\/revisions"}],"wp:featuredmedia":[{"embeddable":true,"href":"https:\/\/www.europesays.com\/fr\/wp-json\/wp\/v2\/media\/421692"}],"wp:attachment":[{"href":"https:\/\/www.europesays.com\/fr\/wp-json\/wp\/v2\/media?parent=421691"}],"wp:term":[{"taxonomy":"category","embeddable":true,"href":"https:\/\/www.europesays.com\/fr\/wp-json\/wp\/v2\/categories?post=421691"},{"taxonomy":"post_tag","embeddable":true,"href":"https:\/\/www.europesays.com\/fr\/wp-json\/wp\/v2\/tags?post=421691"}],"curies":[{"name":"wp","href":"https:\/\/api.w.org\/{rel}","templated":true}]}}