{"id":421693,"date":"2025-09-27T15:39:27","date_gmt":"2025-09-27T15:39:27","guid":{"rendered":"https:\/\/www.europesays.com\/fr\/421693\/"},"modified":"2025-09-27T15:39:27","modified_gmt":"2025-09-27T15:39:27","slug":"vegetalisation-rooftops-branches-paris-a-la-conquete-de-ses-toits-terrasses-27-09-2025-a-1457","status":"publish","type":"post","link":"https:\/\/www.europesays.com\/fr\/421693\/","title":{"rendered":"V\u00e9g\u00e9talisation, rooftops branch\u00e9s: Paris \u00e0 la conqu\u00eate de ses toits-terrasses &#8211; 27\/09\/2025 \u00e0 14:57"},"content":{"rendered":"<p>        <img fetchpriority=\"high\" decoding=\"async\" src=\"https:\/\/www.europesays.com\/fr\/wp-content\/uploads\/2025\/09\/1d8ed8b26acc8ea5c398dbb4855d16d6-760x507.jpg\" alt=\"Un potager sur le toit de l'Op\u00e9ra Bastille g\u00e9r\u00e9 par la soci\u00e9t\u00e9 agricole Topager, le 25 septembre 202 \u00e0 Paris\u00a0 ( AFP \/ Thomas SAMSON )\" loading=\"eager\" width=\"760\" height=\"507\" style=\"max-width: 100%!important; height: auto;\"\/><\/p>\n<p class=\"c-image-news__legend\">Un potager sur le toit de l&rsquo;Op\u00e9ra Bastille g\u00e9r\u00e9 par la soci\u00e9t\u00e9 agricole Topager, le 25 septembre 202 \u00e0 Paris\u00a0 ( AFP \/ Thomas SAMSON )<\/p>\n<p>\n Partag\u00e9s, v\u00e9g\u00e9talis\u00e9s, branch\u00e9s: les toits-terrasses parisiens constituent un vivier de potentiels \u00ab\u00a0espaces de vie\u00a0\u00bb encore sous-exploit\u00e9s, qui fait r\u00eaver acteurs concern\u00e9s et politiques, malgr\u00e9 les contraintes techniques et financi\u00e8res qu&rsquo;implique leur am\u00e9nagement.\n<\/p>\n<p>\n L&rsquo;avenir de Paris peut-il s&rsquo;\u00e9crire perch\u00e9 ? Sur les 128.000 toitures recens\u00e9es par l&rsquo;atelier parisien d&rsquo;urbanisme (Apur) en 2022, 18% sont plates, et donc potentiellement exploitables.\n<\/p>\n<p>\n \u00ab\u00a0Il y a certainement une aspiration\u00a0\u00bb nouvelle \u00e0 pr\u00e9voir des toits \u00ab\u00a0accessibles\u00a0\u00bb et \u00ab\u00a0am\u00e9nag\u00e9s\u00a0\u00bb pour les b\u00e2timents neufs comme pour les projets de r\u00e9habilitation, soutient Sophie Rousset-Rouvi\u00e8re, d\u00e9l\u00e9gu\u00e9e g\u00e9n\u00e9rale de l&rsquo;Association professionnelle fran\u00e7aise de la v\u00e9g\u00e9talisation de l\u2019\u00eelot b\u00e2ti et des infrastructures urbaines.\n<\/p>\n<p>\n Son association co-pilote, avec le principal syndicat du secteur de l&rsquo;\u00e9tanch\u00e9it\u00e9, les \u00ab\u00a0Paris Rooftop Days\u00a0\u00bb, \u00e9v\u00e9nement organis\u00e9 jusqu&rsquo;\u00e0 dimanche pour promouvoir l&rsquo;am\u00e9nagement des toits-terrasses de Paris et leurs possibilit\u00e9s en tant qu'\u00a0\u00bbespace de vie\u00a0\u00bb, souligne la professionnelle.\n<\/p>\n<p>\n Parmi les toits mis en valeur, celui de l&rsquo;op\u00e9ra Bastille, exploit\u00e9 depuis 2018 par un projet d&rsquo;agriculture urbaine men\u00e9 par l&rsquo;entreprise Topager.\n<\/p>\n<p>\n En tout, 2.500 m2 de toiture ont \u00e9t\u00e9 mis \u00e0 disposition pour la culture de \u00ab\u00a0tomates, courgettes, courges, pommes, pommes de terre, petits fruits\u00a0\u00bb, liste le mara\u00eecher Arnaud Boudon en arpentant les rang\u00e9es plant\u00e9es sur l&rsquo;un des toits-terrasses du monumental op\u00e9ra parisien.\n<\/p>\n<p>\n Il souligne le potentiel d&rsquo;un tel am\u00e9nagement, isolant pour le toit du b\u00e2timent et favorisant le d\u00e9veloppement d&rsquo;une biodiversit\u00e9.\n<\/p>\n<p> &#8211; 2% des toits parisiens &#8211;<\/p>\n<p>\n L&rsquo;Apur recense 3.500 toitures v\u00e9g\u00e9talis\u00e9es \u00e0 Paris, soit 2% des toits de la capitale ; un chiffre encore trop bas selon Mme Rousset-Rouvi\u00e8re, qui pointe aussi que 8% des b\u00e2timents neufs en France sont v\u00e9g\u00e9talis\u00e9s aujourd&rsquo;hui.\n<\/p>\n<p>\n En cas de r\u00e9habilitation pour des projets de v\u00e9g\u00e9talisation, de mise en place de panneaux photovolta\u00efques ou de s\u00e9curisation pour l&rsquo;acc\u00e8s aux usagers, les travaux impliquent \u00ab\u00a0des contraintes techniques\u00a0\u00bb et \u00ab\u00a0un budget\u00a0\u00bb cons\u00e9quent, souligne-t-elle, d&rsquo;o\u00f9 les efforts des \u00ab\u00a0Paris rooftop days\u00a0\u00bb pour les justifier.\n<\/p>\n<p>        <img decoding=\"async\" src=\"https:\/\/www.europesays.com\/fr\/wp-content\/uploads\/2025\/09\/a4868e7974c37970704a82205fdc9683-760x504.jpg\" alt=\"Un potager sur le toit de l'Op\u00e9ra Bastille g\u00e9r\u00e9 par la soci\u00e9t\u00e9 agricole Topager, le 25 septembre 202 \u00e0 Paris\u00a0 ( AFP \/ Thomas SAMSON )\" loading=\"eager\" width=\"760\" height=\"504\" style=\"max-width: 100%!important; height: auto;\"\/><\/p>\n<p class=\"c-image-news__legend\">Un potager sur le toit de l&rsquo;Op\u00e9ra Bastille g\u00e9r\u00e9 par la soci\u00e9t\u00e9 agricole Topager, le 25 septembre 202 \u00e0 Paris\u00a0 ( AFP \/ Thomas SAMSON )<\/p>\n<p>\n Pour autant, des volont\u00e9s politiques existent pour donner une utilit\u00e9 aux toits-terrasses. Emmanuel Gr\u00e9goire, candidat PS \u00e0 la mairie de Paris, les qualifie de \u00ab\u00a0gisement extraordinaire d&rsquo;espace suppl\u00e9mentaire\u00a0\u00bb.\n<\/p>\n<p>\n Perch\u00e9 sur le toit du coll\u00e8ge Pailleron, dans le 19e arrondissement, il d\u00e9roulait jeudi son \u00ab\u00a0projet d&rsquo;activation des toits\u00a0\u00bb, tandis que derri\u00e8re lui une classe de troisi\u00e8me \u00e9tait occup\u00e9e \u00e0 planter de la m\u00e2che dans le potager.\n<\/p>\n<p>\n Au-del\u00e0 de l&rsquo;agriculture urbaine, pour laquelle des programmes municipaux existent d\u00e9j\u00e0, le candidat envisage un accompagnement des copropri\u00e9t\u00e9s et des b\u00e2timents publics pour am\u00e9nager leurs toitures plates en \u00ab\u00a0espaces de jeux\u00a0\u00bb ou de \u00ab\u00a0pique-nique\u00a0\u00bb par exemple.\n<\/p>\n<p> &#8211; \u00ab\u00a0Droit au ciel\u00a0\u00bb &#8211;<\/p>\n<p>\n Revendiquant un \u00ab\u00a0droit au ciel\u00a0\u00bb pour les citoyens, l&rsquo;actuel conseiller municipal imagine des \u00ab\u00a0lieux de convivialit\u00e9 associatifs, partag\u00e9s et pas privatifs\u00a0\u00bb. \u00ab\u00a0Je crois que tout le monde a compris la magie des rooftops, mais aujourd&rsquo;hui ils sont tr\u00e8s largement privatis\u00e9s.\u00a0\u00bb\n<\/p>\n<p>        <img decoding=\"async\" src=\"https:\/\/www.europesays.com\/fr\/wp-content\/uploads\/2025\/09\/6e85be8c847511d8682eb652c9694b6f-760x507.jpg\" alt=\"Un potager sur le toit de l'Op\u00e9ra Bastille g\u00e9r\u00e9 par la soci\u00e9t\u00e9 agricole Topager, le 25 septembre 202 \u00e0 Paris\u00a0 ( AFP \/ Thomas SAMSON )\" loading=\"eager\" width=\"760\" height=\"507\" style=\"max-width: 100%!important; height: auto;\"\/><\/p>\n<p class=\"c-image-news__legend\">Un potager sur le toit de l&rsquo;Op\u00e9ra Bastille g\u00e9r\u00e9 par la soci\u00e9t\u00e9 agricole Topager, le 25 septembre 202 \u00e0 Paris\u00a0 ( AFP \/ Thomas SAMSON )<\/p>\n<p>\n De fait, la plupart des toits accessibles au public dans la capitale sont pour l&rsquo;instant ceux d&rsquo;h\u00f4tels, bars et restaurants tendance, qui profitent de leur vue imprenable pour justifier des tarifs plus \u00e9lev\u00e9s qu&rsquo;ailleurs.\n<\/p>\n<p>\n Au Mama Shelter, cha\u00eene d&rsquo;h\u00f4tels implant\u00e9e pour la premi\u00e8re fois \u00e0 Paris en 2008, le toit-terrasse rel\u00e8ve d'\u00a0\u00bbune vraie volont\u00e9 d&rsquo;avoir un ext\u00e9rieur, surtout \u00e0 Paris\u00a0\u00bb, juge Lou Salom\u00e9, responsable commerciale de l&rsquo;\u00e9tablissement install\u00e9 dans l&rsquo;Ouest parisien.\n<\/p>\n<p>\n \u00ab\u00a0Ca cartonne parce que c&rsquo;est aujourd&rsquo;hui ce que les gens recherchent. On est toute la journ\u00e9e dans un bureau&#8230; Pouvoir prendre l&rsquo;air, boire un verre, manger, \u00e7a fait tout de suite la diff\u00e9rence\u00a0\u00bb, ajoute-t-elle.\n<\/p>\n<p>\n Une dizaine de rooftops ouvrent chaque ann\u00e9e dans la capitale \u00e0 l&rsquo;approche de l&rsquo;\u00e9t\u00e9, estime Paul Dufour, cr\u00e9ateur de la plateforme \u00e9v\u00e9nementielle<br \/>\n <a href=\"https:\/\/toitoimontoit.fr\/\" rel=\"nofollow noopener noreferrer\" target=\"_blank\"><br \/>\n  Toi toi mon toit<br \/>\n <\/a><br \/>\n .\n<\/p>\n<p>\n A la cr\u00e9ation de son blog en 2015, l&rsquo;entrepreneur avait comptabilis\u00e9 25 rooftops ouverts au public \u00e0 Paris, contre \u00ab\u00a0environ 150\u00a0\u00bb aujourd&rsquo;hui.\n<\/p>\n<p>\n Une explosion en 10 ans qui n&rsquo;a pas \u00e9chapp\u00e9 aux organisateurs des \u00ab\u00a0Paris Rooftop Days\u00a0\u00bb qui assurent vouloir favoriser l&rsquo;acc\u00e8s aux toits \u00ab\u00a0au plus grand nombre\u00a0\u00bb, rel\u00e8ve Sophie Rousset-Rouvi\u00e8re.<\/p>\n","protected":false},"excerpt":{"rendered":"Un potager sur le toit de l&rsquo;Op\u00e9ra Bastille g\u00e9r\u00e9 par la soci\u00e9t\u00e9 agricole Topager, le 25 septembre 202&hellip;\n","protected":false},"author":2,"featured_media":421694,"comment_status":"","ping_status":"","sticky":false,"template":"","format":"standard","meta":{"footnotes":""},"categories":[1888],"tags":[400,11,398,408,405,1777,674,1011,27,403,402,399,404,12,626,25,401,406,407],"class_list":{"0":"post-421693","1":"post","2":"type-post","3":"status-publish","4":"format-standard","5":"has-post-thumbnail","7":"category-paris","8":"tag-action-cac-40","9":"tag-actualites","10":"tag-bourse-de-paris","11":"tag-boursorama","12":"tag-cotations","13":"tag-eu","14":"tag-europe","15":"tag-fr","16":"tag-france","17":"tag-indices-devises","18":"tag-investir","19":"tag-investissement","20":"tag-marche-boursier","21":"tag-news","22":"tag-paris","23":"tag-republique-francaise","24":"tag-sicav","25":"tag-trackers","26":"tag-warrants"},"share_on_mastodon":{"url":"https:\/\/pubeurope.com\/@fr\/115277015726540107","error":""},"_links":{"self":[{"href":"https:\/\/www.europesays.com\/fr\/wp-json\/wp\/v2\/posts\/421693","targetHints":{"allow":["GET"]}}],"collection":[{"href":"https:\/\/www.europesays.com\/fr\/wp-json\/wp\/v2\/posts"}],"about":[{"href":"https:\/\/www.europesays.com\/fr\/wp-json\/wp\/v2\/types\/post"}],"author":[{"embeddable":true,"href":"https:\/\/www.europesays.com\/fr\/wp-json\/wp\/v2\/users\/2"}],"replies":[{"embeddable":true,"href":"https:\/\/www.europesays.com\/fr\/wp-json\/wp\/v2\/comments?post=421693"}],"version-history":[{"count":0,"href":"https:\/\/www.europesays.com\/fr\/wp-json\/wp\/v2\/posts\/421693\/revisions"}],"wp:featuredmedia":[{"embeddable":true,"href":"https:\/\/www.europesays.com\/fr\/wp-json\/wp\/v2\/media\/421694"}],"wp:attachment":[{"href":"https:\/\/www.europesays.com\/fr\/wp-json\/wp\/v2\/media?parent=421693"}],"wp:term":[{"taxonomy":"category","embeddable":true,"href":"https:\/\/www.europesays.com\/fr\/wp-json\/wp\/v2\/categories?post=421693"},{"taxonomy":"post_tag","embeddable":true,"href":"https:\/\/www.europesays.com\/fr\/wp-json\/wp\/v2\/tags?post=421693"}],"curies":[{"name":"wp","href":"https:\/\/api.w.org\/{rel}","templated":true}]}}