{"id":421695,"date":"2025-09-27T15:40:13","date_gmt":"2025-09-27T15:40:13","guid":{"rendered":"https:\/\/www.europesays.com\/fr\/421695\/"},"modified":"2025-09-27T15:40:13","modified_gmt":"2025-09-27T15:40:13","slug":"comment-kim-jong-un-capitalise-sur-les-martyrs-envoye-sur-le-front-russe","status":"publish","type":"post","link":"https:\/\/www.europesays.com\/fr\/421695\/","title":{"rendered":"Comment Kim Jong-un capitalise sur les \u00abmartyrs\u00bb envoy\u00e9 sur le front russe"},"content":{"rendered":"<p>    R\u00e9sum\u00e9 en 20 secondes<\/p>\n<p>        En savoir plus sur ce type de contenu<\/p>\n<p>Ce r\u00e9sum\u00e9 peut avoir \u00e9t\u00e9 \u00e9crit avec l&rsquo;assistance d\u2019une IA g\u00e9n\u00e9rative. <a href=\"https:\/\/www.letemps.ch\/cyber\/l-usage-de-l-ia-generative-par-les-journalistes-du-temps\" target=\"_blank\" rel=\"noopener\">En savoir plus<\/a><\/p>\n<p class=\"article__abstract-call-to-action\" data-ariato=\"TrackableElement\" data-trackable-element-type=\"article_abstract_cta\" data-trackable-element-location=\"article_header\" data-trackable-element-id=\"507197\">\n        <a data-event=\"click-&gt;clicked\" href=\"https:\/\/www.letemps.ch\/abonnements\" target=\"_blank\" rel=\"noopener\">Abonnez-vous<\/a> pour acc\u00e9der au r\u00e9sum\u00e9 en 20 secondes.\n      <\/p>\n<p>D\u00e9but septembre \u00e0 P\u00e9kin deux des dirigeants les plus parano\u00efaques de la plan\u00e8te tombaient dans les bras l\u2019un de l\u2019autre. D\u2019un c\u00f4t\u00e9, le \u00abrespect\u00e9 camarade\u00bb Kim Jong-un qui ne quitte qu\u2019exceptionnellement son pays, si possible en train blind\u00e9. De l\u2019autre, Vladimir Poutine, un pr\u00e9sident qui, depuis la pand\u00e9mie de covid, se tient \u00e0 bonne distance des \u00e9trangers. Les dirigeants nord-cor\u00e9en et russe venaient d\u2019assister \u00e0 la parade militaire de Xi Jinping pour c\u00e9l\u00e9brer le 80e anniversaire de la d\u00e9faite du \u00abfascisme nippon\u00bb.<\/p>\n<p>Au terme de ce d\u00e9fil\u00e9 sur la place Tiananmen, Vladimir Poutine invita Kim Jong-un dans sa limousine Aurus pour le ramener \u00e0 la r\u00e9sidence russe, le plus grand complexe diplomatique de la capitale chinoise, h\u00e9rit\u00e9 de l\u2019\u00e8re sovi\u00e9tique. Au terme d\u2019un entretien de deux heures et demie, selon les m\u00e9dias russes, le pr\u00e9sident russe salua son h\u00f4te en ces termes: \u00abJ\u2019aimerais vous remercier de la part du peuple russe pour notre participation commune \u00e0 la lutte contre le n\u00e9onazisme contemporain\u00bb. Kim Jong-un lui r\u00e9pond: \u00abS\u2019il y a quelque chose que nous pouvons faire pour aider la Russie, nous le ferons certainement, nous consid\u00e9rons cela comme un devoir fraternel\u00bb.<\/p>\n","protected":false},"excerpt":{"rendered":"R\u00e9sum\u00e9 en 20 secondes En savoir plus sur ce type de contenu Ce r\u00e9sum\u00e9 peut avoir \u00e9t\u00e9 \u00e9crit&hellip;\n","protected":false},"author":2,"featured_media":421696,"comment_status":"","ping_status":"","sticky":false,"template":"","format":"standard","meta":{"footnotes":""},"categories":[1591],"tags":[11,13987,1887,12,301,1885,1886,132,220],"class_list":{"0":"post-421695","1":"post","2":"type-post","3":"status-publish","4":"format-standard","5":"has-post-thumbnail","7":"category-russie","8":"tag-actualites","9":"tag-coree-du-nord","10":"tag-federation-de-russie","11":"tag-news","12":"tag-premium","13":"tag-russia","14":"tag-russian-federation","15":"tag-russie","16":"tag-ukraine"},"share_on_mastodon":{"url":"https:\/\/pubeurope.com\/@fr\/115277019485770639","error":""},"_links":{"self":[{"href":"https:\/\/www.europesays.com\/fr\/wp-json\/wp\/v2\/posts\/421695","targetHints":{"allow":["GET"]}}],"collection":[{"href":"https:\/\/www.europesays.com\/fr\/wp-json\/wp\/v2\/posts"}],"about":[{"href":"https:\/\/www.europesays.com\/fr\/wp-json\/wp\/v2\/types\/post"}],"author":[{"embeddable":true,"href":"https:\/\/www.europesays.com\/fr\/wp-json\/wp\/v2\/users\/2"}],"replies":[{"embeddable":true,"href":"https:\/\/www.europesays.com\/fr\/wp-json\/wp\/v2\/comments?post=421695"}],"version-history":[{"count":0,"href":"https:\/\/www.europesays.com\/fr\/wp-json\/wp\/v2\/posts\/421695\/revisions"}],"wp:featuredmedia":[{"embeddable":true,"href":"https:\/\/www.europesays.com\/fr\/wp-json\/wp\/v2\/media\/421696"}],"wp:attachment":[{"href":"https:\/\/www.europesays.com\/fr\/wp-json\/wp\/v2\/media?parent=421695"}],"wp:term":[{"taxonomy":"category","embeddable":true,"href":"https:\/\/www.europesays.com\/fr\/wp-json\/wp\/v2\/categories?post=421695"},{"taxonomy":"post_tag","embeddable":true,"href":"https:\/\/www.europesays.com\/fr\/wp-json\/wp\/v2\/tags?post=421695"}],"curies":[{"name":"wp","href":"https:\/\/api.w.org\/{rel}","templated":true}]}}