{"id":421701,"date":"2025-09-27T15:43:10","date_gmt":"2025-09-27T15:43:10","guid":{"rendered":"https:\/\/www.europesays.com\/fr\/421701\/"},"modified":"2025-09-27T15:43:10","modified_gmt":"2025-09-27T15:43:10","slug":"prince-harry-bientot-de-retour-au-royaume-uni-cest-toujours-meghan-markle-qui-prend-les-decisions","status":"publish","type":"post","link":"https:\/\/www.europesays.com\/fr\/421701\/","title":{"rendered":"Prince Harry bient\u00f4t de retour au Royaume-Uni ? C\u2019est toujours Meghan Markle qui \u00ab\u00a0prend les d\u00e9cisions\u00a0\u00bb !"},"content":{"rendered":"<p class=\"mb-4 text-lg md:leading-8 break-words\">Il y a quelques semaines, le prince Harry est revenu sur ses terres natales et, pour la premi\u00e8re fois depuis de nombreux mois, il s\u2019est entretenu avec le roi Charles III. P\u00e8re et fils se sont vus un peu moins d\u2019une heure \u00e0 Clarence House.<\/p>\n<p class=\"mb-4 text-lg md:leading-8 break-words\">Cependant, le monarque n\u2019a toujours pas revu ses petits-enfants Archie et Lilibet. Alors que certaines rumeurs courent concernant leur retour en Angleterre, il semblerait que Meghan Markle ait toujours le dernier mot concernant les d\u00e9cisions au sein de la famille.<\/p>\n<p>Meghan Markle : cette d\u00e9cision \u00e0 laquelle elle s\u2019oppose concernant ses enfants<\/p>\n<p class=\"mb-4 text-lg md:leading-8 break-words\">En effet, comme on peut le lire dans The Mirror, il se pourrait que le prince Harry fasse actuellement des recherches pour trouver une \u00e9cole britannique dans laquelle scolariser ses enfants. S\u2019il ne s\u2019agit que de rumeurs, cette information agite la toile. Ces bruits de couloirs viennent de la chanteuse Joss Stone, qui a fait part de sa conversation avec le duc de Sussex. Selon elle, il semblait \u00ab vraiment int\u00e9ress\u00e9 par notre retour \u00e0 la maison \u00bb et a parl\u00e9 de \u00ab combien les \u00e9coles sont merveilleuses ici et de l&rsquo;importance de la communaut\u00e9 pour les enfants \u00bb.Alors que tout laissait croire que le fr\u00e8re de William avait inscrit son (&#8230;)<\/p>\n<p>Publicit\u00e9<\/p>\n<p>Publicit\u00e9<\/p>\n<p>Publicit\u00e9<\/p>\n<p>Publicit\u00e9<\/p>\n<p class=\"mb-4 text-lg md:leading-8 break-words\"><a href=\"https:\/\/www.closermag.fr\/royautes\/prince-harry-bientot-de-retour-au-royaume-uni-cest-toujours-meghan-markle-qui-prend-les-decisions-3582923\" rel=\"nofollow noopener\" target=\"_blank\" data-ylk=\"slk:Lire la suite sur Closer;elm:context_link;itc:0;sec:content-canvas\" class=\"link \">Lire la suite sur Closer<\/a><\/p>\n<p class=\"mb-4 text-lg md:leading-8 break-words\"><a href=\"https:\/\/www.closermag.fr\/vecu\/affaire-du-petit-gregory-elle-ne-fait-que-mentir-les-terribles-soupcons-de-la-journaliste-visee-par-christine-villemin-3582957\" rel=\"nofollow noopener\" target=\"_blank\" data-ylk=\"slk:Affaire du petit Gr\u00e9gory : &quot;Elle ne fait que mentir&quot;, les terribles soup\u00e7ons de la journaliste vis\u00e9e par Christine Villemin;elm:context_link;itc:0;sec:content-canvas\" class=\"link \">Affaire du petit Gr\u00e9gory : \u00ab\u00a0Elle ne fait que mentir\u00a0\u00bb, les terribles soup\u00e7ons de la journaliste vis\u00e9e par Christine Villemin<\/a><br \/><a href=\"https:\/\/www.closermag.fr\/politique\/brigitte-macron-accusee-detre-nee-homme-le-couple-presidentiel-se-prepare-revelation-sur-leur-etat-desprit-3582949\" rel=\"nofollow noopener\" target=\"_blank\" data-ylk=\"slk:Brigitte Macron accus\u00e9e d\u2019\u00eatre &quot;n\u00e9e homme&quot; : le couple pr\u00e9sidentiel se pr\u00e9pare, r\u00e9v\u00e9lation sur leur \u00e9tat d\u2019esprit;elm:context_link;itc:0;sec:content-canvas\" class=\"link \">Brigitte Macron accus\u00e9e d\u2019\u00eatre \u00ab\u00a0n\u00e9e homme\u00a0\u00bb : le couple pr\u00e9sidentiel se pr\u00e9pare, r\u00e9v\u00e9lation sur leur \u00e9tat d\u2019esprit<\/a><br \/><a href=\"https:\/\/www.closermag.fr\/people\/mort-de-daniel-balavoine-pendant-10-ans-son-frere-a-ete-incapable-de-pratiquer-cette-activite-3582943\" rel=\"nofollow noopener\" target=\"_blank\" data-ylk=\"slk:Mort de Daniel Balavoine : pendant 10 ans, son fr\u00e8re a \u00e9t\u00e9 incapable de pratiquer cette activit\u00e9;elm:context_link;itc:0;sec:content-canvas\" class=\"link \">Mort de Daniel Balavoine : pendant 10 ans, son fr\u00e8re a \u00e9t\u00e9 incapable de pratiquer cette activit\u00e9<\/a><br \/><a href=\"https:\/\/www.closermag.fr\/politique\/nicolas-sarkozy-condamne-la-fille-de-brigitte-macron-tiphaine-auziere-raconte-les-dessous-de-sa-peine-3582952\" rel=\"nofollow noopener\" target=\"_blank\" data-ylk=\"slk:Nicolas Sarkozy condamn\u00e9 : la fille de Brigitte Macron, Tiphaine Auzi\u00e8re, raconte les dessous de sa peine;elm:context_link;itc:0;sec:content-canvas\" class=\"link \">Nicolas Sarkozy condamn\u00e9 : la fille de Brigitte Macron, Tiphaine Auzi\u00e8re, raconte les dessous de sa peine<\/a><br \/><a href=\"https:\/\/www.closermag.fr\/royautes\/prince-harry-sa-recente-rencontre-avec-son-pere-ne-sest-pas-passee-exactement-comme-il-lavait-prevue-3582938\" rel=\"nofollow noopener\" target=\"_blank\" data-ylk=\"slk:Prince Harry : sa r\u00e9cente rencontre avec son p\u00e8re ne s\u2019est pas pass\u00e9e exactement comme il l\u2019avait pr\u00e9vue;elm:context_link;itc:0;sec:content-canvas\" class=\"link \">Prince Harry : sa r\u00e9cente rencontre avec son p\u00e8re ne s\u2019est pas pass\u00e9e exactement comme il l\u2019avait pr\u00e9vue<\/a><\/p>\n","protected":false},"excerpt":{"rendered":"Il y a quelques semaines, le prince Harry est revenu sur ses terres natales et, pour la premi\u00e8re&hellip;\n","protected":false},"author":2,"featured_media":421702,"comment_status":"","ping_status":"","sticky":false,"template":"","format":"standard","meta":{"footnotes":""},"categories":[1588],"tags":[11,55103,581,52905,1777,674,55104,908,12,267,473,1853,1851,1850,1852],"class_list":{"0":"post-421701","1":"post","2":"type-post","3":"status-publish","4":"format-standard","5":"has-post-thumbnail","7":"category-royaume-uni","8":"tag-actualites","9":"tag-bruits-de-couloirs","10":"tag-charles-iii","11":"tag-clarence-house","12":"tag-eu","13":"tag-europe","14":"tag-joss-stone","15":"tag-meghan-markle","16":"tag-news","17":"tag-prince-harry","18":"tag-royaume-uni","19":"tag-royaume-uni-de-grande-bretagne-et-dirlande-du-nord","20":"tag-uk","21":"tag-united-kingdom","22":"tag-united-kingdom-of-great-britain-and-northern-ireland"},"share_on_mastodon":{"url":"https:\/\/pubeurope.com\/@fr\/115277031302268687","error":""},"_links":{"self":[{"href":"https:\/\/www.europesays.com\/fr\/wp-json\/wp\/v2\/posts\/421701","targetHints":{"allow":["GET"]}}],"collection":[{"href":"https:\/\/www.europesays.com\/fr\/wp-json\/wp\/v2\/posts"}],"about":[{"href":"https:\/\/www.europesays.com\/fr\/wp-json\/wp\/v2\/types\/post"}],"author":[{"embeddable":true,"href":"https:\/\/www.europesays.com\/fr\/wp-json\/wp\/v2\/users\/2"}],"replies":[{"embeddable":true,"href":"https:\/\/www.europesays.com\/fr\/wp-json\/wp\/v2\/comments?post=421701"}],"version-history":[{"count":0,"href":"https:\/\/www.europesays.com\/fr\/wp-json\/wp\/v2\/posts\/421701\/revisions"}],"wp:featuredmedia":[{"embeddable":true,"href":"https:\/\/www.europesays.com\/fr\/wp-json\/wp\/v2\/media\/421702"}],"wp:attachment":[{"href":"https:\/\/www.europesays.com\/fr\/wp-json\/wp\/v2\/media?parent=421701"}],"wp:term":[{"taxonomy":"category","embeddable":true,"href":"https:\/\/www.europesays.com\/fr\/wp-json\/wp\/v2\/categories?post=421701"},{"taxonomy":"post_tag","embeddable":true,"href":"https:\/\/www.europesays.com\/fr\/wp-json\/wp\/v2\/tags?post=421701"}],"curies":[{"name":"wp","href":"https:\/\/api.w.org\/{rel}","templated":true}]}}