{"id":421712,"date":"2025-09-27T15:49:17","date_gmt":"2025-09-27T15:49:17","guid":{"rendered":"https:\/\/www.europesays.com\/fr\/421712\/"},"modified":"2025-09-27T15:49:17","modified_gmt":"2025-09-27T15:49:17","slug":"le-variant-xfg-frankenstein-progresse-en-france-faut-il-sen-inquieter","status":"publish","type":"post","link":"https:\/\/www.europesays.com\/fr\/421712\/","title":{"rendered":"le variant XFG \u00ab\u00a0Frankenstein\u00a0\u00bb progresse en France, faut-il s\u2019en inqui\u00e9ter\u00a0?"},"content":{"rendered":"<p>            Par<br \/>\n        <strong><br \/>\n            <a href=\"https:\/\/actu.fr\/auteur\/redaction-actu\" title=\"Consulter tous les articles de R\u00e9daction Actu\" target=\"_blank\" rel=\"noopener\">R\u00e9daction Actu<\/a><br \/>\n        <\/strong><\/p>\n<p>        Publi\u00e9 le<\/p>\n<p>            27 sept. 2025 \u00e0 17h19<br \/>\n        ; mis \u00e0 jour le 27 sept. 2025 \u00e0 17h47    <\/p>\n<p>Les chiffres le prouvent, avec 32\u2009610 cas entre le 15 et le 21\u00a0septembre 2025, le <a href=\"https:\/\/actu.fr\/tag\/covid\" target=\"_blank\" rel=\"noopener\">Covid-19<\/a> est toujours pr\u00e9sent en France. Et nous sommes dans \u00ab\u2009une nouvelle vague\u2009\u00bb a confirm\u00e9 Antoine Flahault, professeur de sant\u00e9 publique \u00e0 l\u2019universit\u00e9 de Gen\u00e8ve, aupr\u00e8s d\u2019actu.fr.<\/p>\n<p class=\" wall-content\">Comparons avec la semaine qui a pr\u00e9c\u00e9d\u00e9\u2009: c\u2019\u00e9tait 26\u2009053 nouveaux cas. Le nombre de contaminations augmente. Et c\u2019est encore plus visible chez les 15-64\u00a0ans, avec plus de <strong>22\u2009000 nouveaux cas enregistr\u00e9s<\/strong>, contre 14\u2009901 sept jours plus t\u00f4t.<\/p>\n<p>Frankenstein<\/p>\n<p class=\" wall-content\">Cette reprise \u00e9pid\u00e9mique,<strong> on la doit au variant XFG<\/strong>, <a href=\"https:\/\/actu.fr\/societe\/coronavirus\/c-est-une-nouvelle-vague-le-rebond-du-covid-19-confirme-en-france-le-variant-xfg-en-cause_63211142.html\" target=\"_blank\" rel=\"noopener\">aussi nomm\u00e9 Stratus ou Frankenstein.<\/a><\/p>\n<p class=\" wall-content\">Ce variant, un sous-variant d\u2019Omicron, faisait d\u00e9j\u00e0 l\u2019objet d\u2019inqui\u00e9tude en juin dernier quand l\u2019Organisation mondiale de la Sant\u00e9 soulignait son \u00e9mergence et la capacit\u00e9 du variant a esquiv\u00e9 les anticorps.<\/p>\n<blockquote class=\"ac-article-quote wall-content\">\n<p>Les mutations de la prot\u00e9ine spike au niveau des acides amin\u00e9s 478 et 487 favorisent l\u2019\u00e9vitement des anticorps.<\/p>\n<p>    <strong>Organisation mondiale de la Sant\u00e9<\/strong>\n            <\/p><\/blockquote>\n<p class=\" wall-content\">Principale cons\u00e9quence\u2009: <a href=\"https:\/\/actu.fr\/societe\/coronavirus\/recrudescence-du-covid-c-est-quoi-le-variant-frankenstein-particulierement-contagieux_63190419.html\" target=\"_blank\" rel=\"noopener\">le variant XFG<\/a> est particuli\u00e8rement contagieux. Ce qui explique la hausse des cas constat\u00e9e ces derni\u00e8res semaines.<\/p>\n<p class=\" wall-content\">Ce variant est tr\u00e8s actif en Am\u00e9rique du Nord, en Asie et en Europe. Surtout, il est majoritaire sur le Vieux continent puisqu\u2019il repr\u00e9sente plus de 80\u2009% des infections, selon le Centre europ\u00e9en de pr\u00e9vention et de contr\u00f4le des maladies.<\/p>\n<p>Votre r\u00e9gion, votre actu !<\/p>\n<p>Recevez chaque jour les infos qui comptent pour vous.<\/p>\n<p>\t<a href=\"https:\/\/actu.fr\/newsletter\" class=\"ac-btn ac-btn--corner ac-btn--medium ac-btn--blue800\" target=\"_blank\" rel=\"noopener\">S&rsquo;incrire<\/a><br \/>\nQuels sympt\u00f4mes\u2009?<\/p>\n<p class=\" wall-content\">Pour autant, niveau sympt\u00f4mes, pas d\u2019alerte particuli\u00e8re, car Frankenstein ne pr\u00e9sente pas de sp\u00e9cificit\u00e9s.<\/p>\n<blockquote class=\"ac-article-quote wall-content\">\n<p>Cela reste le plus souvent des\u00a0signes infectieux de l\u2019arbre respiratoire sup\u00e9rieur, de la fatigue, des maux de t\u00eates, parfois une perte de go\u00fbt ou d\u2019odorat.<\/p>\n<p>    <strong>Antoine Flahaut<\/strong><br \/>\n        Professeur de sant\u00e9 publique \u00e0 l\u2019universit\u00e9 de Gen\u00e8ve    <\/p><\/blockquote>\n<p class=\" wall-content\">Pendant la semaine du 15 au 21\u00a0septembre 2025, le nombre de passages et hospitalisations aux urgences a augment\u00e9 de 37\u2009% pour les adultes sur sept jours, soit 375 cas suppl\u00e9mentaires. Chez les enfants toutefois, on note une premi\u00e8re semaine de baisse.<\/p>\n<p class=\" wall-content\">N\u00e9anmoins, selon l\u2019OMS, \u00ab\u2009les donn\u00e9es disponibles sur le XFG ne sugg\u00e8rent pas de risques suppl\u00e9mentaires pour la sant\u00e9 publique par rapport aux autres lign\u00e9es descendantes d\u2019Omicron actuellement en circulation\u2009\u00bb.<\/p>\n<p>Bient\u00f4t une nouvelle campagne de vaccination<\/p>\n<p class=\" wall-content\">En France, la campagne de <a href=\"https:\/\/actu.fr\/tag\/vaccination\" target=\"_blank\" rel=\"noopener\">vaccination<\/a> contre le Covid-19 commencera le 14\u00a0octobre prochain jusqu\u2019au 31\u00a0janvier 2026, indique l\u2019Assurance Maladie.<\/p>\n<blockquote class=\"ac-article-quote wall-content\">\n<p>Il est fortement recommand\u00e9 aux personnes \u00e0 risque de d\u00e9velopper des formes graves du Covid-19 d\u2019\u00eatre vaccin\u00e9es, afin d\u2019\u00eatre immunis\u00e9es contre le virus SRAS-CoV-2.<\/p>\n<p>    <strong>Assurance Maladie<\/strong>\n            <\/p><\/blockquote>\n<p class=\" wall-content\">Sur le site <a href=\"https:\/\/www.ameli.fr\/assure\/sante\/themes\/covid-19\/vaccination-contre-le-covid-19\/vaccination-covid19\" target=\"_blank\" rel=\"noopener\">d\u2019Am\u00e9li<\/a>, on retrouve la liste des personnes particuli\u00e8rement concern\u00e9es par la campagne de vaccination.<\/p>\n<p class=\" wall-content\">il est fortement recommand\u00e9 aux personnes les plus \u00e0 risque de forme grave de recevoir une dose annuelle (\u00e0 l\u2019automne) de vaccin contre le Covid-19, notamment aux\u2009:<\/p>\n<ul class=\" wall-content\">\n<li>personnes \u00e2g\u00e9es de 65\u00a0ans et plus\u2009;<\/li>\n<li>personnes atteintes de comorbidit\u00e9s ayant un risque plus \u00e9lev\u00e9 de formes graves de maladie (hypertension art\u00e9rielle compliqu\u00e9e, affections chroniques cardiaques, vasculaires, h\u00e9patiques, r\u00e9nales, pulmonaires, diab\u00e8te, ob\u00e9sit\u00e9, cancers, personnes transplant\u00e9es, personnes atteintes de trisomie 21, de troubles psychiatriques ou de d\u00e9mence)\u2009;<\/li>\n<li>personnes immunod\u00e9prim\u00e9es\u2009;<\/li>\n<li>femmes enceintes, quel que soit leur trimestre de grossesse\u2009;<\/li>\n<li>r\u00e9sidents en \u00e9tablissements d\u2019h\u00e9bergement pour personnes \u00e2g\u00e9es d\u00e9pendantes (EHPAD) et unit\u00e9s de soins de longue dur\u00e9e (USLD)\u2009;<\/li>\n<li>personnes \u00e0 tr\u00e8s haut risque de forme grave selon chaque situation m\u00e9dicale individuelle et dans le cadre d\u2019une d\u00e9cision partag\u00e9e avec les \u00e9quipes soignantes\u2009;<\/li>\n<li>personnes vivant dans l\u2019entourage ou en contacts r\u00e9guliers avec des personnes immunod\u00e9prim\u00e9es ou vuln\u00e9rables, y compris les professionnels des secteurs sanitaire et m\u00e9dicosocial.<\/li>\n<\/ul>\n<p class=\" wall-content\">En attendant, les gestes barri\u00e8re et le port du masque sont toujours efficaces pour limiter la circulation du virus.<\/p>\n<p class=\" wall-content\">Personnalisez votre actualit\u00e9 en ajoutant vos villes et m\u00e9dias en favori avec <a href=\"https:\/\/moncompte.actu.fr\" title=\"D\u00e9couvez Mon Actu\" rel=\"nofollow noopener\" data-trk=\"{&quot;cta&quot;:{&quot;action&quot;:&quot;https:\\\/\\\/moncompte.actu.fr&quot;,&quot;category&quot;:&quot;mon compte&quot;,&quot;from&quot;:&quot;article footer&quot;,&quot;name&quot;:&quot;Mon actu&quot;,&quot;type&quot;:&quot;cta&quot;}}\" target=\"_blank\">Mon Actu<\/a>.<\/p>\n","protected":false},"excerpt":{"rendered":"Par R\u00e9daction Actu Publi\u00e9 le 27 sept. 2025 \u00e0 17h19 ; mis \u00e0 jour le 27 sept. 2025&hellip;\n","protected":false},"author":2,"featured_media":421713,"comment_status":"","ping_status":"","sticky":false,"template":"","format":"standard","meta":{"footnotes":""},"categories":[4],"tags":[11,4356,4379,1011,27,12,27821,25,104],"class_list":{"0":"post-421712","1":"post","2":"type-post","3":"status-publish","4":"format-standard","5":"has-post-thumbnail","7":"category-france","8":"tag-actualites","9":"tag-coronavirus","10":"tag-coronavirus-covid","11":"tag-fr","12":"tag-france","13":"tag-news","14":"tag-omicron","15":"tag-republique-francaise","16":"tag-societe"},"share_on_mastodon":{"url":"https:\/\/pubeurope.com\/@fr\/115277054891810768","error":""},"_links":{"self":[{"href":"https:\/\/www.europesays.com\/fr\/wp-json\/wp\/v2\/posts\/421712","targetHints":{"allow":["GET"]}}],"collection":[{"href":"https:\/\/www.europesays.com\/fr\/wp-json\/wp\/v2\/posts"}],"about":[{"href":"https:\/\/www.europesays.com\/fr\/wp-json\/wp\/v2\/types\/post"}],"author":[{"embeddable":true,"href":"https:\/\/www.europesays.com\/fr\/wp-json\/wp\/v2\/users\/2"}],"replies":[{"embeddable":true,"href":"https:\/\/www.europesays.com\/fr\/wp-json\/wp\/v2\/comments?post=421712"}],"version-history":[{"count":0,"href":"https:\/\/www.europesays.com\/fr\/wp-json\/wp\/v2\/posts\/421712\/revisions"}],"wp:featuredmedia":[{"embeddable":true,"href":"https:\/\/www.europesays.com\/fr\/wp-json\/wp\/v2\/media\/421713"}],"wp:attachment":[{"href":"https:\/\/www.europesays.com\/fr\/wp-json\/wp\/v2\/media?parent=421712"}],"wp:term":[{"taxonomy":"category","embeddable":true,"href":"https:\/\/www.europesays.com\/fr\/wp-json\/wp\/v2\/categories?post=421712"},{"taxonomy":"post_tag","embeddable":true,"href":"https:\/\/www.europesays.com\/fr\/wp-json\/wp\/v2\/tags?post=421712"}],"curies":[{"name":"wp","href":"https:\/\/api.w.org\/{rel}","templated":true}]}}