{"id":421716,"date":"2025-09-27T15:51:14","date_gmt":"2025-09-27T15:51:14","guid":{"rendered":"https:\/\/www.europesays.com\/fr\/421716\/"},"modified":"2025-09-27T15:51:14","modified_gmt":"2025-09-27T15:51:14","slug":"le-tours-volley-ball-avec-heslinga-en-attendant-les-autres-retours-du-mondial","status":"publish","type":"post","link":"https:\/\/www.europesays.com\/fr\/421716\/","title":{"rendered":"le Tours Volley-Ball avec Heslinga en attendant les autres retours du Mondial"},"content":{"rendered":"<p>On n\u2019ira pas jusqu\u2019\u00e0 dire que le Tours Volley-Ball s\u2019est r\u00e9joui des \u00e9liminations successives au Mondial de la Finlande, du Canada, de la Slov\u00e9nie (en huiti\u00e8mes de finale) et des \u00c9tats-Unis (en quarts)&#8230;. <\/p>\n<p>    Cet article a \u00e9t\u00e9 tronqu\u00e9. Abonnez-vous pour lire l&rsquo;article complet sur notre site.<\/p>\n<p> Mais enfin, tout ceci va lui permettre de voir d\u00e9barquer progressivement Suihkonen, Heslinga, Mujanovic et Marshman, soit un tiers de son \u00e9quipe en attendant que les difficult\u00e9s de visa pour Kavogo puissent \u00eatre lev\u00e9es\u2026<\/p>\n<p style=\"margin: 0 !important; padding: 0 !important; font-size: 12px !important;\">Cet article a \u00e9t\u00e9 tronqu\u00e9. Abonnez-vous pour lire l&rsquo;article complet.<\/p>\n<p>    <a href=\"https:\/\/www.lanouvellerepublique.fr\/abonnements\" style=\"display: inline-block; margin-top: 5px !important; padding: 6px 12px !important; background: #cb1c27; color: white; text-decoration: none; border-radius: 4px; font-size: 12px !important;\" target=\"_blank\" rel=\"noopener\"><br \/>\n      S&rsquo;abonner<br \/>\n    <\/a><\/p>\n","protected":false},"excerpt":{"rendered":"On n\u2019ira pas jusqu\u2019\u00e0 dire que le Tours Volley-Ball s\u2019est r\u00e9joui des \u00e9liminations successives au Mondial de la&hellip;\n","protected":false},"author":2,"featured_media":421717,"comment_status":"","ping_status":"","sticky":false,"template":"","format":"standard","meta":{"footnotes":""},"categories":[1417],"tags":[1011,27,1387,1655,60,1390,1471,2767,1470,1469],"class_list":{"0":"post-421716","1":"post","2":"type-post","3":"status-publish","4":"format-standard","5":"has-post-thumbnail","7":"category-volley","8":"tag-fr","9":"tag-france","10":"tag-indre-et-loire","11":"tag-ligue-a","12":"tag-sports","13":"tag-tours","14":"tag-tours-volley-ball","15":"tag-tvb-37","16":"tag-volley","17":"tag-volleyball"},"share_on_mastodon":{"url":"https:\/\/pubeurope.com\/@fr\/115277062705090809","error":""},"_links":{"self":[{"href":"https:\/\/www.europesays.com\/fr\/wp-json\/wp\/v2\/posts\/421716","targetHints":{"allow":["GET"]}}],"collection":[{"href":"https:\/\/www.europesays.com\/fr\/wp-json\/wp\/v2\/posts"}],"about":[{"href":"https:\/\/www.europesays.com\/fr\/wp-json\/wp\/v2\/types\/post"}],"author":[{"embeddable":true,"href":"https:\/\/www.europesays.com\/fr\/wp-json\/wp\/v2\/users\/2"}],"replies":[{"embeddable":true,"href":"https:\/\/www.europesays.com\/fr\/wp-json\/wp\/v2\/comments?post=421716"}],"version-history":[{"count":0,"href":"https:\/\/www.europesays.com\/fr\/wp-json\/wp\/v2\/posts\/421716\/revisions"}],"wp:featuredmedia":[{"embeddable":true,"href":"https:\/\/www.europesays.com\/fr\/wp-json\/wp\/v2\/media\/421717"}],"wp:attachment":[{"href":"https:\/\/www.europesays.com\/fr\/wp-json\/wp\/v2\/media?parent=421716"}],"wp:term":[{"taxonomy":"category","embeddable":true,"href":"https:\/\/www.europesays.com\/fr\/wp-json\/wp\/v2\/categories?post=421716"},{"taxonomy":"post_tag","embeddable":true,"href":"https:\/\/www.europesays.com\/fr\/wp-json\/wp\/v2\/tags?post=421716"}],"curies":[{"name":"wp","href":"https:\/\/api.w.org\/{rel}","templated":true}]}}