{"id":421721,"date":"2025-09-27T15:55:15","date_gmt":"2025-09-27T15:55:15","guid":{"rendered":"https:\/\/www.europesays.com\/fr\/421721\/"},"modified":"2025-09-27T15:55:15","modified_gmt":"2025-09-27T15:55:15","slug":"motogp-japon-j2-joan-mir-honda-q2-s4-revit-jai-besoin-de-me-battre-a-nouveau-contre-des-pilotes-comme-marquez","status":"publish","type":"post","link":"https:\/\/www.europesays.com\/fr\/421721\/","title":{"rendered":"MotoGP, Japon J2, Joan Mir (Honda\/Q2-S4) revit : \u00ab\u00a0J&rsquo;ai besoin de me battre \u00e0 nouveau contre des pilotes comme M\u00e1rquez\u00a0\u00bb"},"content":{"rendered":"<p><strong>De retour aux avant-postes, Joan Mir a savour\u00e9 la course<br \/>\nsprint et son duel face \u00e0 Marc M\u00e1rquez, lui qui \u00e9voluait loin<br \/>\ndepuis deux ans et demi.<\/strong><\/p>\n<p><strong>Joan Mir<\/strong> a cr\u00e9\u00e9 la surprise ce samedi sur le<br \/>\ncircuit de Motegi. <a href=\"https:\/\/www.paddock-gp.com\/motogp-japon-j1-joan-mir-honda-4-sest-rassure-apres-son-absence-du-test-le-soutien-de-honda-est-une-motivation-en-plus\/\" target=\"_blank\" rel=\"noopener nofollow\">D\u00e9j\u00e0 tr\u00e8s en forme hier<\/a>, le<br \/>\npilote Honda avait termin\u00e9 quatri\u00e8me de la journ\u00e9e et avait<br \/>\nd\u00e9croch\u00e9 son ticket d\u2019entr\u00e9e pour la Q2. Transform\u00e9 gr\u00e2ce aux<br \/>\n\u00e9volutions apport\u00e9es par le constructeur, il a survol\u00e9 les<br \/>\nqualifications et est pass\u00e9 \u00e0 92 milli\u00e8mes de lui offrir une pole<br \/>\nposition \u00e0 domicile.<\/p>\n<p>Deuxi\u00e8me sur la grille, il a pris un tr\u00e8s bon d\u00e9part en course<br \/>\nsprint et a maintenu sa place avant que Pedro Acosta ne le double<br \/>\ndans le second tour. Il a ensuite lutt\u00e9 pour maintenir Marc M\u00e1rquez<br \/>\nderri\u00e8re lui, mais ce dernier a fini par le d\u00e9passer \u00e0 cinq tours<br \/>\nde l\u2019arriv\u00e9e.<\/p>\n<p>S\u2019il se retrouve hors du podium, <strong>Joan Mir<\/strong> n\u2019en<br \/>\nest pas moins heureux, lui qui n\u2019a plus \u00e9volu\u00e9 aux avant-postes<br \/>\ndepuis qu\u2019il a rejoint Honda il y a deux ans et demi. \u00catre de<br \/>\nretour parmi le trio de t\u00eate et lutter face aux leaders du<br \/>\nchampionnat lui a apport\u00e9 un \u00e9norme boost de confiance dont il<br \/>\navait besoin, et il souhaite s\u2019en servir pour r\u00e9it\u00e9rer sa<br \/>\nperformance demain.<\/p>\n<p><img loading=\"lazy\" decoding=\"async\" class=\"aligncenter size-full wp-image-1333418\" src=\"https:\/\/www.europesays.com\/fr\/wp-content\/uploads\/2025\/09\/G12OFvpbcAABMOX.jpg\" alt=\"Joan Mir Japon\" width=\"800\" height=\"533\"  \/><\/p>\n<p>\u00ab\u00a0On s\u2019est vraiment battus pour le podium et, bien s\u00fbr<br \/>\nque \u00e7a aurait \u00e9t\u00e9 g\u00e9nial de l\u2019obtenir, mais terminer deuxi\u00e8me en<br \/>\nqualifications et ensuite se battre comme on l\u2019a fait, c\u2019est d\u00e9j\u00e0<br \/>\nune belle r\u00e9compense. Je suis heureux pour moi, pour mon \u00e9quipe,<br \/>\npour tout le monde chez Honda. \u00c7a fait plusieurs ann\u00e9es qu\u2019on<br \/>\ntravaille pour ces r\u00e9sultats. Aujourd\u2019hui on a montr\u00e9 ce qu\u2019on<br \/>\npouvait faire quand tout se passe bien et qu\u2019aucun incident<br \/>\next\u00e9rieur ne se produit. C\u2019est super important pour ma confiance et<br \/>\nj\u2019esp\u00e8re pouvoir refaire \u00e7a demain\u00a0\u00bb, a-t-il d\u00e9clar\u00e9.<\/p>\n<p>Le num\u00e9ro #36 a vu Marc M\u00e1rquez saluer sa performance au<br \/>\nfreinage, et rencontrer des difficult\u00e9s \u00e0 le doubler. Un point<br \/>\naussi important \u00e0 ses yeux. \u00ab\u00a0J\u2019ai toujours \u00e9t\u00e9 un bon<br \/>\nfreineur, depuis que je suis arriv\u00e9 en MotoGP, dans les cat\u00e9gories<br \/>\ninf\u00e9rieures. Parfois, j\u2019ai l\u2019impression qu\u2019apr\u00e8s une mauvaise<br \/>\npassade, j\u2019oublie comment piloter une moto, et parfois, se souvenir<br \/>\nd\u2019o\u00f9 l\u2019on vient est important. C\u2019est le premier duel que j\u2019ai pu<br \/>\navoir avec Marc cette ann\u00e9e. Depuis qu\u2019il est parti chez Ducati, je<br \/>\nn\u2019avais pas pu me battre contre lui, et me battre \u00e0 nouveau contre<br \/>\ndes pilotes comme lui, c\u2019est ce dont j\u2019ai besoin\u00a0\u00bb,<br \/>\na-t-il ajout\u00e9.<\/p>\n<p><strong>R\u00e9sultats de la course sprint du Grand Prix du Japon<br \/>\n2025 :<\/strong><\/p>\n<p><img loading=\"lazy\" decoding=\"async\" class=\"aligncenter size-full wp-image-1333158\" src=\"https:\/\/www.europesays.com\/fr\/wp-content\/uploads\/2025\/09\/Capture-decran-2025-09-27-084445.png\" alt=\"Japon Sprint\" width=\"795\" height=\"574\"  \/><\/p>\n<p>Cr\u00e9dit classement :\u00a0<a href=\"https:\/\/www.motogp.com\/fr\/live+timing\/data-timing\/standing\" target=\"_blank\" rel=\"noopener nofollow\">MotoGP.com<\/a><\/p>\n","protected":false},"excerpt":{"rendered":"De retour aux avant-postes, Joan Mir a savour\u00e9 la course sprint et son duel face \u00e0 Marc M\u00e1rquez,&hellip;\n","protected":false},"author":2,"featured_media":421722,"comment_status":"","ping_status":"","sticky":false,"template":"","format":"standard","meta":{"footnotes":""},"categories":[1413],"tags":[1011,27,1457,1456,60],"class_list":{"0":"post-421721","1":"post","2":"type-post","3":"status-publish","4":"format-standard","5":"has-post-thumbnail","7":"category-moto","8":"tag-fr","9":"tag-france","10":"tag-moto","11":"tag-motocycle","12":"tag-sports"},"share_on_mastodon":{"url":"https:\/\/pubeurope.com\/@fr\/115277079049460801","error":""},"_links":{"self":[{"href":"https:\/\/www.europesays.com\/fr\/wp-json\/wp\/v2\/posts\/421721","targetHints":{"allow":["GET"]}}],"collection":[{"href":"https:\/\/www.europesays.com\/fr\/wp-json\/wp\/v2\/posts"}],"about":[{"href":"https:\/\/www.europesays.com\/fr\/wp-json\/wp\/v2\/types\/post"}],"author":[{"embeddable":true,"href":"https:\/\/www.europesays.com\/fr\/wp-json\/wp\/v2\/users\/2"}],"replies":[{"embeddable":true,"href":"https:\/\/www.europesays.com\/fr\/wp-json\/wp\/v2\/comments?post=421721"}],"version-history":[{"count":0,"href":"https:\/\/www.europesays.com\/fr\/wp-json\/wp\/v2\/posts\/421721\/revisions"}],"wp:featuredmedia":[{"embeddable":true,"href":"https:\/\/www.europesays.com\/fr\/wp-json\/wp\/v2\/media\/421722"}],"wp:attachment":[{"href":"https:\/\/www.europesays.com\/fr\/wp-json\/wp\/v2\/media?parent=421721"}],"wp:term":[{"taxonomy":"category","embeddable":true,"href":"https:\/\/www.europesays.com\/fr\/wp-json\/wp\/v2\/categories?post=421721"},{"taxonomy":"post_tag","embeddable":true,"href":"https:\/\/www.europesays.com\/fr\/wp-json\/wp\/v2\/tags?post=421721"}],"curies":[{"name":"wp","href":"https:\/\/api.w.org\/{rel}","templated":true}]}}