{"id":421723,"date":"2025-09-27T15:56:12","date_gmt":"2025-09-27T15:56:12","guid":{"rendered":"https:\/\/www.europesays.com\/fr\/421723\/"},"modified":"2025-09-27T15:56:12","modified_gmt":"2025-09-27T15:56:12","slug":"lamine-yamal-psg-lannonce-officielle","status":"publish","type":"post","link":"https:\/\/www.europesays.com\/fr\/421723\/","title":{"rendered":"Lamine Yamal &#8211; PSG : L&rsquo;annonce officielle !"},"content":{"rendered":"<p>                    Arthur Montagne<br \/>\n                        &#8211;<\/p>\n<p>Journaliste<\/p>\n<p>Affam\u00e9 de sport, il a grandi au son des moteurs de Formule 1 et des exploits de Ronaldinho. Aujourd\u2019hui, diplom\u00e9 d&rsquo;un Master de journalisme de sport, il ne rate plus un Grand Prix de F1 ni un match du PSG, ses deux passions et sp\u00e9cialit\u00e9s<\/p>\n<p class=\"heading\">Pr\u00e9sent en conf\u00e9rence de presse, Hansi Flick a \u00e9voqu\u00e9 la situation de Lamine Yamal, confirmant qu&rsquo;il aurait du temps de jeu dimanche contre la Real Sociedad. Cela confirme donc que le deuxi\u00e8me du classement du dernier Ballon d&rsquo;Or sera bien pr\u00e9sent contre le PSG mercredi soir.<\/p>\n<p>Absent depuis quatre rencontres, <a href=\"https:\/\/le10sport.com\/football\/ligue1\/psg\/doue-yamal-la-grande-decision-de-benzema-759390\" target=\"_blank\" rel=\"noopener\">Lamine Yamal<\/a> est de retour dans le groupe du <strong>FC Barcelone<\/strong> pour affronter la<strong> Real Sociedad<\/strong> ce dimanche \u00e0 quelques jours du choc contre le <strong>PSG <\/strong>en <strong>Ligue des champions<\/strong> mercredi soir. <\/p>\n<p>                                            Flick annonce la couleur pour Yamal<\/p>\n<p>Pr\u00e9sent en conf\u00e9rence de presse ce samedi, <strong>Hansi Flick<\/strong> a d\u00e9voil\u00e9 son plan avec <strong>Lamine Yamal<\/strong>. \u00ab Qu&rsquo;il soit sur le banc ou dans le onze de d\u00e9part, il aura du temps de jeu \u00bb, assure l&rsquo;entra\u00eeneur du <strong>FC Barcelone<\/strong> devant les m\u00e9dias afin d&rsquo;\u00eatre relanc\u00e9 sur le choc contre le <strong>PSG <\/strong>qui aura lieu mercredi soir en Catalogne.<\/p>\n<p>                                            \u00abQu&rsquo;il soit sur le banc ou dans le onze de d\u00e9part, il aura du temps de jeu\u00bb<\/p>\n<p>\u00ab Nous nous concentrons toujours sur le prochain match, et celui-ci aura lieu demain contre la Real Sociedad. Nous verrons comment nous nous pr\u00e9parons pour accueillir le PSG. Pour l&rsquo;instant, nous avons quatre victoires et nous voulons continuer ainsi. Peu importe le nombre de joueurs bless\u00e9s, nous nous concentrons sur ceux qui sont disponibles \u00bb, ajoute <strong>Hansi Flick<\/strong>.<\/p>\n","protected":false},"excerpt":{"rendered":"Arthur Montagne &#8211; Journaliste Affam\u00e9 de sport, il a grandi au son des moteurs de Formule 1 et&hellip;\n","protected":false},"author":2,"featured_media":421724,"comment_status":"","ping_status":"","sticky":false,"template":"","format":"standard","meta":{"footnotes":""},"categories":[1412],"tags":[1451,1452,1453,1454,1455,1011,27,60],"class_list":{"0":"post-421723","1":"post","2":"type-post","3":"status-publish","4":"format-standard","5":"has-post-thumbnail","7":"category-f1","8":"tag-f1","9":"tag-formula-1","10":"tag-formula1","11":"tag-formule-1","12":"tag-formule1","13":"tag-fr","14":"tag-france","15":"tag-sports"},"share_on_mastodon":{"url":"https:\/\/pubeurope.com\/@fr\/115277082347149754","error":""},"_links":{"self":[{"href":"https:\/\/www.europesays.com\/fr\/wp-json\/wp\/v2\/posts\/421723","targetHints":{"allow":["GET"]}}],"collection":[{"href":"https:\/\/www.europesays.com\/fr\/wp-json\/wp\/v2\/posts"}],"about":[{"href":"https:\/\/www.europesays.com\/fr\/wp-json\/wp\/v2\/types\/post"}],"author":[{"embeddable":true,"href":"https:\/\/www.europesays.com\/fr\/wp-json\/wp\/v2\/users\/2"}],"replies":[{"embeddable":true,"href":"https:\/\/www.europesays.com\/fr\/wp-json\/wp\/v2\/comments?post=421723"}],"version-history":[{"count":0,"href":"https:\/\/www.europesays.com\/fr\/wp-json\/wp\/v2\/posts\/421723\/revisions"}],"wp:featuredmedia":[{"embeddable":true,"href":"https:\/\/www.europesays.com\/fr\/wp-json\/wp\/v2\/media\/421724"}],"wp:attachment":[{"href":"https:\/\/www.europesays.com\/fr\/wp-json\/wp\/v2\/media?parent=421723"}],"wp:term":[{"taxonomy":"category","embeddable":true,"href":"https:\/\/www.europesays.com\/fr\/wp-json\/wp\/v2\/categories?post=421723"},{"taxonomy":"post_tag","embeddable":true,"href":"https:\/\/www.europesays.com\/fr\/wp-json\/wp\/v2\/tags?post=421723"}],"curies":[{"name":"wp","href":"https:\/\/api.w.org\/{rel}","templated":true}]}}