{"id":421729,"date":"2025-09-27T15:59:16","date_gmt":"2025-09-27T15:59:16","guid":{"rendered":"https:\/\/www.europesays.com\/fr\/421729\/"},"modified":"2025-09-27T15:59:16","modified_gmt":"2025-09-27T15:59:16","slug":"en-1980-javais-5-enfants-et-je-travaillais-enormement","status":"publish","type":"post","link":"https:\/\/www.europesays.com\/fr\/421729\/","title":{"rendered":"\u00abEn 1980, j\u2019avais 5 enfants et je travaillais \u00e9norm\u00e9ment\u00bb"},"content":{"rendered":"<p>    Agn\u00e8s b.<br \/>\n                Jean-Fran\u00e7ois Jonvelle<\/p>\n<p><strong>Moi en 1980 3\/7.- <\/strong>Pour les 45 ans de Madame Figaro, sept c\u00e9l\u00e9brit\u00e9s plongent dans leurs albums photos et leurs souvenirs. Et nous racontent&#8230; Aujourd\u2019hui, la cr\u00e9atrice Agn\u00e8s b.<\/p>\n<p class=\"fig-paragraph\">\u00abJ\u2019ai toujours \u00e9t\u00e9 d\u2019une nature optimiste, ce qui exasp\u00e9rait ma m\u00e8re. Dans les ann\u00e9es 1980, j\u2019avais cinq\u00a0enfants et je travaillais \u00e9norm\u00e9ment, j\u2019aimais profond\u00e9ment mon m\u00e9tier. Je me souviens de l\u2019ambiance dans la boutique agn\u00e8s\u00a0b. que nous avions ouverte rue du Jour, \u00e0 Paris, avec mon mari, Jean-Ren\u00e9 de Fleurieu, c\u2019\u00e9tait tr\u00e8s joyeux. Nos amis intellos, F\u00e9lix Guattari, Andr\u00e9 Glucksmann, qu\u2019on appelait Glucks, avec ses cheveux longs et son blouson en cuir, ou Gilles Deleuze, passaient souvent, on s\u2019installait autour d\u2019une table pour discuter, \u00e9couter Bob Marley, coller sur les murs nos affiches de films pr\u00e9f\u00e9r\u00e9s. En 1980, j\u2019ai 39 ans. Sur cette photo, on peut voir la gen\u00e8se de mon cardigan pression. Je porte un sweat que j\u2019enfile par la t\u00eate et je pense alors \u00e0 tous ces v\u00eatements aux petits boutons rapproch\u00e9s que je voyais dans mon enfance \u00e0 Versailles sur les tableaux comme le Pierrot, de Watteau. Voici comment cette pi\u00e8ce est n\u00e9e. J\u2019ai toujours eu le souci de cr\u00e9er des v\u00eatements utilitaires, intemporels, fabriqu\u00e9s en France. Et cela a tout de suite march\u00e9 car, je pense, je proposais quelque chose de diff\u00e9rent. Les ann\u00e9es 1980 ont d\u2019ailleurs marqu\u00e9 un v\u00e9ritable bond pour\u00a0<a href=\"https:\/\/madame.lefigaro.fr\/defiles\/agnes-b\/printemps-ete-2026\/homme\/defile-agnes-b-homme-printemps-ete-2026-20250620\" target=\"_blank\" data-fig-type=\"Article\" rel=\"noopener\" data-gtm-custom-categorie=\"navigation\" data-gtm-custom-action=\"crossclick\" data-gtm-custom-label=\"Contextuel\" data-gtm-event=\"customEventSPE\" data-fig-domain=\"MADAME\">ma maison<\/a>. Nous avons ouvert des boutiques \u00e0 New York, Londres, Amsterdam, Tokyo\u2026 Ce sont les journalistes qui ont port\u00e9 ma marque, car je ne faisais jamais de publicit\u00e9, tr\u00e8s influenc\u00e9e par le courant situationniste de Debord. C\u2019\u00e9tait une \u00e9poque o\u00f9 l\u2019on s\u2019amusait vraiment. Et puis, le sida est venu jeter son voile sombre. J\u2019ai alors fait installer de gros aquariums dans mes boutiques remplis de pr\u00e9servatifs, dans lesquels tout le monde pouvait piocher, m\u00eame sans rien acheter.\u00bb<\/p>\n<p>    Agn\u00e8s b.<br \/>\n                Jean-Fran\u00e7ois Jonvelle<\/p>\n","protected":false},"excerpt":{"rendered":"Agn\u00e8s b. Jean-Fran\u00e7ois Jonvelle Moi en 1980 3\/7.- Pour les 45 ans de Madame Figaro, sept c\u00e9l\u00e9brit\u00e9s plongent&hellip;\n","protected":false},"author":2,"featured_media":421730,"comment_status":"","ping_status":"","sticky":false,"template":"","format":"standard","meta":{"footnotes":""},"categories":[1359],"tags":[253,2594,34922,2593,972,1696,650,55011,58,59,849,638,1011,27,2173,977,873,54807,973,974],"class_list":{"0":"post-421729","1":"post","2":"type-post","3":"status-publish","4":"format-standard","5":"has-post-thumbnail","7":"category-people","8":"tag-acteur","9":"tag-actrice","10":"tag-agnes-b","11":"tag-artiste","12":"tag-celebrite","13":"tag-chanteur","14":"tag-cinema","15":"tag-culture-vintage","16":"tag-divertissement","17":"tag-entertainment","18":"tag-festival","19":"tag-figaro","20":"tag-fr","21":"tag-france","22":"tag-interview","23":"tag-madame","24":"tag-musique","25":"tag-numero-anniversaire","26":"tag-people","27":"tag-star"},"share_on_mastodon":{"url":"https:\/\/pubeurope.com\/@fr\/115277094201390077","error":""},"_links":{"self":[{"href":"https:\/\/www.europesays.com\/fr\/wp-json\/wp\/v2\/posts\/421729","targetHints":{"allow":["GET"]}}],"collection":[{"href":"https:\/\/www.europesays.com\/fr\/wp-json\/wp\/v2\/posts"}],"about":[{"href":"https:\/\/www.europesays.com\/fr\/wp-json\/wp\/v2\/types\/post"}],"author":[{"embeddable":true,"href":"https:\/\/www.europesays.com\/fr\/wp-json\/wp\/v2\/users\/2"}],"replies":[{"embeddable":true,"href":"https:\/\/www.europesays.com\/fr\/wp-json\/wp\/v2\/comments?post=421729"}],"version-history":[{"count":0,"href":"https:\/\/www.europesays.com\/fr\/wp-json\/wp\/v2\/posts\/421729\/revisions"}],"wp:featuredmedia":[{"embeddable":true,"href":"https:\/\/www.europesays.com\/fr\/wp-json\/wp\/v2\/media\/421730"}],"wp:attachment":[{"href":"https:\/\/www.europesays.com\/fr\/wp-json\/wp\/v2\/media?parent=421729"}],"wp:term":[{"taxonomy":"category","embeddable":true,"href":"https:\/\/www.europesays.com\/fr\/wp-json\/wp\/v2\/categories?post=421729"},{"taxonomy":"post_tag","embeddable":true,"href":"https:\/\/www.europesays.com\/fr\/wp-json\/wp\/v2\/tags?post=421729"}],"curies":[{"name":"wp","href":"https:\/\/api.w.org\/{rel}","templated":true}]}}