{"id":421731,"date":"2025-09-27T16:00:15","date_gmt":"2025-09-27T16:00:15","guid":{"rendered":"https:\/\/www.europesays.com\/fr\/421731\/"},"modified":"2025-09-27T16:00:15","modified_gmt":"2025-09-27T16:00:15","slug":"silmo-2025-atelier-mof-notre-animatrice-sara-met-sa-dexterite-a-lepreuve-avec-la-sculpture-sur-plexiglass","status":"publish","type":"post","link":"https:\/\/www.europesays.com\/fr\/421731\/","title":{"rendered":"[Silmo 2025] Atelier MOF : notre animatrice Sara met sa dext\u00e9rit\u00e9 \u00e0 l&rsquo;\u00e9preuve avec la sculpture sur plexiglass"},"content":{"rendered":"<p>Le Silmo\u00a0n&rsquo;est pas seulement le th\u00e9\u00e2tre des innovations de demain ; il est aussi un\u00a0lieu de d\u00e9couverte et d&rsquo;apprentissage.<\/p>\n<p>Sara, notre animatrice, a test\u00e9\u00a0la gravure sur plexiglass, encadr\u00e9e par Xavier Christin, meilleur ouvrier de France lunetier (Mof), qui nous a accueillis pour un atelier.<\/p>\n<p>L&rsquo;exercice consiste \u00e0 r\u00e9aliser des formes g\u00e9om\u00e9triques par gravure, en s&rsquo;aidant d&rsquo;une turbine. Il requiert\u00a0pr\u00e9cision et fluidit\u00e9 du geste dans le poignet pour r\u00e9ussir le double mouvement de plong\u00e9e et de d\u00e9placement de la turbine, pour obtenir l&rsquo;effet blanc recherch\u00e9.<\/p>\n<p>L&rsquo;atelier, accessible aux visiteurs, s&rsquo;inscrit dans une d\u00e9marche de partage du savoir-faire : \u00ab Nous accueillons tout le monde. Et s&rsquo;il y a un petit espace de temps, on peut faire un petit travail rapide pour toucher la mati\u00e8re \u00bb\u00a0pr\u00e9cise Xavier Christin.<\/p>\n<p>D\u00e9couvrez l&rsquo;atelier dans notre vid\u00e9o ci-dessus.<\/p>\n","protected":false},"excerpt":{"rendered":"Le Silmo\u00a0n&rsquo;est pas seulement le th\u00e9\u00e2tre des innovations de demain ; il est aussi un\u00a0lieu de d\u00e9couverte et&hellip;\n","protected":false},"author":2,"featured_media":421732,"comment_status":"","ping_status":"","sticky":false,"template":"","format":"standard","meta":{"footnotes":""},"categories":[1358],"tags":[1348,1384,1385,1386,58,59,1011,27],"class_list":{"0":"post-421731","1":"post","2":"type-post","3":"status-publish","4":"format-standard","5":"has-post-thumbnail","7":"category-arts-et-design","8":"tag-arts","9":"tag-arts-and-design","10":"tag-arts-et-design","11":"tag-design","12":"tag-divertissement","13":"tag-entertainment","14":"tag-fr","15":"tag-france"},"share_on_mastodon":{"url":"https:\/\/pubeurope.com\/@fr\/115277098189023859","error":""},"_links":{"self":[{"href":"https:\/\/www.europesays.com\/fr\/wp-json\/wp\/v2\/posts\/421731","targetHints":{"allow":["GET"]}}],"collection":[{"href":"https:\/\/www.europesays.com\/fr\/wp-json\/wp\/v2\/posts"}],"about":[{"href":"https:\/\/www.europesays.com\/fr\/wp-json\/wp\/v2\/types\/post"}],"author":[{"embeddable":true,"href":"https:\/\/www.europesays.com\/fr\/wp-json\/wp\/v2\/users\/2"}],"replies":[{"embeddable":true,"href":"https:\/\/www.europesays.com\/fr\/wp-json\/wp\/v2\/comments?post=421731"}],"version-history":[{"count":0,"href":"https:\/\/www.europesays.com\/fr\/wp-json\/wp\/v2\/posts\/421731\/revisions"}],"wp:featuredmedia":[{"embeddable":true,"href":"https:\/\/www.europesays.com\/fr\/wp-json\/wp\/v2\/media\/421732"}],"wp:attachment":[{"href":"https:\/\/www.europesays.com\/fr\/wp-json\/wp\/v2\/media?parent=421731"}],"wp:term":[{"taxonomy":"category","embeddable":true,"href":"https:\/\/www.europesays.com\/fr\/wp-json\/wp\/v2\/categories?post=421731"},{"taxonomy":"post_tag","embeddable":true,"href":"https:\/\/www.europesays.com\/fr\/wp-json\/wp\/v2\/tags?post=421731"}],"curies":[{"name":"wp","href":"https:\/\/api.w.org\/{rel}","templated":true}]}}