{"id":421737,"date":"2025-09-27T16:03:12","date_gmt":"2025-09-27T16:03:12","guid":{"rendered":"https:\/\/www.europesays.com\/fr\/421737\/"},"modified":"2025-09-27T16:03:12","modified_gmt":"2025-09-27T16:03:12","slug":"pourquoi-une-mere-de-famille-reclame-107-millions-deuros-aux-rappeurs-jul-et-heuss-lenfoire","status":"publish","type":"post","link":"https:\/\/www.europesays.com\/fr\/421737\/","title":{"rendered":"pourquoi une m\u00e8re de famille r\u00e9clame 107 millions d\u2019euros aux rappeurs Jul et Heuss L&rsquo;Enfoir\u00e9"},"content":{"rendered":"<p class=\"article-p mdl\">106,7 millions d\u2019euros : c\u2019est la somme que r\u00e9clame la propri\u00e9taire d\u2019une demeure cossue du Var aux deux rappeurs stars Jul et Heuss L\u2019Enfoir\u00e9, ce vendredi 26 septembre. En cause : l\u2019utilisation de cette luxueuse r\u00e9sidence, \u00e9galement habitation principale de la famille, pour le tournage <strong>du clip de leur titre Moulaga<\/strong>, sans son accord&#8230;<\/p>\n<p class=\"article-p mdl\">Aupr\u00e8s de nos confr\u00e8res de\u00a0<a class=\"link\" href=\"https:\/\/www.linforme.com\/medias-culture\/article\/la-moulaga-la-proprietaire-de-la-villa-du-clip-reclame-plus-de-100-millions-d-euros_3235.html\" target=\"_blank\" rel=\"noopener\">L&rsquo;inform\u00e9<\/a>, leur avocat est formel : la maison n\u2019avait aucunement vocation \u00e0 accueillir un tel tournage. \u00ab\u00a0<strong>La famille n\u2019\u00e9tait absolument pas au courant<\/strong>\u00ab\u00a0, affirme-t-il. En outre, selon lui, la diffusion du clip a fortement nui \u00e0 leur qualit\u00e9 de vie : ils seraient en effet r\u00e9guli\u00e8rement importun\u00e9s par des fans reconnaissant les lieux.<\/p>\n<p class=\"article-p mdl\">Il faut dire que la demeure, qui appara\u00eet sous toutes les coutures dans la vid\u00e9o, a b\u00e9n\u00e9fici\u00e9 d\u2019une large exposition avec ce clip. <strong>Il cumule \u00e0 ce jour plus de 210 millions de vues<\/strong>. Rappelons aussi que JUL, artiste aux 30 albums certifi\u00e9s or, platine ou diamant, caracole depuis plusieurs ann\u00e9es\u00a0<a class=\"link\" href=\"https:\/\/www.rtl.fr\/culture\/musique\/jul-pres-d-un-million-de-personnes-en-file-d-attente-le-parcours-du-combattant-pour-assister-a-ses-deux-concerts-7900375353\" target=\"_blank\" rel=\"noopener\">en t\u00eate des artistes les plus \u00e9cout\u00e9s de France<\/a>.<\/p>\n<p>            Le label et la plateforme de location \u00e9galement mis en cause<\/p>\n<p class=\"article-p mdl\">Pour obtenir r\u00e9paration, la m\u00e8re de famille a assign\u00e9 en justice Google France, maison m\u00e8re de YouTube, Midi Midi Production, label producteur du morceau, mais aussi<strong> la plateforme Homelly, sp\u00e9cialis\u00e9e dans la location de propri\u00e9t\u00e9s de prestige<\/strong> et qui a servi d\u2019interm\u00e9diaire. Elle r\u00e9clame au total plus de 106,7 millions d\u2019euros, une somme calcul\u00e9e en fonction du nombre de vues, susceptible donc d\u2019\u00e9voluer.<\/p>\n<p class=\"article-p mdl\">Une affaire qui vient<a class=\"link\" href=\"https:\/\/www.rtl.fr\/culture\/musique\/jul-accuse-d-avoir-utilise-l-ia-que-cache-le-dernier-titre-du-rappeur-marseillais-7900527921\" target=\"_blank\" rel=\"noopener\"> de nouveau \u00e9clabousser le rappeur marseillais\u00a0<\/a>cette ann\u00e9e. Le 1er ao\u00fbt dernier, Jul publiait en effet un nouveau titre, \u00ab\u00a0Toi et moi\u00a0\u00bb, une ballade sur fond de guitare qui <strong>venait clore son dernier album D&amp;P \u00e0 vie, sorti en avril<\/strong>.<\/p>\n<\/p>\n<p class=\"article-p mdl\">Mais d\u00e8s la diffusion du premier teaser sur les r\u00e9seaux sociaux, de nombreuses r\u00e9serves ont \u00e9merg\u00e9. Plusieurs internautes ont soup\u00e7onn\u00e9 le morceau d\u2019avoir \u00e9t\u00e9 <strong>g\u00e9n\u00e9r\u00e9 \u00e0 l\u2019aide de l\u2019intelligence artificielle<\/strong>.<\/p>\n<p>    La r\u00e9daction vous recommande<\/p>\n<p class=\"s-newsletter__title\">\n                L\u2019actualit\u00e9 par la r\u00e9daction de RTL dans votre bo\u00eete mail.\n            <\/p>\n<p class=\"s-newsletter__subtitle\">\n                Gr\u00e2ce \u00e0 votre compte RTL abonnez-vous \u00e0 la newsletter RTL info pour suivre toute l&rsquo;actualit\u00e9 au quotidien\n            <\/p>\n<p>\n                                    Lire la suite\n                                <\/p>\n","protected":false},"excerpt":{"rendered":"106,7 millions d\u2019euros : c\u2019est la somme que r\u00e9clame la propri\u00e9taire d\u2019une demeure cossue du Var aux deux&hellip;\n","protected":false},"author":2,"featured_media":421738,"comment_status":"","ping_status":"","sticky":false,"template":"","format":"standard","meta":{"footnotes":""},"categories":[1355],"tags":[30542,58,59,107,1011,27,1279,1361,873,2694,3616],"class_list":{"0":"post-421737","1":"post","2":"type-post","3":"status-publish","4":"format-standard","5":"has-post-thumbnail","7":"category-musique","8":"tag-clip","9":"tag-divertissement","10":"tag-entertainment","11":"tag-fil-info","12":"tag-fr","13":"tag-france","14":"tag-jul","15":"tag-music","16":"tag-musique","17":"tag-proces","18":"tag-rap"},"share_on_mastodon":{"url":"https:\/\/pubeurope.com\/@fr\/115277109994538396","error":""},"_links":{"self":[{"href":"https:\/\/www.europesays.com\/fr\/wp-json\/wp\/v2\/posts\/421737","targetHints":{"allow":["GET"]}}],"collection":[{"href":"https:\/\/www.europesays.com\/fr\/wp-json\/wp\/v2\/posts"}],"about":[{"href":"https:\/\/www.europesays.com\/fr\/wp-json\/wp\/v2\/types\/post"}],"author":[{"embeddable":true,"href":"https:\/\/www.europesays.com\/fr\/wp-json\/wp\/v2\/users\/2"}],"replies":[{"embeddable":true,"href":"https:\/\/www.europesays.com\/fr\/wp-json\/wp\/v2\/comments?post=421737"}],"version-history":[{"count":0,"href":"https:\/\/www.europesays.com\/fr\/wp-json\/wp\/v2\/posts\/421737\/revisions"}],"wp:featuredmedia":[{"embeddable":true,"href":"https:\/\/www.europesays.com\/fr\/wp-json\/wp\/v2\/media\/421738"}],"wp:attachment":[{"href":"https:\/\/www.europesays.com\/fr\/wp-json\/wp\/v2\/media?parent=421737"}],"wp:term":[{"taxonomy":"category","embeddable":true,"href":"https:\/\/www.europesays.com\/fr\/wp-json\/wp\/v2\/categories?post=421737"},{"taxonomy":"post_tag","embeddable":true,"href":"https:\/\/www.europesays.com\/fr\/wp-json\/wp\/v2\/tags?post=421737"}],"curies":[{"name":"wp","href":"https:\/\/api.w.org\/{rel}","templated":true}]}}