{"id":421741,"date":"2025-09-27T16:05:11","date_gmt":"2025-09-27T16:05:11","guid":{"rendered":"https:\/\/www.europesays.com\/fr\/421741\/"},"modified":"2025-09-27T16:05:11","modified_gmt":"2025-09-27T16:05:11","slug":"les-contaminations-repartent-en-hausse-le-nouveau-variant-frankenstein-progresse","status":"publish","type":"post","link":"https:\/\/www.europesays.com\/fr\/421741\/","title":{"rendered":"les contaminations repartent en hausse, le nouveau variant \u00ab\u00a0Frankenstein\u00a0\u00bb progresse"},"content":{"rendered":"<p>S&rsquo;il vous reste des tests Covid planqu\u00e9s au fond de votre armoire \u00e0 pharmacie, il va peut-\u00eatre falloir les ressortir dans les prochaines semaines.<\/p>\n<p>Car oui, le virus fait son grand retour depuis la rentr\u00e9e des classes de septembre. Rien de plus logique, avec la multiplication des contacts.<\/p>\n<p>Selon <a href=\"https:\/\/www.sentiweb.fr\/\" target=\"_blank\" rel=\"noopener\">le r\u00e9seau Sentinelles<\/a>, qui surveille les infections respiratoires aigu\u00ebs en France, le taux d&rsquo;incidence du virus est pass\u00e9 de 38 cas pour 100 000 habitants pour la semaine du 8 au 14 septembre \u00e0 49 pour la semaine du 15 au 21 septembre.<\/p>\n<p>  Un test Covid sur 10 au CHU de Grenoble est positif<\/p>\n<p>\u00c0 l&rsquo;\u00e9chelle de notre territoire, sur pr\u00e8s de <a href=\"https:\/\/www.pasteur.fr\/sites\/default\/files\/rubrique_pro_sante_publique\/les_cnr\/virus_des_infections_respiratoires_dont_grippe\/bnhvir_france_2025_s38.pdf\" target=\"_blank\" rel=\"noopener\">233 tests Covid r\u00e9alis\u00e9s<\/a> par les laboratoires du CHU de Grenoble entre le 15 septembre et le 21 septembre, plus de 11 % d&rsquo;entre eux sont positifs au Covid-19. Ce taux de positivit\u00e9 est de 16,79 % au centre hospitalier de Chamb\u00e9ry.<\/p>\n<p>\u00c0 titre de comparaison, il y avait z\u00e9ro test positif au CHU de <a href=\"https:\/\/www.pasteur.fr\/sites\/default\/files\/rubrique_pro_sante_publique\/les_cnr\/virus_des_infections_respiratoires_dont_grippe\/bnhvir_france_2025_s35.pdf\" target=\"_blank\" rel=\"noopener\">Grenoble fin ao\u00fbt,<\/a> preuve d&rsquo;une reprise de l&rsquo;\u00e9pid\u00e9mie.<\/p>\n<p>  Les passages aux urgences pour Covid explosent en Ard\u00e8che<\/p>\n<p>C\u00f4t\u00e9 passages aux urgences, c&rsquo;est l&rsquo;Ard\u00e8che qui voit son taux exploser, passant de 106 passages pour Covid-19 (pour 100 000 passages aux urgences) \u00e0 la mi-ao\u00fbt \u00e0 pr\u00e8s de 1200 passages le 15 septembre, soit un taux multipli\u00e9 par 10 ! Les autres d\u00e9partements connaissent sensiblement les m\u00eames hausses, sauf celui des Hautes-Alpes, qui apr\u00e8s avoir connu un pic de passages \u00e0 la rentr\u00e9e, voit ce taux baisser sensiblement quinze jours plus tard.<\/p>\n<p>  Le variant \u00ab\u00a0Frankenstein\u00a0\u00bb attentivement surveill\u00e9<strong><br \/><\/strong><\/p>\n<p>Cette hausse pourrait \u00e9galement s&rsquo;expliquer par la mont\u00e9e en puissance d&rsquo;un nouveau variant, au nom barbare de \u00ab\u00a0XFG\u00a0\u00bb, mais au surnom bien plus familier de \u00ab\u00a0Frankenstein\u00a0\u00bb. Ce d\u00e9riv\u00e9 du variant Omicron a \u00e9t\u00e9 d\u00e9sign\u00e9 par l&rsquo;Organisation mondiale de la Sant\u00e9 (OMS) comme un variant sous surveillance \u00ab dont la proportion augmente \u00e0 l\u2019\u00e9chelle mondiale \u00bb et qui conna\u00eet une \u00ab croissance rapide par rapport aux variants co-circulants \u00e0 l\u2019\u00e9chelle mondiale. \u00bb.<\/p>\n<p><a href=\"https:\/\/www.franceinfo.fr\/sante\/maladie\/coronavirus\/le-covid-en-passe-de-devenir-un-virus-hivernal-les-contaminations-sont-en-hausse-au-mois-de-septembre_7517245.html\" target=\"_blank\" rel=\"noopener\">Interrog\u00e9e par Franceinfo<\/a>, l&rsquo;\u00e9pid\u00e9miologiste Mircea Sofonea pr\u00e9cise que ce variant est \u00ab\u00a0plus transmissible, parce qu&rsquo;il pr\u00e9sente plusieurs mutations cl\u00e9s\u00a0\u00bb.<\/p>\n<p>  Un virus saisonnier d\u00e8s 2026 ?<\/p>\n<p>Mais pour l&rsquo;instant, aucune inqui\u00e9tude \u00e0 avoir, puisque les chiffres sont peu ou prou les m\u00eames que la 14e vague de septembre 2024, mais loin des niveaux des ann\u00e9es pr\u00e9c\u00e9dentes. \u00c0 tel point que les sp\u00e9cialistes pr\u00e9voient que le Covid-19 va devenir un virus saisonnier d\u00e8s l&rsquo;an prochain, au m\u00eame titre que la grippe qui revient d\u00e8s l&rsquo;automne.<\/p>\n<p>La campagne vaccinale contre le Covid sera lanc\u00e9e officiellement le 14 octobre prochain pour les personnes les plus \u00e0 risque. Mais le risque est que le pic de l&rsquo;\u00e9pid\u00e9mie soit largement d\u00e9pass\u00e9 d&rsquo;ici cette date. D&rsquo;o\u00f9 la possibilit\u00e9 lanc\u00e9e par le minist\u00e8re de la Sant\u00e9 <a href=\"https:\/\/www.ledauphine.com\/sante\/2025\/09\/23\/covid-19-face-a-la-resurgence-des-infections-des-voix-s-elevent-pour-avancer-la-campagne-vaccinale\" target=\"_blank\" rel=\"noopener\">d&rsquo;avancer la campagne de vaccination<\/a> \u00ab\u00a0si Sant\u00e9 publique France venait \u00e0 d\u00e9tecter \u00e0 la fin du mois de septembre une transmission importante du SARS-CoV-2\u00a0\u00bb. Nous y voil\u00e0, mais toujours aucun signe de la part du minist\u00e8re.<\/p>\n","protected":false},"excerpt":{"rendered":"S&rsquo;il vous reste des tests Covid planqu\u00e9s au fond de votre armoire \u00e0 pharmacie, il va peut-\u00eatre falloir&hellip;\n","protected":false},"author":2,"featured_media":421742,"comment_status":"","ping_status":"","sticky":false,"template":"","format":"standard","meta":{"footnotes":""},"categories":[10],"tags":[2738,4646,2730,3856,3827,4645,115,7001,4637,112,113,4521,116,9543,6436,3859,2737,7003,2735,111,114,107,1011,27,329,4522,4638,881,72,108,71,5508,273,104,4520],"class_list":{"0":"post-421741","1":"post","2":"type-post","3":"status-publish","4":"format-standard","5":"has-post-thumbnail","7":"category-sante","8":"tag-ain","9":"tag-ardeche","10":"tag-drome","11":"tag-edition-annecy-rumilly-les-aravis","12":"tag-edition-annonay-nord-ardeche","13":"tag-edition-aubenas-privas-vallee-du-rhone","14":"tag-edition-bourgoin-jallieu-nord-dauphine","15":"tag-edition-chambery-aix-les-bains","16":"tag-edition-grand-geneve-chablais-ain","17":"tag-edition-grenoble-agglomeration","18":"tag-edition-gresivaudan-oisans","19":"tag-edition-hautes-alpes-alpes-de-haute-provence","20":"tag-edition-la-tour-du-pin-nord-dauphine","21":"tag-edition-mont-blanc-arve","22":"tag-edition-montelimar-drome-provencale","23":"tag-edition-provencale","24":"tag-edition-romans-nord-drome","25":"tag-edition-tarentaise-maurienne","26":"tag-edition-valence-rhone-crussol-vallee-de-la-drome","27":"tag-edition-vienne-roussillon","28":"tag-edition-voiron-saint-marcellin","29":"tag-fil-info","30":"tag-fr","31":"tag-france","32":"tag-france-monde","33":"tag-haute-provence","34":"tag-haute-savoie","35":"tag-hautes-alpes","36":"tag-health","37":"tag-isere","38":"tag-sante","39":"tag-savoie","40":"tag-selection-de-la-redaction","41":"tag-societe","42":"tag-vaucluse"},"share_on_mastodon":{"url":"","error":"Validation failed: Text character limit of 500 exceeded"},"_links":{"self":[{"href":"https:\/\/www.europesays.com\/fr\/wp-json\/wp\/v2\/posts\/421741","targetHints":{"allow":["GET"]}}],"collection":[{"href":"https:\/\/www.europesays.com\/fr\/wp-json\/wp\/v2\/posts"}],"about":[{"href":"https:\/\/www.europesays.com\/fr\/wp-json\/wp\/v2\/types\/post"}],"author":[{"embeddable":true,"href":"https:\/\/www.europesays.com\/fr\/wp-json\/wp\/v2\/users\/2"}],"replies":[{"embeddable":true,"href":"https:\/\/www.europesays.com\/fr\/wp-json\/wp\/v2\/comments?post=421741"}],"version-history":[{"count":0,"href":"https:\/\/www.europesays.com\/fr\/wp-json\/wp\/v2\/posts\/421741\/revisions"}],"wp:featuredmedia":[{"embeddable":true,"href":"https:\/\/www.europesays.com\/fr\/wp-json\/wp\/v2\/media\/421742"}],"wp:attachment":[{"href":"https:\/\/www.europesays.com\/fr\/wp-json\/wp\/v2\/media?parent=421741"}],"wp:term":[{"taxonomy":"category","embeddable":true,"href":"https:\/\/www.europesays.com\/fr\/wp-json\/wp\/v2\/categories?post=421741"},{"taxonomy":"post_tag","embeddable":true,"href":"https:\/\/www.europesays.com\/fr\/wp-json\/wp\/v2\/tags?post=421741"}],"curies":[{"name":"wp","href":"https:\/\/api.w.org\/{rel}","templated":true}]}}