{"id":421743,"date":"2025-09-27T16:06:26","date_gmt":"2025-09-27T16:06:26","guid":{"rendered":"https:\/\/www.europesays.com\/fr\/421743\/"},"modified":"2025-09-27T16:06:26","modified_gmt":"2025-09-27T16:06:26","slug":"enorme-surprise-aux-mondiaux-de-cyclisme-la-canadienne-magdeleine-vallieres-surprend-tout-le-monde-les-favorites-loupent-le-coche","status":"publish","type":"post","link":"https:\/\/www.europesays.com\/fr\/421743\/","title":{"rendered":"\u00c9norme surprise aux Mondiaux de cyclisme\u00a0: la Canadienne Magdeleine Vallieres surprend tout le monde, les favorites loupent le coche"},"content":{"rendered":"<p class=\"ap-StoryElement ap-StoryElement--mb ap-StoryText\">\u00ab\u00a0Je n&rsquo;arrive pas \u00e0 y croire\u00a0\u00bb, a balbuti\u00e9 Vallieres \u00e0 l&rsquo;arriv\u00e9e, qu&rsquo;elle a ralli\u00e9e avec respectivement 23 et 27 secondes d&rsquo;avance sur Fisher-Black et Garcia apr\u00e8s avoir attaqu\u00e9 au pied de la c\u00f4te pav\u00e9e de Kimihurara, \u00e0 un peu plus de deux kilom\u00e8tres du but.<\/p>\n<p class=\"ap-StoryElement ap-StoryElement--mb ap-StoryText\">Derri\u00e8re, les favorites, dont Demi Vollering et Marlen Reusser, sont arriv\u00e9es plus d&rsquo;une minute et demie plus tard.<\/p>\n<p class=\"ap-StoryElement ap-StoryElement--mb ap-StoryText\">Pauline Ferrand-Pr\u00e9vot, la principale t\u00eate d&rsquo;affiche, s&rsquo;est m\u00eame compl\u00e8tement relev\u00e9e \u00e0 la fin pour terminer seulement 16e \u00e0 1:50, trois places derri\u00e8re Juliette Labous, meilleure Fran\u00e7aise.<\/p>\n<p class=\"ap-StoryElement ap-StoryElement--mb ap-StoryText\">Le petit peloton des principales leaders s&rsquo;est retrouv\u00e9 quasiment \u00e0 l&rsquo;arr\u00eat \u00e0 environ 25 km de l&rsquo;arriv\u00e9e derri\u00e8re un groupe de t\u00eate de dix coureuses et trois autres concurrentes en contre.<\/p>\n<p class=\"ap-StoryElement ap-StoryElement--mb ap-StoryText\">Les grandes nations avaient toutes une \u00e9quipi\u00e8re \u00e0 l&rsquo;avant, mais lorsqu&rsquo;elles ont r\u00e9alis\u00e9 que le bon train \u00e9tait parti, il \u00e9tait d\u00e9j\u00e0 trop tard.<\/p>\n<p><a href=\"https:\/\/www.dhnet.be\/sports\/cyclisme\/championnats-du-monde\/2025\/09\/27\/remco-evenepoel-est-dans-sa-meilleure-forme-avant-la-course-en-ligne-des-mondiaux-de-kigali-tous-les-signaux-sont-positifs-Y3NB6EDR2ZCFPD6IIYZ5NCNMW4\/\" target=\"_blank\" rel=\"noopener noreferrer\" class=\"ap-StoryInterstitialLink ap-StoryElement ap-StoryElement--mb\">Remco Evenepoel est dans sa \u00ab\u00a0meilleure forme\u00a0\u00bb avant la course en ligne des Mondiaux de Kigali : \u00ab\u00a0Tous les signaux sont positifs\u00a0\u00bb<\/a><\/p>\n<p class=\"ap-StoryElement ap-StoryElement--mb ap-StoryText\">Marlen Reusser, sacr\u00e9e championne du monde du contre-la-montre dimanche dernier, s&rsquo;est lanc\u00e9e dans un raid d\u00e9sesp\u00e9r\u00e9 \u00e0 l&rsquo;entame du dernier des onze tours de circuit. Pauline Ferrand-Pr\u00e9vot aussi a tent\u00e9 de passer \u00e0 l&rsquo;attaque, en vain.<\/p>\n<p class=\"ap-StoryElement ap-StoryElement--mb ap-StoryText\">Devant, Magdeleine Vallieres en a profit\u00e9 pour cr\u00e9er la sensation, elle qui n&rsquo;avait remport\u00e9 qu&rsquo;une seule course dans sa carri\u00e8re jusque-l\u00e0, le modeste Troph\u00e9e Palma, avec son \u00e9quipe EF Education.<\/p>\n<p class=\"ap-StoryElement ap-StoryElement--mb ap-StoryText\">\u00ab\u00a0Je vais prendre un peu de temps \u00e0 r\u00e9aliser, c&rsquo;est fou, a-t-elle r\u00e9agi. C&rsquo;\u00e9tait un r\u00eave, mais y a tellement de filles fortes. J&rsquo;ai \u00e9t\u00e9 dans les bons &lsquo;moves&rsquo;. La chance \u00e9tait avec moi aujourd&rsquo;hui, les jambes aussi\u00a0\u00bb, a-t-elle d\u00e9clar\u00e9.<\/p>\n","protected":false},"excerpt":{"rendered":"\u00ab\u00a0Je n&rsquo;arrive pas \u00e0 y croire\u00a0\u00bb, a balbuti\u00e9 Vallieres \u00e0 l&rsquo;arriv\u00e9e, qu&rsquo;elle a ralli\u00e9e avec respectivement 23 et&hellip;\n","protected":false},"author":2,"featured_media":421744,"comment_status":"","ping_status":"","sticky":false,"template":"","format":"standard","meta":{"footnotes":""},"categories":[9],"tags":[18141,1151,17,3233,55105,1152,55106,8784,8785,3526,55107,8788,6829,1154,207,1773,839,55108,1011,27,1101,55109,8796,1160,55110,55111,8797,8798,1161,8804,40457,209,517,60,212,1171,8807,8808,1172],"class_list":{"0":"post-421743","1":"post","2":"type-post","3":"status-publish","4":"format-standard","5":"has-post-thumbnail","7":"category-sports","8":"tag-1-1","9":"tag-nicovereeckenfoto","10":"tag-17","11":"tag-championnat","12":"tag-championships","13":"tag-ciclismo","14":"tag-class","15":"tag-classic","16":"tag-classics","17":"tag-classique","18":"tag-continental","19":"tag-cource","20":"tag-cup","21":"tag-cycling","22":"tag-cyclisme","23":"tag-elite","24":"tag-flandres","25":"tag-flemish","26":"tag-fr","27":"tag-france","28":"tag-hommes","29":"tag-kampioenschap","30":"tag-klassieker","31":"tag-koers","32":"tag-koolskamp","33":"tag-kvv","34":"tag-mannen","35":"tag-men","36":"tag-nico-vereecken","37":"tag-road","38":"tag-roadcycling","39":"tag-route","40":"tag-sport","41":"tag-sports","42":"tag-uci","43":"tag-vlaanderen","44":"tag-weg","45":"tag-wielerwedstrijd","46":"tag-wielrennen"},"share_on_mastodon":{"url":"","error":"Validation failed: Text character limit of 500 exceeded"},"_links":{"self":[{"href":"https:\/\/www.europesays.com\/fr\/wp-json\/wp\/v2\/posts\/421743","targetHints":{"allow":["GET"]}}],"collection":[{"href":"https:\/\/www.europesays.com\/fr\/wp-json\/wp\/v2\/posts"}],"about":[{"href":"https:\/\/www.europesays.com\/fr\/wp-json\/wp\/v2\/types\/post"}],"author":[{"embeddable":true,"href":"https:\/\/www.europesays.com\/fr\/wp-json\/wp\/v2\/users\/2"}],"replies":[{"embeddable":true,"href":"https:\/\/www.europesays.com\/fr\/wp-json\/wp\/v2\/comments?post=421743"}],"version-history":[{"count":0,"href":"https:\/\/www.europesays.com\/fr\/wp-json\/wp\/v2\/posts\/421743\/revisions"}],"wp:featuredmedia":[{"embeddable":true,"href":"https:\/\/www.europesays.com\/fr\/wp-json\/wp\/v2\/media\/421744"}],"wp:attachment":[{"href":"https:\/\/www.europesays.com\/fr\/wp-json\/wp\/v2\/media?parent=421743"}],"wp:term":[{"taxonomy":"category","embeddable":true,"href":"https:\/\/www.europesays.com\/fr\/wp-json\/wp\/v2\/categories?post=421743"},{"taxonomy":"post_tag","embeddable":true,"href":"https:\/\/www.europesays.com\/fr\/wp-json\/wp\/v2\/tags?post=421743"}],"curies":[{"name":"wp","href":"https:\/\/api.w.org\/{rel}","templated":true}]}}