{"id":421747,"date":"2025-09-27T16:09:27","date_gmt":"2025-09-27T16:09:27","guid":{"rendered":"https:\/\/www.europesays.com\/fr\/421747\/"},"modified":"2025-09-27T16:09:27","modified_gmt":"2025-09-27T16:09:27","slug":"samsung-galaxy-s25-plus-xiaomi-redmi-note-14-ou-forfait-300-go-voici-les-meilleures-promos-tech-de-la-semaine","status":"publish","type":"post","link":"https:\/\/www.europesays.com\/fr\/421747\/","title":{"rendered":"Samsung Galaxy S25 Plus, Xiaomi Redmi Note 14 ou forfait 300 Go\u2026 voici les meilleures promos tech de la semaine"},"content":{"rendered":"<p><b>French Days, promotions exceptionnelles et gros rabais sur des produits tr\u00e8s en vue :<\/b> voici votre rendez-vous hebdomadaire pour retrouver les <b>bons plans les plus populaires de la semaine<\/b> sur Frandroid. <\/p>\n<p><a target=\"_blank\" href=\"https:\/\/images.frandroid.com\/wp-content\/uploads\/2025\/09\/french-days-recap-semaine.jpg\" class=\"article-content__figure\" rel=\"nofollow noopener\"><img fetchpriority=\"high\" decoding=\"async\" loading=\"eager\" width=\"1200\" height=\"675\" src=\"https:\/\/www.europesays.com\/fr\/wp-content\/uploads\/2025\/09\/french-days-recap-semaine.jpg\" alt=\"\" class=\"wp-image-2810391 wp-image wp-image\"  \/><\/a><\/p>\n<p>Smartphones derni\u00e8re g\u00e9n\u00e9ration, v\u00e9lo \u00e9lectrique tr\u00e8s bien \u00e9quip\u00e9 ou forfait 5G g\u00e9n\u00e9reux \u00e0 petit prix\u2026 il y en a pour tous les besoins et tous les budgets. Voici les meilleures affaires sur lesquelles nos lecteurs se sont litt\u00e9ralement ru\u00e9s ces derniers jours.<\/p>\n<p><a href=\"https:\/\/images.frandroid.com\/wp-content\/uploads\/2025\/09\/nakamura-e-summit-730.jpg\" target=\"_blank\" class=\"article-content__figure\" rel=\"nofollow noopener\"><img loading=\"lazy\" decoding=\"async\" width=\"1200\" height=\"675\" src=\"https:\/\/www.europesays.com\/fr\/wp-content\/uploads\/2025\/09\/nakamura-e-summit-730-1200x675.jpg\" alt=\"\" class=\"wp-image-2802921 wp-image\"  \/><\/a><\/p>\n<p>\ud83d\udc49 <a href=\"https:\/\/shop.frandroid.com\/5px1jlyd\" target=\"_blank\" rel=\"nofollow affiliate sponsored noopener\">Voir l\u2019offre sur le Nakamura E-Summit 730 \u00e0 1 199,99 \u20ac chez Intersport (r\u00e9duction de 400 \u20ac)<\/a><\/p>\n<p>Le <b>Nakamura E-Summit 730<\/b> est un <b>VTT \u00e9lectrique taill\u00e9 pour les sentiers accident\u00e9s<\/b> comme pour les trajets urbains. Gr\u00e2ce \u00e0 une <b>r\u00e9duction de 400 \u20ac chez Intersport<\/b>, son prix chute \u00e0 <b>1 199,99 \u20ac au lieu de 1 599,99 \u20ac<\/b>. Il propose un <b>moteur central Naka E-Power One<\/b> avec <b>70 Nm de couple<\/b> pour bien grimper, une <b>batterie 375 Wh<\/b> offrant jusqu\u2019\u00e0 55 km d\u2019autonomie, et <b>une double suspension de 120 mm<\/b> pour un confort optimal. Bref, un mod\u00e8le bien \u00e9quip\u00e9, accessible pour moins de 1 200 \u20ac.<\/p>\n<p><a href=\"https:\/\/images.frandroid.com\/wp-content\/uploads\/2025\/09\/samasung-galaxy-s25-plus-french-days-frandroid.jpg\" target=\"_blank\" class=\"article-content__figure\" rel=\"nofollow noopener\"><img loading=\"lazy\" decoding=\"async\" width=\"1200\" height=\"675\" src=\"https:\/\/www.europesays.com\/fr\/wp-content\/uploads\/2025\/09\/samasung-galaxy-s25-plus-french-days-frandroid-1200x675.jpg\" alt=\"\" class=\"wp-image-2807969 wp-image\"  \/><\/a><\/p>\n<p>\ud83d\udc49 <a href=\"https:\/\/shop.frandroid.com\/zwe2grsc\" target=\"_blank\" rel=\"nofollow affiliate sponsored noopener\">Voir l\u2019offre sur le Samsung Galaxy S25 Plus \u00e0 749 \u20ac avec le code promo 200S25 chez Boulanger (r\u00e9duction de 423 \u20ac)<\/a><\/p>\n<p>Le <b>Samsung Galaxy S25 Plus<\/b> lanc\u00e9 d\u00e9but 2025 voit son prix chuter de mani\u00e8re impressionnante durant les French Days. <a href=\"https:\/\/shop.frandroid.com\/zwe2grsc\" target=\"_blank\" rel=\"nofollow affiliate sponsored noopener\">Boulanger le propose \u00e0 749 \u20ac au lieu de 1 172 \u20ac<\/a>, en appliquant le <b>code promo 200S25<\/b>. Pour ce tarif, vous b\u00e9n\u00e9ficiez d\u2019un <b>\u00e9cran 6,7\u201d AMOLED LTPO 120 Hz<\/b>, d\u2019un <b>Snapdragon 8 Elite<\/b> (exit Exynos !), de <b>256 Go de stockage<\/b> et d\u2019<b>une promesse de 7 ans de mises \u00e0 jour<\/b>. Son autonomie de 4 900 mAh avec recharge rapide 45 W en fait un produit ultra \u00e9quilibr\u00e9.<\/p>\n<p><a href=\"https:\/\/images.frandroid.com\/wp-content\/uploads\/2025\/09\/xiaomi-redmi-note-14-5g-french-days-2025.jpg\" target=\"_blank\" class=\"article-content__figure\" rel=\"nofollow noopener\"><img loading=\"lazy\" decoding=\"async\" width=\"1200\" height=\"675\" src=\"https:\/\/www.europesays.com\/fr\/wp-content\/uploads\/2025\/09\/xiaomi-redmi-note-14-5g-french-days-2025-1200x675.jpg\" alt=\"\" class=\"wp-image-2804533 wp-image\"  \/><\/a><\/p>\n<p>\ud83d\udc49 <a href=\"https:\/\/shop.frandroid.com\/i5avh3rx\" target=\"_blank\" rel=\"nofollow affiliate sponsored noopener\">Voir l\u2019offre sur le Xiaomi Redmi Note 14 5G \u00e0 154,99 \u20ac chez Cdiscount (code promo COCORICO15, r\u00e9duction de 145 \u20ac)<\/a><\/p>\n<p><b>Le Redmi Note 14 5G<\/b> b\u00e9n\u00e9ficie d\u2019une <b>\u00e9norme r\u00e9duction chez Cdiscount<\/b> durant les French Days. <a href=\"https:\/\/shop.frandroid.com\/i5avh3rx\" target=\"_blank\" rel=\"nofollow affiliate sponsored noopener\">Il est affich\u00e9 \u00e0 154,99 \u20ac au lieu de 299,99 \u20ac avec le code COCORICO15<\/a>. Ce smartphone entr\u00e9e de gamme ne fait pas l\u2019impasse sur les caract\u00e9ristiques : <b>\u00e9cran AMOLED Full HD+ 120 Hz<\/b>, <b>capteur de 108 Mpx<\/b>, <b>batterie deux jours d\u2019autonomie<\/b> et <b>256 Go extensibles via microSD<\/b>. Une version Pro, plus puissante, est aussi en promo.<\/p>\n<p><a href=\"https:\/\/images.frandroid.com\/wp-content\/uploads\/2025\/09\/girl2.jpg\" target=\"_blank\" class=\"article-content__figure\" rel=\"nofollow noopener\"><img loading=\"lazy\" decoding=\"async\" width=\"1200\" height=\"799\" src=\"https:\/\/www.europesays.com\/fr\/wp-content\/uploads\/2025\/09\/girl2-1200x799.jpg\" alt=\"\" class=\"wp-image-2806683 wp-image\"  \/><\/a><\/p>\n<p>\ud83d\udc49 <a href=\"https:\/\/shop.frandroid.com\/rseleytb\" target=\"_blank\" rel=\"nofollow affiliate sponsored noopener\">Voir l\u2019offre du forfait Cdiscount Mobile 300 Go \u00e0 9,99 \u20ac\/mois (sans engagement, carte SIM \u00e0 1 \u20ac)<\/a><\/p>\n<p>Cdiscount Mobile propose l\u2019un des meilleurs rapports <b>data\/prix du march\u00e9<\/b> \u00e0 l\u2019occasion des French Days : <a href=\"https:\/\/shop.frandroid.com\/rseleytb\" target=\"_blank\" rel=\"nofollow affiliate sponsored noopener\">un forfait 5G de 300 Go \u00e0 seulement 9,99 \u20ac\/mois<\/a>, sans engagement. Il repose sur le <b>r\u00e9seau Bouygues Telecom<\/b> et inclut appels, SMS\/MMS illimit\u00e9s, ainsi que <b>25 Go en Europe\/DOM<\/b>. Id\u00e9al pour ceux qui consomment beaucoup de data ou veulent remplacer ponctuellement leur box. D\u2019autres alternatives sont aussi propos\u00e9es : 130 Go \u00e0 7,99 \u20ac\/mois, ou 20 Go \u00e0 5,99 \u20ac\/mois \u2014 parfait pour adapter selon votre usage.<\/p>\n<p>\ud83d\udc49 Pour \u00eatre s\u00fbr de ne manquer aucun bons plans, consultez notre <a href=\"https:\/\/www.frandroid.com\/bons-plans\" rel=\"nofollow noopener\" target=\"_blank\">page Bons Plans<\/a>, rejoignez <strong>Frandroid Promos<\/strong> sur <a href=\"https:\/\/whatsapp.com\/channel\/0029VabYxm5LI8YhSlD8xc05\" target=\"_blank\" rel=\"nofollow noopener\">WhatsApp<\/a> ou suivez <a href=\"https:\/\/x.com\/frandroidpromos\" target=\"_blank\" rel=\"nofollow\">@frandroidpromos<\/a> sur <strong>X<\/strong> (Twitter).<\/p>\n<p>Merci de votre fid\u00e9lit\u00e9 et \u00e0 la semaine prochaine pour un nouveau R\u00e9cap\u2019 des meilleurs bons plans !<\/p>\n<p>French Days 2025 : ne ratez aucun bon plan avec Frandroid <\/p>\n<p>Les <a href=\"https:\/\/www.frandroid.com\/bons-plans\/2805055_les-french-days-2025-continuent-ce-vendredi-voici-le-top-des-offres-en-direct-sur-amazon-boulanger-fnac\" data-type=\"link\" data-id=\"https:\/\/www.frandroid.com\/bons-plans\/2805055_les-french-days-2025-continuent-ce-vendredi-voici-le-top-des-offres-en-direct-sur-amazon-boulanger-fnac\" target=\"_blank\" rel=\"noreferrer noopener nofollow\">French Days<\/a> reviennent en 2025 pour une deuxi\u00e8me \u00e9dition jusqu\u2019au 30 septembre prochain. Afin d\u2019y voir plus clair sur les diff\u00e9rentes offres Tech que nous recommandons chaudement lors de cette p\u00e9riode, voici quelques s\u00e9lections de produits :<\/p>\n<p>Et, pour ne rien louper des bons plans que nous partageons, voici quelques tips et liens utiles :<\/p>\n<ul class=\"wp-block-list\">\n<li>Suivez notre compte X\u00a0<a href=\"https:\/\/twitter.com\/FrandroidPromos\" target=\"_blank\" rel=\"noreferrer noopener nofollow\">@FrandroidPromos<\/a> uniquement d\u00e9di\u00e9 aux bons plans (pensez \u00e0 activer la cloche pour recevoir les notifications en temps r\u00e9el)<\/li>\n<li><a href=\"https:\/\/whatsapp.com\/channel\/0029VabYxm5LI8YhSlD8xc05\" target=\"_blank\" rel=\"noreferrer noopener nofollow\">Rejoignez notre canal WhatsApp<\/a> pour recevoir une fois par jour un condens\u00e9 des meilleures offres<\/li>\n<li>T\u00e9l\u00e9chargez notre <a href=\"https:\/\/www.frandroid.com\/telecharger\/apps\/frandroid\" target=\"_blank\" rel=\"noreferrer noopener nofollow\">application Frandroid<\/a> (disponible sur iOS et Android) pour activer les notifications de la cat\u00e9gorie \u00ab Bons Plans \u00bb et ainsi recevoir en temps r\u00e9el les nouveaux articles li\u00e9s aux French Days<\/li>\n<li>Abonnez-vous \u00e0 notre newsletter pour \u00eatre s\u00fbr de recevoir les offres en avant-premi\u00e8re (pas plus d\u2019un mail par jour, d\u00e9sinscription en 1 clic, aucune diffusion \u00e0 des tiers) :<\/li>\n<\/ul>\n<p class=\"newsletter-form__title is-size-6 is-size-7-mobile is-uppercase has-text-good-deals has-text-weight-semibold mb-4 px-5\">Frandroid Bons plans<\/p>\n<p class=\"has-text-centered-tablet newsletter-form__subtitle is-size-4 has-text-weight-bold has-text-primary column is-9-tablet is-10-mobile\">\n                C\u2019est enregistr\u00e9 ! Surveillez votre bo\u00eete aux lettres, vous allez entendre parler de nous\u00a0!\n            <\/p>\n<p class=\"newsletter-form__subtitle is-size-4 has-text-weight-bold has-text-gradient-pink\">Ne manquez aucun bon plan avec notre newsletter<\/p>\n<p class=\"is-size-7\">\n                Les donn\u00e9es transmises par le biais de ce formulaire sont destin\u00e9es \u00e0 Humanoid,<br \/>\n                soci\u00e9t\u00e9 \u00e9ditrice du site Frandroid en sa qualit\u00e9 de responsable de traitement.<br \/>\n                Elles ne seront en aucun cas c\u00e9d\u00e9es \u00e0 des tiers. Ces donn\u00e9es sont trait\u00e9es sous r\u00e9serve d\u2019obtention de<br \/>\n                votre consentement pour vous envoyer par e-mail des actualit\u00e9s et informations relatives aux contenus<br \/>\n                \u00e9ditoriaux publi\u00e9s sur Frandroid. Vous pouvez vous opposer \u00e0 tout moment \u00e0 ces e-mails<br \/>\n                en cliquant sur les liens de d\u00e9sinscriptions pr\u00e9sents dans chacun d\u2019eux. Pour plus d\u2019informations, vous<br \/>\n                pouvez consulter l\u2019int\u00e9gralit\u00e9 de notre <a href=\"https:\/\/www.frandroid.com\/politique-donnees-personnelles\" rel=\"nofollow noopener\" target=\"_blank\"><br \/>\n                politique de traitement de vos donn\u00e9es personnelles<\/a>.<br \/>\n                Vous disposez d\u2019un droit d\u2019acc\u00e8s, de rectification, d\u2019effacement, de limitation, de portabilit\u00e9 et<br \/>\n                d\u2019opposition pour motif l\u00e9gitime aux donn\u00e9es personnelles vous concernant. Pour exercer l\u2019un de ces droits,<br \/>\n                merci d\u2019effectuer votre demande via notre <a href=\"https:\/\/www.frandroid.com\/contact\/#RGPD\" rel=\"nofollow noopener\" target=\"_blank\">formulaire<br \/>\n                de demandes d\u2019exercices de droits d\u00e9di\u00e9<\/a>.\n            <\/p>\n<p>Contenu g\u00e9n\u00e9r\u00e9 automatiquement et v\u00e9rifi\u00e9 par la r\u00e9daction Frandroid.<\/p>\n<p>Envie de rejoindre une communaut\u00e9 de passionn\u00e9s ? <a href=\"https:\/\/discord.com\/invite\/frandroid-311789172149190657\" target=\"_blank\" rel=\"noopener nofollow\">Notre Discord<\/a> vous accueille, c\u2019est un lieu d\u2019entraide et de passion autour de la tech.<\/p>\n<p>            <script async src=\"https:\/\/platform.twitter.com\/widgets.js\" charset=\"utf-8\"><\/script><\/p>\n","protected":false},"excerpt":{"rendered":"French Days, promotions exceptionnelles et gros rabais sur des produits tr\u00e8s en vue : voici votre rendez-vous hebdomadaire&hellip;\n","protected":false},"author":2,"featured_media":421748,"comment_status":"","ping_status":"","sticky":false,"template":"","format":"standard","meta":{"footnotes":""},"categories":[7],"tags":[1011,27,50124,43,40,41,39,42,44],"class_list":{"0":"post-421747","1":"post","2":"type-post","3":"status-publish","4":"format-standard","5":"has-post-thumbnail","7":"category-sciences-et-technologies","8":"tag-fr","9":"tag-france","10":"tag-recap-bons-plans","11":"tag-science","12":"tag-science-and-technology","13":"tag-sciences","14":"tag-sciences-et-technologies","15":"tag-technologies","16":"tag-technology"},"share_on_mastodon":{"url":"https:\/\/pubeurope.com\/@fr\/115277133740437528","error":""},"_links":{"self":[{"href":"https:\/\/www.europesays.com\/fr\/wp-json\/wp\/v2\/posts\/421747","targetHints":{"allow":["GET"]}}],"collection":[{"href":"https:\/\/www.europesays.com\/fr\/wp-json\/wp\/v2\/posts"}],"about":[{"href":"https:\/\/www.europesays.com\/fr\/wp-json\/wp\/v2\/types\/post"}],"author":[{"embeddable":true,"href":"https:\/\/www.europesays.com\/fr\/wp-json\/wp\/v2\/users\/2"}],"replies":[{"embeddable":true,"href":"https:\/\/www.europesays.com\/fr\/wp-json\/wp\/v2\/comments?post=421747"}],"version-history":[{"count":0,"href":"https:\/\/www.europesays.com\/fr\/wp-json\/wp\/v2\/posts\/421747\/revisions"}],"wp:featuredmedia":[{"embeddable":true,"href":"https:\/\/www.europesays.com\/fr\/wp-json\/wp\/v2\/media\/421748"}],"wp:attachment":[{"href":"https:\/\/www.europesays.com\/fr\/wp-json\/wp\/v2\/media?parent=421747"}],"wp:term":[{"taxonomy":"category","embeddable":true,"href":"https:\/\/www.europesays.com\/fr\/wp-json\/wp\/v2\/categories?post=421747"},{"taxonomy":"post_tag","embeddable":true,"href":"https:\/\/www.europesays.com\/fr\/wp-json\/wp\/v2\/tags?post=421747"}],"curies":[{"name":"wp","href":"https:\/\/api.w.org\/{rel}","templated":true}]}}