{"id":421758,"date":"2025-09-27T16:14:25","date_gmt":"2025-09-27T16:14:25","guid":{"rendered":"https:\/\/www.europesays.com\/fr\/421758\/"},"modified":"2025-09-27T16:14:25","modified_gmt":"2025-09-27T16:14:25","slug":"pendant-deux-mois-aucun-train-ne-circulera-entre-le-puy-et-firminy-le-service-sera-remplace-par-des-autocars","status":"publish","type":"post","link":"https:\/\/www.europesays.com\/fr\/421758\/","title":{"rendered":"Pendant deux mois, aucun train ne circulera entre Le Puy et Firminy, le service sera remplac\u00e9 par des autocars"},"content":{"rendered":"<p>\t\t\t\t\t\t\t\t\t\t\t\t\t\t\t\t\t\t\t\t\t\t\t\t\t\t\t\t\t\t\t\t\t\t\t\t\t\t\t\t\t\t\t\t\t\t\t\t\t\t\t\t\t\t\t\t\t\t\t\t\t\t\t<a href=\"https:\/\/www.lacommere43.fr\/component\/banners\/click\/1820.html\" target=\"_blank\" title=\"Maison Velay septembre 2025\" rel=\"noopener\"><br \/>\n\t\t\t\t\t\t\t<img decoding=\"async\" loading=\"lazy\" src=\"https:\/\/www.europesays.com\/fr\/wp-content\/uploads\/2025\/09\/1758989662_828_La_Commre_43_Pav__H600_x_L600_px2025.jpg\" alt=\"Maison Velay septembre 2025\"\/><br \/>\n\t\t\t\t\t\t<\/a><\/p>\n<p>\t\t\t\t\t\t\t\t\t\t\t\t\t\t\t\t\t\t\t\t\t\t\t\t\t\t\t\t\t\t\t\t\t\t\t\t\t\t\t\t\t\t\t\t\t\t\t\t\t\t\t\t\t\t\t\t\t\t\t\t\t\t\t<a href=\"https:\/\/www.lacommere43.fr\/component\/banners\/click\/1819.html\" target=\"_blank\" title=\"Saint-Romain-Lachalm Durieux Fermetures septembre 2025\" rel=\"noopener\"><br \/>\n\t\t\t\t\t\t\t<img decoding=\"async\" loading=\"lazy\" src=\"https:\/\/www.europesays.com\/fr\/wp-content\/uploads\/2025\/09\/La-Commre-43---17-09-au-07-10-25-carrs.gif\" alt=\"Saint-Romain-Lachalm Durieux Fermetures septembre 2025\"\/><br \/>\n\t\t\t\t\t\t<\/a><\/p>\n<p><strong>A compter du lundi 29 septembre et jusqu\u2019au vendredi 12 d\u00e9cembre 2025, SNCF R\u00e9seau conduit des travaux de r\u00e9g\u00e9n\u00e9ration de voie et d\u2019ouvrages d\u2019art et en terre, sur la section de ligne ferroviaire entre Le Puy-en-Velay et Firminy.<\/strong><\/p>\n<p>Les \u00e9quipes de SNCF R\u00e9seau interviendront en gare du Puy-en-Velay afin de renouveler les composants de la voie ferr\u00e9e (rails, traverses, ballast) et r\u00e9aliseront des travaux hydrauliques.<\/p>\n<p>Sur la section de ligne entre Le Puy-en-Velay et Firminy, les travaux consisteront \u00e0 r\u00e9g\u00e9n\u00e9rer des ouvrages d\u2019art (pont ferroviaire de Sem\u00e8ne), \u00e0 s\u00e9curiser des parois rocheuses et conforter des talus (au niveau de la tranch\u00e9e de Chadrac et des tunnels de Bout\u00e8re, Nantet, Gournier et Mesonnet), et \u00e0 remplacer des installations de signalisation.<\/p>\n<p>Par ailleurs, le passage \u00e0 niveau 45 bis, situ\u00e9 rue de la Loire \u00e0 Aurec-sur-Loire, sera ferm\u00e9 aux circulations routi\u00e8res et pi\u00e9tonnes pendant toute la dur\u00e9e du chantier.<\/p>\n<p>Un cheminement provisoire pour les pi\u00e9tons, accessible aux personnes \u00e0 mobilit\u00e9 r\u00e9duite, sera mis en place pour permettre la travers\u00e9e de la voie et conserver une liaison entre le centre-ville et la passerelle sur la Loire. Pour les v\u00e9hicules, une d\u00e9viation routi\u00e8re sera organis\u00e9e en lien avec les services de la mairie.<\/p>\n<p>Sous le pont ferroviaire de Sem\u00e8ne, situ\u00e9 entre les routes de Saint-Paul et du Pont-Neuf sur la commune d\u2019Aurec-sur-Loire, les circulations routi\u00e8res et pi\u00e9tonnes seront interdites sous l\u2019ouvrage courant novembre (la p\u00e9riode pr\u00e9cise reste \u00e0 confirmer).<\/p>\n<p>\u00ab\u00a0Cette op\u00e9ration, d\u2019un montant de 5,7 millions d\u2019euros financ\u00e9s par l\u2019Etat (76,5%), la R\u00e9gion Auvergne-Rh\u00f4ne-Alpes (15%) et SNCF R\u00e9seau (8,5%), a pour objectifs de maintenir le niveau de performance actuel de la desserte entre Le Puy-en-Velay et Firminy, de garantir la s\u00e9curit\u00e9 et la r\u00e9gularit\u00e9 de cette section de ligne\u00a0\u00bb, argumente la SNCF.<\/p>\n<p>Le chantier se d\u00e9roulera en journ\u00e9e et n\u00e9cessitera l\u2019interruption totale des circulations ferroviaires pendant la dur\u00e9e des travaux.<\/p>\n","protected":false},"excerpt":{"rendered":"A compter du lundi 29 septembre et jusqu\u2019au vendredi 12 d\u00e9cembre 2025, SNCF R\u00e9seau conduit des travaux de&hellip;\n","protected":false},"author":2,"featured_media":421759,"comment_status":"","ping_status":"","sticky":false,"template":"","format":"standard","meta":{"footnotes":""},"categories":[9653],"tags":[1111,2281,11,2430,1777,674,2282,1011,27,2280,2284,2285,2283,12,25,4001],"class_list":{"0":"post-421758","1":"post","2":"type-post","3":"status-publish","4":"format-standard","5":"has-post-thumbnail","7":"category-saint-etienne","8":"tag-actu","9":"tag-actualite-43","10":"tag-actualites","11":"tag-auvergne-rhone-alpes","12":"tag-eu","13":"tag-europe","14":"tag-faits-divers-auvergne","15":"tag-fr","16":"tag-france","17":"tag-information-haute-loire","18":"tag-infos-43","19":"tag-journal-haute-loire","20":"tag-la-commere-43","21":"tag-news","22":"tag-republique-francaise","23":"tag-saint-etienne"},"share_on_mastodon":{"url":"https:\/\/pubeurope.com\/@fr\/115277153697162904","error":""},"_links":{"self":[{"href":"https:\/\/www.europesays.com\/fr\/wp-json\/wp\/v2\/posts\/421758","targetHints":{"allow":["GET"]}}],"collection":[{"href":"https:\/\/www.europesays.com\/fr\/wp-json\/wp\/v2\/posts"}],"about":[{"href":"https:\/\/www.europesays.com\/fr\/wp-json\/wp\/v2\/types\/post"}],"author":[{"embeddable":true,"href":"https:\/\/www.europesays.com\/fr\/wp-json\/wp\/v2\/users\/2"}],"replies":[{"embeddable":true,"href":"https:\/\/www.europesays.com\/fr\/wp-json\/wp\/v2\/comments?post=421758"}],"version-history":[{"count":0,"href":"https:\/\/www.europesays.com\/fr\/wp-json\/wp\/v2\/posts\/421758\/revisions"}],"wp:featuredmedia":[{"embeddable":true,"href":"https:\/\/www.europesays.com\/fr\/wp-json\/wp\/v2\/media\/421759"}],"wp:attachment":[{"href":"https:\/\/www.europesays.com\/fr\/wp-json\/wp\/v2\/media?parent=421758"}],"wp:term":[{"taxonomy":"category","embeddable":true,"href":"https:\/\/www.europesays.com\/fr\/wp-json\/wp\/v2\/categories?post=421758"},{"taxonomy":"post_tag","embeddable":true,"href":"https:\/\/www.europesays.com\/fr\/wp-json\/wp\/v2\/tags?post=421758"}],"curies":[{"name":"wp","href":"https:\/\/api.w.org\/{rel}","templated":true}]}}