{"id":421760,"date":"2025-09-27T16:15:40","date_gmt":"2025-09-27T16:15:40","guid":{"rendered":"https:\/\/www.europesays.com\/fr\/421760\/"},"modified":"2025-09-27T16:15:40","modified_gmt":"2025-09-27T16:15:40","slug":"saint-etienne-guingamp-a-quelle-heure-et-sur-quelle-chaine-voir-la-8e-journee-de-ligue-2","status":"publish","type":"post","link":"https:\/\/www.europesays.com\/fr\/421760\/","title":{"rendered":"Saint-\u00c9tienne &#8211; Guingamp. \u00c0 quelle heure et sur quelle cha\u00eene voir la 8e\u00a0journ\u00e9e de Ligue 2\u00a0?"},"content":{"rendered":"<p>Le d\u00e9fi s\u2019annonce de taille pour les Guingampais. \u00c0 l\u2019occasion de la 8e journ\u00e9e de Ligue 2, En Avant Guingamp se d\u00e9place sur la pelouse de Saint-\u00c9tienne, ce samedi 27\u00a0septembre (20\u00a0h). Les hommes de Sylvain Ripoll, barragistes la saison derni\u00e8re, connaissent un d\u00e9but de saison mitig\u00e9, au contraire de l\u2019ASSE. Les hommes d\u2019Eirik Horneland, invaincus jusqu\u2019alors, \u00e9voluent dans la peau d\u2019un solide leader, candidat tr\u00e8s cr\u00e9dible \u00e0 la (re) mont\u00e9e en Ligue 1\u00a0cette saison.\u00a0Horaire, diffusion TV\u2026 Voici tout ce qu\u2019il faut savoir pour suivre le match de L2.<\/p>\n<p>\u00c0 quelle heure suivre Saint-\u00c9tienne &#8211; Guingamp\u00a0?<\/p>\n<p>Le coup d\u2019envoi de la rencontre sera donn\u00e9 \u00e0 20\u00a0h au stade\u00a0Geoffroy-Guichard.<\/p>\n<p><strong>Lire aussi\u00a0:<\/strong> <a href=\"https:\/\/guingamp.maville.com\/sport\/detail_-ea-guingamp.-savoir-gerer-les-temps-faibles-des-entames-spectaculaires-des-fins-sous-tension-_5-6992138_actu.Htm\" target=\"_blank\" rel=\"nofollow noopener\">EA Guingamp. \u00ab\u00a0Savoir g\u00e9rer les temps faibles\u00a0\u00bb\u00a0: des entames spectaculaires, des fins sous tension<\/a><\/p>\n<p>Sur quelle cha\u00eene regarder Saint-\u00c9tienne &#8211; Guingamp\u00a0?<\/p>\n<p>La rencontre entre Saint\u00e9 et En Avant sera \u00e0 suivre en direct et en int\u00e9gralit\u00e9 sur les antennes de beIN Sports 1, avec une prise d\u2019antenne d\u00e8s 19\u00a0h\u00a030 pour l\u2019avant match. Un live comment\u00e9 sera \u00e9galement assur\u00e9 sur ouest-france.fr<\/p>\n<p>\u00a0<\/p>\n","protected":false},"excerpt":{"rendered":"Le d\u00e9fi s\u2019annonce de taille pour les Guingampais. \u00c0 l\u2019occasion de la 8e journ\u00e9e de Ligue 2, En&hellip;\n","protected":false},"author":2,"featured_media":421761,"comment_status":"","ping_status":"","sticky":false,"template":"","format":"standard","meta":{"footnotes":""},"categories":[9653],"tags":[1111,11,1438,2063,2430,1777,674,1011,27,1922,1393,2487,12,1404,25,2923,4001,4251,853],"class_list":{"0":"post-421760","1":"post","2":"type-post","3":"status-publish","4":"format-standard","5":"has-post-thumbnail","7":"category-saint-etienne","8":"tag-actu","9":"tag-actualites","10":"tag-angers","11":"tag-annonces","12":"tag-auvergne-rhone-alpes","13":"tag-eu","14":"tag-europe","15":"tag-fr","16":"tag-france","17":"tag-info","18":"tag-loisirs","19":"tag-meteo","20":"tag-news","21":"tag-quotidien","22":"tag-republique-francaise","23":"tag-restaurants","24":"tag-saint-etienne","25":"tag-sortir","26":"tag-spectacles"},"share_on_mastodon":{"url":"https:\/\/pubeurope.com\/@fr\/115277157207875770","error":""},"_links":{"self":[{"href":"https:\/\/www.europesays.com\/fr\/wp-json\/wp\/v2\/posts\/421760","targetHints":{"allow":["GET"]}}],"collection":[{"href":"https:\/\/www.europesays.com\/fr\/wp-json\/wp\/v2\/posts"}],"about":[{"href":"https:\/\/www.europesays.com\/fr\/wp-json\/wp\/v2\/types\/post"}],"author":[{"embeddable":true,"href":"https:\/\/www.europesays.com\/fr\/wp-json\/wp\/v2\/users\/2"}],"replies":[{"embeddable":true,"href":"https:\/\/www.europesays.com\/fr\/wp-json\/wp\/v2\/comments?post=421760"}],"version-history":[{"count":0,"href":"https:\/\/www.europesays.com\/fr\/wp-json\/wp\/v2\/posts\/421760\/revisions"}],"wp:featuredmedia":[{"embeddable":true,"href":"https:\/\/www.europesays.com\/fr\/wp-json\/wp\/v2\/media\/421761"}],"wp:attachment":[{"href":"https:\/\/www.europesays.com\/fr\/wp-json\/wp\/v2\/media?parent=421760"}],"wp:term":[{"taxonomy":"category","embeddable":true,"href":"https:\/\/www.europesays.com\/fr\/wp-json\/wp\/v2\/categories?post=421760"},{"taxonomy":"post_tag","embeddable":true,"href":"https:\/\/www.europesays.com\/fr\/wp-json\/wp\/v2\/tags?post=421760"}],"curies":[{"name":"wp","href":"https:\/\/api.w.org\/{rel}","templated":true}]}}