{"id":421762,"date":"2025-09-27T16:16:09","date_gmt":"2025-09-27T16:16:09","guid":{"rendered":"https:\/\/www.europesays.com\/fr\/421762\/"},"modified":"2025-09-27T16:16:09","modified_gmt":"2025-09-27T16:16:09","slug":"le-grand-balcon-de-lhotel-de-ville-de-nancy-ne-sera-pas-restaure-tout-de-suite-comme-prevu-voici-pourquoi","status":"publish","type":"post","link":"https:\/\/www.europesays.com\/fr\/421762\/","title":{"rendered":"Le grand balcon de l\u2019h\u00f4tel de ville de Nancy ne sera pas restaur\u00e9 tout de suite comme pr\u00e9vu :\u00a0voici\u00a0pourquoi"},"content":{"rendered":"<p>            Par<br \/>\n        <strong><br \/>\n            <a href=\"https:\/\/actu.fr\/auteur\/pierre-emile-bouchy-actu-fr\" title=\"Consulter tous les articles de Paul-Emile Bouchy\" target=\"_blank\" rel=\"noopener\">Paul-Emile Bouchy<\/a><br \/>\n        <\/strong><\/p>\n<p>        Publi\u00e9 le<\/p>\n<p>            27 sept. 2025 \u00e0 18h02        <\/p>\n<p>Riche d\u2019un patrimoine qui fait d\u2019elle <a href=\"https:\/\/actu.fr\/grand-est\/nancy_54395\/pourquoi-nancy-est-la-4e-ville-de-france-qui-compte-le-plus-de-monuments-historiques_60048096.html\" target=\"_blank\" rel=\"noopener\">la 4e ville de France comptant le plus de monuments historiques<\/a>, <strong>Nancy <\/strong>conna\u00eet r\u00e9guli\u00e8rement des travaux de restauration, \u00e0 l\u2019instar de <a href=\"https:\/\/actu.fr\/grand-est\/nancy_54395\/nancy-des-travaux-de-restauration-vont-debuter-dans-la-basilique-saint-epvre-voici-ce-qui-est-prevu_63188243.html\" target=\"_blank\" rel=\"noopener\">ceux de la basilique Saint-Epvre<\/a> qui vont d\u00e9buter dans les prochains mois.<br \/>La municipalit\u00e9 avait \u00e9galement pour projet de<strong> restaurer le grand balcon de l\u2019h\u00f4tel de ville<\/strong>, notamment connu pour accueillir chaque ann\u00e9e le patron des Lorrains lors du d\u00e9fil\u00e9 des <a href=\"https:\/\/actu.fr\/grand-est\/nancy_54395\/fetes-de-saint-nicolas-a-nancy-dates-theme-nouveautes-voici-tout-ce-que-l-on-sait-deja-de-l-edition-2025_63173235.html\" target=\"_blank\" rel=\"noopener\">F\u00eates de Saint-Nicolas<\/a>. <strong>Cette restauration a d\u00fb \u00eatre suspendue d\u00e9but 2025<\/strong>. On vous explique pourquoi.<\/p>\n<p>Un co\u00fbt de restauration qui a doubl\u00e9 en quelques mois<\/p>\n<p class=\" wall-content\">En 2021, la Ville de Nancy avait lanc\u00e9 trois souscriptions publiques avec la Fondation du Patrimoine pour restaurer trois ouvrages\u2009: <strong>une statue de Gustave Rodin<\/strong> dans le <a href=\"https:\/\/actu.fr\/tag\/parc-de-la-pepiniere\" target=\"_blank\" rel=\"noopener\">parc de la P\u00e9pini\u00e8re<\/a>, <strong>le vitrail de saint Nicolas et sainte Odile dans la basilique Saint-Epvre<\/strong> et <strong>le grand balcon de l\u2019h\u00f4tel de ville<\/strong>.<\/p>\n<p class=\" wall-content\">Si le premier projet est r\u00e9alis\u00e9 et le second en passe de l\u2019\u00eatre, le troisi\u00e8me n\u2019est plus \u00e0 l\u2019ordre du jour. \u00ab\u2009Initialement, la restauration du balcon \u00e9tait estim\u00e9e \u00e0 120\u2009000 euros, mais\u00a0<strong>les co\u00fbts des mat\u00e9riaux et de la main-d\u2019\u0153uvre ont explos\u00e9 et cette somme a plus que doubl\u00e9<\/strong>\u2009\u00bb, explique Fr\u00e9d\u00e9ric Maguin, adjoint d\u00e9l\u00e9gu\u00e9 au patrimoine \u00e0 la Ville de Nancy.<\/p>\n<p>La somme des donateurs revers\u00e9e \u00e0 un autre projet<\/p>\n<p class=\" wall-content\">Face \u00e0 ce constat et l\u2019impossibilit\u00e9 de couvrir ne serait-ce que la moiti\u00e9 des travaux gr\u00e2ce \u00e0 l\u2019argent des donateurs, la Ville de Nancy a choisi de <strong>cl\u00f4turer la souscription publique<\/strong>. Apr\u00e8s en avoir inform\u00e9 les souscripteurs, la d\u00e9cision a \u00e9t\u00e9 prise de transf\u00e9rer la somme r\u00e9colt\u00e9e vers la restauration du vitrail de la basilique Saint-Epvre*.<\/p>\n<p class=\" wall-content\">\u00ab\u2009Ce qui est positif, c\u2019est que les deux premi\u00e8res souscriptions ont abouti. Il faut aussi retenir la le\u00e7on et, <strong>\u00e0 l\u2019avenir, ne plus faire de souscription au-del\u00e0 de 100\u2009000\u00a0euros<\/strong>\u2009\u00bb, indique l\u2019\u00e9lu.<\/p>\n<p class=\" wall-content\">\u00ab\u2009Il y a aussi de grands projets qui sont en cours comme la r\u00e9novation de la <a href=\"https:\/\/actu.fr\/grand-est\/nancy_54395\/nancy-la-villa-majorelle-sera-entierement-renovee-en-2026-avec-de-nouveaux-espaces-ouverts-au-public_61099638.html\" target=\"_blank\" rel=\"noopener\">Villa Majorelle<\/a> et du <a href=\"https:\/\/actu.fr\/grand-est\/nancy_54395\/les-travaux-du-grand-hotel-de-la-reine-debutent-place-stanislas-voici-les-differentes-etapes-du-chantier_61738184.html\" target=\"_blank\" rel=\"noopener\">Grand H\u00f4tel de la Reine place Stanislas<\/a>. C\u2019est du patrimoine qui appartient \u00e0 la Ville et ce sont des millions d\u2019euros qui sont investis\u2009\u00bb, conclut-il.<\/p>\n<p class=\" wall-content\">* La souscription publique reste ouverte jusqu\u2019\u00e0 la fin de l\u2019ann\u00e9e 2026 via\u00a0<a href=\"https:\/\/www.fondation-patrimoine.org\/les-projets\/vitrail-st-nicolas-et-ste-odile-de-la-basilique-st-epvre-a-nancy\/78170\/faire-un-don?selectedAmount=250\" target=\"_blank\" rel=\"noopener\">ce lien<\/a>.<\/p>\n<p class=\" wall-content\">Personnalisez votre actualit\u00e9 en ajoutant vos villes et m\u00e9dias en favori avec <a href=\"https:\/\/moncompte.actu.fr\" title=\"D\u00e9couvez Mon Actu\" rel=\"nofollow noopener\" data-trk=\"{&quot;cta&quot;:{&quot;action&quot;:&quot;https:\\\/\\\/moncompte.actu.fr&quot;,&quot;category&quot;:&quot;mon compte&quot;,&quot;from&quot;:&quot;article footer&quot;,&quot;name&quot;:&quot;Mon actu&quot;,&quot;type&quot;:&quot;cta&quot;}}\" target=\"_blank\">Mon Actu<\/a>.<\/p>\n","protected":false},"excerpt":{"rendered":"Par Paul-Emile Bouchy Publi\u00e9 le 27 sept. 2025 \u00e0 18h02 Riche d\u2019un patrimoine qui fait d\u2019elle la 4e&hellip;\n","protected":false},"author":2,"featured_media":421763,"comment_status":"","ping_status":"","sticky":false,"template":"","format":"standard","meta":{"footnotes":""},"categories":[9635],"tags":[1111,11,1777,674,1011,27,775,1702,12,2551,9647,25,104],"class_list":{"0":"post-421762","1":"post","2":"type-post","3":"status-publish","4":"format-standard","5":"has-post-thumbnail","7":"category-nancy","8":"tag-actu","9":"tag-actualites","10":"tag-eu","11":"tag-europe","12":"tag-fr","13":"tag-france","14":"tag-grand-est","15":"tag-nancy","16":"tag-news","17":"tag-patrimoine","18":"tag-place-stanislas","19":"tag-republique-francaise","20":"tag-societe"},"share_on_mastodon":{"url":"https:\/\/pubeurope.com\/@fr\/115277160963726361","error":""},"_links":{"self":[{"href":"https:\/\/www.europesays.com\/fr\/wp-json\/wp\/v2\/posts\/421762","targetHints":{"allow":["GET"]}}],"collection":[{"href":"https:\/\/www.europesays.com\/fr\/wp-json\/wp\/v2\/posts"}],"about":[{"href":"https:\/\/www.europesays.com\/fr\/wp-json\/wp\/v2\/types\/post"}],"author":[{"embeddable":true,"href":"https:\/\/www.europesays.com\/fr\/wp-json\/wp\/v2\/users\/2"}],"replies":[{"embeddable":true,"href":"https:\/\/www.europesays.com\/fr\/wp-json\/wp\/v2\/comments?post=421762"}],"version-history":[{"count":0,"href":"https:\/\/www.europesays.com\/fr\/wp-json\/wp\/v2\/posts\/421762\/revisions"}],"wp:featuredmedia":[{"embeddable":true,"href":"https:\/\/www.europesays.com\/fr\/wp-json\/wp\/v2\/media\/421763"}],"wp:attachment":[{"href":"https:\/\/www.europesays.com\/fr\/wp-json\/wp\/v2\/media?parent=421762"}],"wp:term":[{"taxonomy":"category","embeddable":true,"href":"https:\/\/www.europesays.com\/fr\/wp-json\/wp\/v2\/categories?post=421762"},{"taxonomy":"post_tag","embeddable":true,"href":"https:\/\/www.europesays.com\/fr\/wp-json\/wp\/v2\/tags?post=421762"}],"curies":[{"name":"wp","href":"https:\/\/api.w.org\/{rel}","templated":true}]}}