{"id":421764,"date":"2025-09-27T16:18:04","date_gmt":"2025-09-27T16:18:04","guid":{"rendered":"https:\/\/www.europesays.com\/fr\/421764\/"},"modified":"2025-09-27T16:18:04","modified_gmt":"2025-09-27T16:18:04","slug":"se-projeter-sinformer-et-prendre-soin-de-soi-au-centre-prouve","status":"publish","type":"post","link":"https:\/\/www.europesays.com\/fr\/421764\/","title":{"rendered":"se projeter, s\u2019informer et prendre soin de soi au Centre Prouv\u00e9"},"content":{"rendered":"<p>Le salon \u00ab\u00a0Y\u2019a Pas d\u2019\u00c2ge 2025\u00a0\u00bb, co-organis\u00e9 par Destination Nancy et l\u2019agence Quinze Mai, se d\u00e9roulait ce week-end au Centre Prouv\u00e9 \u00e0 Nancy. Cet \u00e9v\u00e9nement gratuit, d\u00e9di\u00e9 aux 55 ans et plus, proposait pendant deux jours un programme riche et inspirant : plus de 50 exposants, 40 conf\u00e9rences et ateliers pratiques et de nombreux temps forts autour de la sant\u00e9, la retraite, le patrimoine et les loisirs.<\/p>\n","protected":false},"excerpt":{"rendered":"Le salon \u00ab\u00a0Y\u2019a Pas d\u2019\u00c2ge 2025\u00a0\u00bb, co-organis\u00e9 par Destination Nancy et l\u2019agence Quinze Mai, se d\u00e9roulait ce week-end&hellip;\n","protected":false},"author":2,"featured_media":421765,"comment_status":"","ping_status":"","sticky":false,"template":"","format":"standard","meta":{"footnotes":""},"categories":[9635],"tags":[1111,11,1687,1704,1777,674,1795,1011,27,2798,775,1702,12,25],"class_list":{"0":"post-421764","1":"post","2":"type-post","3":"status-publish","4":"format-standard","5":"has-post-thumbnail","7":"category-nancy","8":"tag-actu","9":"tag-actualites","10":"tag-culture-loisirs","11":"tag-edition-nancy-et-agglomeration","12":"tag-eu","13":"tag-europe","14":"tag-fil-web","15":"tag-fr","16":"tag-france","17":"tag-galerie-photo","18":"tag-grand-est","19":"tag-nancy","20":"tag-news","21":"tag-republique-francaise"},"share_on_mastodon":{"url":"https:\/\/pubeurope.com\/@fr\/115277168966667241","error":""},"_links":{"self":[{"href":"https:\/\/www.europesays.com\/fr\/wp-json\/wp\/v2\/posts\/421764","targetHints":{"allow":["GET"]}}],"collection":[{"href":"https:\/\/www.europesays.com\/fr\/wp-json\/wp\/v2\/posts"}],"about":[{"href":"https:\/\/www.europesays.com\/fr\/wp-json\/wp\/v2\/types\/post"}],"author":[{"embeddable":true,"href":"https:\/\/www.europesays.com\/fr\/wp-json\/wp\/v2\/users\/2"}],"replies":[{"embeddable":true,"href":"https:\/\/www.europesays.com\/fr\/wp-json\/wp\/v2\/comments?post=421764"}],"version-history":[{"count":0,"href":"https:\/\/www.europesays.com\/fr\/wp-json\/wp\/v2\/posts\/421764\/revisions"}],"wp:featuredmedia":[{"embeddable":true,"href":"https:\/\/www.europesays.com\/fr\/wp-json\/wp\/v2\/media\/421765"}],"wp:attachment":[{"href":"https:\/\/www.europesays.com\/fr\/wp-json\/wp\/v2\/media?parent=421764"}],"wp:term":[{"taxonomy":"category","embeddable":true,"href":"https:\/\/www.europesays.com\/fr\/wp-json\/wp\/v2\/categories?post=421764"},{"taxonomy":"post_tag","embeddable":true,"href":"https:\/\/www.europesays.com\/fr\/wp-json\/wp\/v2\/tags?post=421764"}],"curies":[{"name":"wp","href":"https:\/\/api.w.org\/{rel}","templated":true}]}}