{"id":421766,"date":"2025-09-27T16:19:15","date_gmt":"2025-09-27T16:19:15","guid":{"rendered":"https:\/\/www.europesays.com\/fr\/421766\/"},"modified":"2025-09-27T16:19:15","modified_gmt":"2025-09-27T16:19:15","slug":"endommage-par-les-intemperies-ce-supermarche-restera-ferme-plusieurs-mois","status":"publish","type":"post","link":"https:\/\/www.europesays.com\/fr\/421766\/","title":{"rendered":"endommag\u00e9 par les intemp\u00e9ries, ce supermarch\u00e9 restera ferm\u00e9 plusieurs mois"},"content":{"rendered":"<p>            Par<br \/>\n        <strong><br \/>\n            <a href=\"https:\/\/actu.fr\/auteur\/guillemette-herve\" title=\"Consulter tous les articles de Agence de presse APEI\" target=\"_blank\" rel=\"noopener\">Agence de presse APEI<\/a><br \/>\n        <\/strong><\/p>\n<p>        Publi\u00e9 le<\/p>\n<p>            26 sept. 2025 \u00e0 12h12        <\/p>\n<p>Le d\u00e9luge qu\u2019a connu la r\u00e9gion toulonnaise, dimanche 21 septembre 2025, a particuli\u00e8rement touch\u00e9 la commune de <a href=\"https:\/\/actu.fr\/provence-alpes-cote-d-azur\/la-garde_83062\/var-une-femme-de-29-ans-secourue-apres-etre-restee-coincee-sous-un-train-a-la-garde_62751496.html\" target=\"_blank\" rel=\"noopener\">La Garde<\/a>, o\u00f9 l\u2019eau est mont\u00e9e jusqu\u2019\u00e0 <strong>un m\u00e8tre de hauteur<\/strong>, et son magasin Intermarch\u00e9.<\/p>\n<p>Les salari\u00e9s en activit\u00e9 partielle<\/p>\n<p class=\" wall-content\">Dans ce supermarch\u00e9, les d\u00e9g\u00e2ts sont importants. Sous le poids de l\u2019eau, la charpente s\u2019est \u00e9croul\u00e9e, provoquant <strong>une gigantesque vague<\/strong> qui a noy\u00e9 le magasin, raconte <a href=\"https:\/\/www.nicematin.com\/economie\/commerce\/fortement-touche-par-les-intemperies-l-intermarche-de-la-garde-ne-rouvrira-pas-avant-2026-10648947\" target=\"_blank\" rel=\"noopener\">Nice Matin<\/a>.<\/p>\n<p class=\" wall-content\">Plusieurs semaines de <a href=\"https:\/\/actu.fr\/provence-alpes-cote-d-azur\/tourrettes_83138\/var-des-travaux-ont-debute-sur-la-rd-56-a-tourrettes_63214722.html\" target=\"_blank\" rel=\"noopener\">travaux<\/a> seront donc n\u00e9cessaires avant d\u2019envisager une r\u00e9ouverture, qui n\u2019est pas attendue avant l\u2019ann\u00e9e prochaine. \u00c0 partir du mois d\u2019octobre, <strong>les 150 salari\u00e9s<\/strong> du magasin seront mis en activit\u00e9 partielle.<\/p>\n<p class=\" wall-content\">Personnalisez votre actualit\u00e9 en ajoutant vos villes et m\u00e9dias en favori avec <a href=\"https:\/\/moncompte.actu.fr\" title=\"D\u00e9couvez Mon Actu\" rel=\"nofollow noopener\" data-trk=\"{&quot;cta&quot;:{&quot;action&quot;:&quot;https:\\\/\\\/moncompte.actu.fr&quot;,&quot;category&quot;:&quot;mon compte&quot;,&quot;from&quot;:&quot;article footer&quot;,&quot;name&quot;:&quot;Mon actu&quot;,&quot;type&quot;:&quot;cta&quot;}}\" target=\"_blank\">Mon Actu<\/a>.<\/p>\n","protected":false},"excerpt":{"rendered":"Par Agence de presse APEI Publi\u00e9 le 26 sept. 2025 \u00e0 12h12 Le d\u00e9luge qu\u2019a connu la r\u00e9gion&hellip;\n","protected":false},"author":2,"featured_media":421767,"comment_status":"","ping_status":"","sticky":false,"template":"","format":"standard","meta":{"footnotes":""},"categories":[9619],"tags":[1111,11,215,1777,674,1011,27,12,4594,882,25,104,2310],"class_list":{"0":"post-421766","1":"post","2":"type-post","3":"status-publish","4":"format-standard","5":"has-post-thumbnail","7":"category-toulon","8":"tag-actu","9":"tag-actualites","10":"tag-commerce","11":"tag-eu","12":"tag-europe","13":"tag-fr","14":"tag-france","15":"tag-news","16":"tag-orages","17":"tag-provence-alpes-cote-dazur","18":"tag-republique-francaise","19":"tag-societe","20":"tag-toulon"},"share_on_mastodon":{"url":"https:\/\/pubeurope.com\/@fr\/115277172910867802","error":""},"_links":{"self":[{"href":"https:\/\/www.europesays.com\/fr\/wp-json\/wp\/v2\/posts\/421766","targetHints":{"allow":["GET"]}}],"collection":[{"href":"https:\/\/www.europesays.com\/fr\/wp-json\/wp\/v2\/posts"}],"about":[{"href":"https:\/\/www.europesays.com\/fr\/wp-json\/wp\/v2\/types\/post"}],"author":[{"embeddable":true,"href":"https:\/\/www.europesays.com\/fr\/wp-json\/wp\/v2\/users\/2"}],"replies":[{"embeddable":true,"href":"https:\/\/www.europesays.com\/fr\/wp-json\/wp\/v2\/comments?post=421766"}],"version-history":[{"count":0,"href":"https:\/\/www.europesays.com\/fr\/wp-json\/wp\/v2\/posts\/421766\/revisions"}],"wp:featuredmedia":[{"embeddable":true,"href":"https:\/\/www.europesays.com\/fr\/wp-json\/wp\/v2\/media\/421767"}],"wp:attachment":[{"href":"https:\/\/www.europesays.com\/fr\/wp-json\/wp\/v2\/media?parent=421766"}],"wp:term":[{"taxonomy":"category","embeddable":true,"href":"https:\/\/www.europesays.com\/fr\/wp-json\/wp\/v2\/categories?post=421766"},{"taxonomy":"post_tag","embeddable":true,"href":"https:\/\/www.europesays.com\/fr\/wp-json\/wp\/v2\/tags?post=421766"}],"curies":[{"name":"wp","href":"https:\/\/api.w.org\/{rel}","templated":true}]}}