{"id":421772,"date":"2025-09-27T16:22:11","date_gmt":"2025-09-27T16:22:11","guid":{"rendered":"https:\/\/www.europesays.com\/fr\/421772\/"},"modified":"2025-09-27T16:22:11","modified_gmt":"2025-09-27T16:22:11","slug":"montpellier-bize-minervois-chambourcy-et-saint-tropez","status":"publish","type":"post","link":"https:\/\/www.europesays.com\/fr\/421772\/","title":{"rendered":"Montpellier, Bize-Minervois, Chambourcy et Saint-Tropez"},"content":{"rendered":"<p>            Description de l&rsquo;\u00e9pisode<\/p>\n<p>William Leymergie propose aux auditeurs une balade originale, hors des sentiers battus, \u00e0 la d\u00e9couverte des diff\u00e9rentes r\u00e9gions de France, de leurs sites les plus insolites, mais \u00e9galement de ceux poss\u00e9dant un savoir-faire unique, ajout\u00e9 \u00e0 cela des balades culturelles et culinaires in\u00e9dites pour mettre \u00e0 l\u2019honneur la diversit\u00e9 du patrimoine fran\u00e7ais.<\/p>\n<p>R\u00e9f\u00e9rences de l&rsquo;\u00e9mission<\/p>\n<p><strong>Partie 1 \u2013 Le carr\u00e9 Sainte-Anne \u00e0 Montpellier (H\u00e9rault)<\/strong><\/p>\n<p>-Entr\u00e9e libre, tous les jours de 10 heures \u00e0 13 heures et de 14 heures \u00e0 18 heures sauf le lundi<\/p>\n<p>&#8211;<a href=\"https:\/\/www.montpellier-tourisme.fr\/sejourner\/loisirs-et-activites\/patrimoine-et-musees\/tout-le-patrimoine-musees-monuments\/le-carre-sainte-anne-montpellier-fr-5758735\/\" target=\"_blank\" rel=\"noopener\">www.montpellier-tourisme.fr\/sejourner\/loisirs-et-activites\/patrimoine-et-musees\/tout-le-patrimoine-musees-monuments\/le-carre-sainte-anne-montpellier-fr-5758735\/<\/a><\/p>\n<p>\u00a0<\/p>\n<p>Restauration\u00a0:<\/p>\n<p>-Restaurant La bistrote<\/p>\n<p>o \u00c0 Montpellier<\/p>\n<p>o Plat autour de 12 et 17\u20ac<\/p>\n<p>o <a href=\"www.facebook.com\/LaBistrOte\" target=\"_blank\">www.facebook.com\/LaBistrOte<\/a><\/p>\n<p>\u00a0<\/p>\n<p>\u00a0<\/p>\n<p><strong>Partie 2 \u2013 La coop\u00e9rative ol\u00e9icole L\u2019Oulibo \u00e0 Bize-Minervois (Aude)<\/strong><\/p>\n<p>-Visites guid\u00e9es \u00e0 10 heures 30 \/ 14 heures 30 et 16 heures<\/p>\n<p>-Tarif : 7\u20ac\/adulte \u2013 5\u20ac\/enfant<\/p>\n<p>-R\u00e9servations sur le site de L\u2019oulibo<\/p>\n<p>&#8211;<a href=\"https:\/\/www.loulibo.com\/\" target=\"_blank\" rel=\"noopener\">www.loulibo.com<\/a><\/p>\n<p>\u00a0<\/p>\n<p>H\u00e9bergement\u00a0:<\/p>\n<p>-Maison d\u2019h\u00f4tes Aur Blan<\/p>\n<p>o Hameau Le Somail (\u00c0 quelques minutes de L\u2019Oulibo)<\/p>\n<p>o <a href=\"https:\/\/aurblan.com\/\" target=\"_blank\" rel=\"noopener\">www.aurblan.com<\/a><\/p>\n<p>\u00a0<\/p>\n<p>\u00a0<\/p>\n<p><strong>Partie 3 \u2013 Le d\u00e9sert de Retz \u00e0 Chambourcy (Yvelines)<\/strong><\/p>\n<p>-Site ouvert jusqu\u2019\u00e0 fin octobre, tous les samedis et dimanches, de 14 heures \u00e0 18 heures<\/p>\n<p>-Pour une visite libre avec audioguide : 10\u20ac<\/p>\n<p>&#8211;<a href=\"https:\/\/www.ledersertderetz.fr\/\" target=\"_blank\" rel=\"noopener\">www.ledersertderetz.fr<\/a><\/p>\n<p>\u00a0<\/p>\n<p>H\u00e9bergement\u00a0:<\/p>\n<p>-Le Waldorf Astoria Versailles \u2013 Trianon Palace<\/p>\n<p>o \u00c0 Versailles<\/p>\n<p>o Chambre double \u00e0 partir de 350\u20ac<\/p>\n<p>o <a href=\"https:\/\/waldorfastoriaversailles.fr\/\" target=\"_blank\" rel=\"noopener\">www.waldorfastoriaversailles.fr<\/a><\/p>\n<p>\u00a0<\/p>\n<p>\u00a0<\/p>\n<p><strong>Partie 4 \u2013 Les Voiles de Saint-Tropez (Var)<\/strong><\/p>\n<p>&#8211;<strong>Les Voiles de Saint-Tropez<\/strong><\/p>\n<p>o Jusqu\u2019au 5 octobre 2025<\/p>\n<p>o <a href=\"https:\/\/www.lesvoilesdesaint-tropez.fr\/\" target=\"_blank\" rel=\"noopener\">www.lesvoilesdesaint-tropez.fr<\/a><\/p>\n<p>&#8211;<strong>Exposition\u00a0Eddie Barclay, Saint-Tropez : Le sens de la f\u00eate<\/strong><\/p>\n<p>o Place Blanqui, Square de Lattre de Tassigny, Place Celli<\/p>\n<p>o Jusqu\u2019au 12 octobre 2025<\/p>\n<p>o <a href=\"https:\/\/www.saint-tropez.fr\/fr\/fiche\/eddie-barclay-saint-tropez-le-sens-de-la-fete-7351150\/\" target=\"_blank\" rel=\"noopener\">www.saint-tropez.fr\/fr\/fiche\/eddie-barclay-saint-tropez-le-sens-de-la-fete-7351150\/<\/a><\/p>\n<p>&#8211;<strong>Les plumes de Saint-Tropez<\/strong><\/p>\n<p>o Samedi 27 septembre, de 18 heures \u00e0 20 heures 30<\/p>\n<p>o Dans les jardins du Mus\u00e9e de l\u2019Annonciade<\/p>\n<p>o <a href=\"https:\/\/www.saint-tropez.fr\/fr\/fiche\/les-plumes-de-saint-tropez-7517748\/\" target=\"_blank\" rel=\"noopener\">www.saint-tropez.fr\/fr\/fiche\/les-plumes-de-saint-tropez-7517748\/<\/a><\/p>\n<p>&#8211;<strong>Exposition d\u2019artistes iraniens<\/strong><\/p>\n<p>o Jusqu\u2019au 28 septembre 2025<\/p>\n<p>o Au 24 rue de Penthi\u00e8vre \u2013 Paris 8\u00e8me<\/p>\n<p>o\u00a0<a href=\"https:\/\/simine.fr\/exhibitions\/septembre-2025\/\" target=\"_blank\" rel=\"noopener\">https:\/\/simine.fr\/exhibitions\/septembre-2025\/<\/a><\/p>\n","protected":false},"excerpt":{"rendered":"Description de l&rsquo;\u00e9pisode William Leymergie propose aux auditeurs une balade originale, hors des sentiers battus, \u00e0 la d\u00e9couverte&hellip;\n","protected":false},"author":2,"featured_media":303420,"comment_status":"","ping_status":"","sticky":false,"template":"","format":"standard","meta":{"footnotes":""},"categories":[9599],"tags":[1111,11,1777,674,1011,27,2208,12,2680,25],"class_list":{"0":"post-421772","1":"post","2":"type-post","3":"status-publish","4":"format-standard","5":"has-post-thumbnail","7":"category-montpellier","8":"tag-actu","9":"tag-actualites","10":"tag-eu","11":"tag-europe","12":"tag-fr","13":"tag-france","14":"tag-montpellier","15":"tag-news","16":"tag-occitanie","17":"tag-republique-francaise"},"share_on_mastodon":{"url":"https:\/\/pubeurope.com\/@fr\/115277184688889086","error":""},"_links":{"self":[{"href":"https:\/\/www.europesays.com\/fr\/wp-json\/wp\/v2\/posts\/421772","targetHints":{"allow":["GET"]}}],"collection":[{"href":"https:\/\/www.europesays.com\/fr\/wp-json\/wp\/v2\/posts"}],"about":[{"href":"https:\/\/www.europesays.com\/fr\/wp-json\/wp\/v2\/types\/post"}],"author":[{"embeddable":true,"href":"https:\/\/www.europesays.com\/fr\/wp-json\/wp\/v2\/users\/2"}],"replies":[{"embeddable":true,"href":"https:\/\/www.europesays.com\/fr\/wp-json\/wp\/v2\/comments?post=421772"}],"version-history":[{"count":0,"href":"https:\/\/www.europesays.com\/fr\/wp-json\/wp\/v2\/posts\/421772\/revisions"}],"wp:featuredmedia":[{"embeddable":true,"href":"https:\/\/www.europesays.com\/fr\/wp-json\/wp\/v2\/media\/303420"}],"wp:attachment":[{"href":"https:\/\/www.europesays.com\/fr\/wp-json\/wp\/v2\/media?parent=421772"}],"wp:term":[{"taxonomy":"category","embeddable":true,"href":"https:\/\/www.europesays.com\/fr\/wp-json\/wp\/v2\/categories?post=421772"},{"taxonomy":"post_tag","embeddable":true,"href":"https:\/\/www.europesays.com\/fr\/wp-json\/wp\/v2\/tags?post=421772"}],"curies":[{"name":"wp","href":"https:\/\/api.w.org\/{rel}","templated":true}]}}