{"id":421773,"date":"2025-09-27T16:23:10","date_gmt":"2025-09-27T16:23:10","guid":{"rendered":"https:\/\/www.europesays.com\/fr\/421773\/"},"modified":"2025-09-27T16:23:10","modified_gmt":"2025-09-27T16:23:10","slug":"le-sport-comme-outil-therapeutique-et-social","status":"publish","type":"post","link":"https:\/\/www.europesays.com\/fr\/421773\/","title":{"rendered":"le sport comme outil th\u00e9rapeutique et social"},"content":{"rendered":"<p melodystyle=\"texte\">D\u00e9stigmatiser la maladie. C&rsquo;est l&rsquo;enjeu principal de la grande cause nationale 2025 tourn\u00e9e vers la sant\u00e9 mentale. Elle concerne tout le monde. Selon l&rsquo;Assurance Maladie une personne sur quatre va souffrir dans sa vie d&rsquo;un trouble mental. Mais les clich\u00e9s sont tenaces. Toujours selon les chiffres de l&rsquo;Assurance Maladie, \u00ab\u00a070% des Fran\u00e7ais cautionnent un st\u00e9r\u00e9otype concernant les personnes atteintes de troubles de sant\u00e9 mentale\u00a0\u00bb.<\/p>\n<p melodystyle=\"texte\">Depuis plusieurs ann\u00e9es, le Centre hospitalier du Rouvray (CHR) s&rsquo;attache \u00e0 d\u00e9construire ces pr\u00e9jug\u00e9s \u00e0 travers diff\u00e9rents programmes th\u00e9rapeutiques ou d&rsquo;insertion. L&rsquo;h\u00f4pital, qui accueille plus 3\u00a0700 patients \u00e0 temps plein, a lanc\u00e9 ses premiers Jeux de la Psychiatrie, jeudi 18\u00a0septembre, <a href=\"https:\/\/www.tendanceouest.com\/actualite-402884-photos-seine-maritime-du-sport-sante-a-l-hopital-du-rouvray\" target=\"_blank\" rel=\"nofollow noopener\">sous l&rsquo;impulsion des premiers jeux de l&rsquo;UMD (Unit\u00e9 pour malades difficiles) lanc\u00e9s en 2018<\/a>. L&rsquo;\u00e9v\u00e9nement imagin\u00e9 au CHR est devenu national avec la participation l&rsquo;an dernier de huit autres unit\u00e9s. Pour cette premi\u00e8re \u00e9dition des Jeux de la Psychiatrie en partenariat avec les clubs sportifs locaux, environ 200 patients du Rouvray se sont donn\u00e9 rendez-vous sur le stade Jean Adret pour profiter d&rsquo;une journ\u00e9e intense autour du football, baseball, rugby, athl\u00e9tisme, tennis, lutte, etc. \u00ab\u00a0Moi j&rsquo;ai le bon c\u00f4t\u00e9 de la psychiatrie parce que lorsque les patients sont en activit\u00e9 ils sont d\u00e9tendus, \u00e0 l&rsquo;\u00e9coute et oublient un peu le reste\u00a0\u00bb, s&rsquo;enthousiasme Martial Boisnoir, \u00e9ducateur sportif dans le service de sport adapt\u00e9 du CHR.<\/p>\n<p>Des bienfaits concrets<\/p>\n<p melodystyle=\"texte\">\u00ab\u00a0Je m&rsquo;\u00e9vade du quotidien et en plus \u00e7a renforce la coh\u00e9sion\u00a0\u00bb, confirme Joachim Brison, hospitalis\u00e9 depuis trois semaines au CHR alors en pleine s\u00e9ance de tirs au but. \u00ab\u00a0Je suis sensible aussi \u00e0 la peinture, lorsque je peins j&rsquo;occulte tout ce qu&rsquo;il y a autour.\u00a0\u00bb\u00a0Si la pratique du sport existe depuis longtemps au Rouvray, il y a\u00a0environ deux ans l&rsquo;h\u00f4pital a lanc\u00e9 une unit\u00e9 transversale\u00a0compos\u00e9e de trois\u00a0\u00e9ducateurs sportifs ainsi qu&rsquo;une aide-soignante, un m\u00e9decin et bient\u00f4t un neuropsychologue. Elle profite \u00e0 l&rsquo;ensemble des patients de l&rsquo;h\u00f4pital et propose des rendez-vous sportifs hebdomadaires \u00e0 l&rsquo;int\u00e9rieur du site. Les \u00e9v\u00e9nements comme les Jeux de la Psychiatrie permettent aussi au corps m\u00e9dical de confronter le patient au monde ext\u00e9rieur.\u00a0\u00ab\u00a0Cela nous permet d&rsquo;\u00e9valuer leur \u00e9tat et de les faire sortir des murs de l&rsquo;h\u00f4pital afin qu&rsquo;\u00e0 terme ils puissent trouver une activit\u00e9 p\u00e9renne dans les clubs sportifs de droit commun\u00a0\u00bb, explique Emeline Duhamel, m\u00e9decin en charge de l&rsquo;unit\u00e9 de sport adapt\u00e9.\u00a0<\/p>\n<p melodystyle=\"texte\"><b>\u2022 A lire aussi.<\/b>\u00a0<a href=\"https:\/\/www.tendanceouest.com\/actualite-432482-sept-ans-apres-les-importants-mouvements-sociaux-a-l-hopital-du-rouvray-qu-en-est-il-des-conditions-d-accueil-et-de-travail\" target=\"_blank\" rel=\"nofollow noopener\">Psychiatrie. Sept ans apr\u00e8s les importants mouvements sociaux \u00e0 l&rsquo;h\u00f4pital du Rouvray, qu&rsquo;en est-il des conditions d&rsquo;accueil et de travail ?<\/a><\/p>\n<p>Une maison sport sant\u00e9 ?<\/p>\n<p melodystyle=\"texte\">\u00ab\u00a0Le sport est\u00a0tr\u00e8s th\u00e9rapeutique, \u00e7a va jouer \u00e0 la fois sur le bien-\u00eatre mais aussi sur le fonctionnement du cerveau et am\u00e9liorer sa plasticit\u00e9 autrement dit la fluidit\u00e9 de l&rsquo;information dans le cerveau\u00a0\u00bb, d\u00e9taille Olivier Guillin, professeur psychiatre et chef de service \u00e0 l&rsquo;h\u00f4pital qui voit le sport adapt\u00e9 comme un adjuvant aux traitements m\u00e9dicamenteux.<\/p>\n<p melodystyle=\"texte\">Le sport permet par ailleurs de r\u00e9duire les effets secondaires induits par les traitements\u00a0: surpoids, diab\u00e8te ou hypertension. De plus \u00ab\u00a0c&rsquo;est un soin qu&rsquo;on peut faire\u00a0quel que soit l&rsquo;\u00e9tat\u00a0\u00bb. Arriv\u00e9 en 2022 au CHR, le nouveau directeur Franck Est\u00e8ve souhaite \u00ab\u00a0aller beaucoup plus loin\u00a0\u00bb en la mati\u00e8re. \u00ab\u00a0On a dans l&rsquo;id\u00e9e avec l&rsquo;Agence r\u00e9gionale de sant\u00e9 d&rsquo;ouvrir prochainement une maison sport sant\u00e9 r\u00e9serv\u00e9e au handicap mental.\u00a0\u00bb\u00a0Au Rouvray, le sport adapt\u00e9 fait aussi l&rsquo;objet de programmes de recherche m\u00e9dicale.<\/p>\n","protected":false},"excerpt":{"rendered":"D\u00e9stigmatiser la maladie. C&rsquo;est l&rsquo;enjeu principal de la grande cause nationale 2025 tourn\u00e9e vers la sant\u00e9 mentale. Elle&hellip;\n","protected":false},"author":2,"featured_media":421774,"comment_status":"","ping_status":"","sticky":false,"template":"","format":"standard","meta":{"footnotes":""},"categories":[9587],"tags":[1111,11,1777,674,1011,27,12,5161,25,9590],"class_list":{"0":"post-421773","1":"post","2":"type-post","3":"status-publish","4":"format-standard","5":"has-post-thumbnail","7":"category-rouen","8":"tag-actu","9":"tag-actualites","10":"tag-eu","11":"tag-europe","12":"tag-fr","13":"tag-france","14":"tag-news","15":"tag-normandie","16":"tag-republique-francaise","17":"tag-rouen"},"share_on_mastodon":{"url":"https:\/\/pubeurope.com\/@fr\/115277188669223867","error":""},"_links":{"self":[{"href":"https:\/\/www.europesays.com\/fr\/wp-json\/wp\/v2\/posts\/421773","targetHints":{"allow":["GET"]}}],"collection":[{"href":"https:\/\/www.europesays.com\/fr\/wp-json\/wp\/v2\/posts"}],"about":[{"href":"https:\/\/www.europesays.com\/fr\/wp-json\/wp\/v2\/types\/post"}],"author":[{"embeddable":true,"href":"https:\/\/www.europesays.com\/fr\/wp-json\/wp\/v2\/users\/2"}],"replies":[{"embeddable":true,"href":"https:\/\/www.europesays.com\/fr\/wp-json\/wp\/v2\/comments?post=421773"}],"version-history":[{"count":0,"href":"https:\/\/www.europesays.com\/fr\/wp-json\/wp\/v2\/posts\/421773\/revisions"}],"wp:featuredmedia":[{"embeddable":true,"href":"https:\/\/www.europesays.com\/fr\/wp-json\/wp\/v2\/media\/421774"}],"wp:attachment":[{"href":"https:\/\/www.europesays.com\/fr\/wp-json\/wp\/v2\/media?parent=421773"}],"wp:term":[{"taxonomy":"category","embeddable":true,"href":"https:\/\/www.europesays.com\/fr\/wp-json\/wp\/v2\/categories?post=421773"},{"taxonomy":"post_tag","embeddable":true,"href":"https:\/\/www.europesays.com\/fr\/wp-json\/wp\/v2\/tags?post=421773"}],"curies":[{"name":"wp","href":"https:\/\/api.w.org\/{rel}","templated":true}]}}