{"id":421777,"date":"2025-09-27T16:25:16","date_gmt":"2025-09-27T16:25:16","guid":{"rendered":"https:\/\/www.europesays.com\/fr\/421777\/"},"modified":"2025-09-27T16:25:16","modified_gmt":"2025-09-27T16:25:16","slug":"meylan-pour-un-defile-de-mode-le-ccas-recherche-des-mannequins-seniors","status":"publish","type":"post","link":"https:\/\/www.europesays.com\/fr\/421777\/","title":{"rendered":"Meylan. Pour un d\u00e9fil\u00e9 de mode, le CCAS recherche des mannequins seniors"},"content":{"rendered":"<p>Cette ann\u00e9e pour la Semaine bleue, le CCAS de Meylan propose aux seniors de faire le show le temps d\u2019un d\u00e9fil\u00e9, le mercredi 8\u00a0octobre prochain. Ainsi, les 60 ans et plus sont invit\u00e9s \u00e0 sortir de leurs placards leurs plus belles tenues, ou de venir en chiner \u00e0 Meyl\u2019entraide, et pourquoi pas les customiser avec les couturi\u00e8res b\u00e9n\u00e9voles des lieux. Une fois la tenue choisie, en solo ou en duo avec la personne de son choix, rendez-vous sur le podium \u00e9ph\u00e9m\u00e8re de la r\u00e9sidence Pr\u00e9 Blanc pour un d\u00e9fil\u00e9 digne de la semaine parisienne de la mode.<\/p>\n<p class=\"note\">Informations et inscriptions\u00a0aupr\u00e8s du CCAS\u00a0: 04\u00a076\u00a041\u00a069\u00a032\u00a0; ccas@meylan.fr<\/p>\n","protected":false},"excerpt":{"rendered":"Cette ann\u00e9e pour la Semaine bleue, le CCAS de Meylan propose aux seniors de faire le show le&hellip;\n","protected":false},"author":2,"featured_media":421778,"comment_status":"","ping_status":"","sticky":false,"template":"","format":"standard","meta":{"footnotes":""},"categories":[9566],"tags":[1111,11,2430,1687,112,1777,674,3326,1011,27,2731,9597,9598,12,25,104],"class_list":{"0":"post-421777","1":"post","2":"type-post","3":"status-publish","4":"format-standard","5":"has-post-thumbnail","7":"category-grenoble","8":"tag-actu","9":"tag-actualites","10":"tag-auvergne-rhone-alpes","11":"tag-culture-loisirs","12":"tag-edition-grenoble-agglomeration","13":"tag-eu","14":"tag-europe","15":"tag-fete-locale","16":"tag-fr","17":"tag-france","18":"tag-grenoble","19":"tag-meylan","20":"tag-meylan-et-autour","21":"tag-news","22":"tag-republique-francaise","23":"tag-societe"},"share_on_mastodon":{"url":"https:\/\/pubeurope.com\/@fr\/115277196406515524","error":""},"_links":{"self":[{"href":"https:\/\/www.europesays.com\/fr\/wp-json\/wp\/v2\/posts\/421777","targetHints":{"allow":["GET"]}}],"collection":[{"href":"https:\/\/www.europesays.com\/fr\/wp-json\/wp\/v2\/posts"}],"about":[{"href":"https:\/\/www.europesays.com\/fr\/wp-json\/wp\/v2\/types\/post"}],"author":[{"embeddable":true,"href":"https:\/\/www.europesays.com\/fr\/wp-json\/wp\/v2\/users\/2"}],"replies":[{"embeddable":true,"href":"https:\/\/www.europesays.com\/fr\/wp-json\/wp\/v2\/comments?post=421777"}],"version-history":[{"count":0,"href":"https:\/\/www.europesays.com\/fr\/wp-json\/wp\/v2\/posts\/421777\/revisions"}],"wp:featuredmedia":[{"embeddable":true,"href":"https:\/\/www.europesays.com\/fr\/wp-json\/wp\/v2\/media\/421778"}],"wp:attachment":[{"href":"https:\/\/www.europesays.com\/fr\/wp-json\/wp\/v2\/media?parent=421777"}],"wp:term":[{"taxonomy":"category","embeddable":true,"href":"https:\/\/www.europesays.com\/fr\/wp-json\/wp\/v2\/categories?post=421777"},{"taxonomy":"post_tag","embeddable":true,"href":"https:\/\/www.europesays.com\/fr\/wp-json\/wp\/v2\/tags?post=421777"}],"curies":[{"name":"wp","href":"https:\/\/api.w.org\/{rel}","templated":true}]}}