{"id":421779,"date":"2025-09-27T16:26:26","date_gmt":"2025-09-27T16:26:26","guid":{"rendered":"https:\/\/www.europesays.com\/fr\/421779\/"},"modified":"2025-09-27T16:26:26","modified_gmt":"2025-09-27T16:26:26","slug":"pro-d2-du-suspense-de-lintensite-et-un-exploit-individuel-salvateur-revivez-la-defaite-frustrante-du-fcg-a-brive","status":"publish","type":"post","link":"https:\/\/www.europesays.com\/fr\/421779\/","title":{"rendered":"Pro D2. Du suspense, de l&rsquo;intensit\u00e9 et un exploit individuel salvateur : revivez la d\u00e9faite frustrante du FCG \u00e0 Brive"},"content":{"rendered":"<p>Sans plus tarder, voici les compositions des deux \u00e9quipes\u00a0:<\/p>\n<p><strong>Brive<\/strong>\u00a0: C. Bosch &#8211; Tuivuaka, Tapuai, Bainivalu, Tisseron &#8211; (o) Shillcock, (m) Cooney &#8211; Lawes (cap), Peysson, Gu\u00e9 &#8211; Herbst, Coletta &#8211; Abdaladze, Boudou, Chauvac.<br \/>Rempla\u00e7ants\u00a0: Charcosset, Fraissenon, Kiteau, Mikautadze, R. Marais, Sidobre, Sadrugu, Krone.\u00a0<\/p>\n<p><strong>Grenoble<\/strong>\u00a0: Farnoux &#8211; H. Trouilloud, Kveseladze, R. Trouilloud, Costa-Storti &#8211; (o) Cl\u00e9ment, (m) Bar. Couilloud &#8211; Guillaumond, Baret, Madeira (cap) &#8211; Javakhia, Labouteley &#8211; Jonker, Ruffenach, C. Thomas.<br \/>Rempla\u00e7ants : 16. Soury, 17. Eglaine, 23. Pertaia, 18. Holt, 19. A. Berruyer, 20. Hardwick, 21. Palmier, 22. H\u00e9riteau. Staff\u00a0: A. Hueber, P. Pezery, N. Nadau.<\/p>\n","protected":false},"excerpt":{"rendered":"Sans plus tarder, voici les compositions des deux \u00e9quipes\u00a0: Brive\u00a0: C. Bosch &#8211; Tuivuaka, Tapuai, Bainivalu, Tisseron &#8211;&hellip;\n","protected":false},"author":2,"featured_media":421780,"comment_status":"","ping_status":"","sticky":false,"template":"","format":"standard","meta":{"footnotes":""},"categories":[9566],"tags":[1111,11,2430,3545,112,113,114,1777,674,2727,1701,1011,27,2731,2732,108,12,2308,25,479,517,1947],"class_list":{"0":"post-421779","1":"post","2":"type-post","3":"status-publish","4":"format-standard","5":"has-post-thumbnail","7":"category-grenoble","8":"tag-actu","9":"tag-actualites","10":"tag-auvergne-rhone-alpes","11":"tag-direct-sport","12":"tag-edition-grenoble-agglomeration","13":"tag-edition-gresivaudan-oisans","14":"tag-edition-voiron-saint-marcellin","15":"tag-eu","16":"tag-europe","17":"tag-fcg-fc-grenoble-rugby","18":"tag-fil-info-sport","19":"tag-fr","20":"tag-france","21":"tag-grenoble","22":"tag-grenoble-bassin","23":"tag-isere","24":"tag-news","25":"tag-pro-d2","26":"tag-republique-francaise","27":"tag-rugby","28":"tag-sport","29":"tag-sport-national"},"share_on_mastodon":{"url":"https:\/\/pubeurope.com\/@fr\/115277200379320170","error":""},"_links":{"self":[{"href":"https:\/\/www.europesays.com\/fr\/wp-json\/wp\/v2\/posts\/421779","targetHints":{"allow":["GET"]}}],"collection":[{"href":"https:\/\/www.europesays.com\/fr\/wp-json\/wp\/v2\/posts"}],"about":[{"href":"https:\/\/www.europesays.com\/fr\/wp-json\/wp\/v2\/types\/post"}],"author":[{"embeddable":true,"href":"https:\/\/www.europesays.com\/fr\/wp-json\/wp\/v2\/users\/2"}],"replies":[{"embeddable":true,"href":"https:\/\/www.europesays.com\/fr\/wp-json\/wp\/v2\/comments?post=421779"}],"version-history":[{"count":0,"href":"https:\/\/www.europesays.com\/fr\/wp-json\/wp\/v2\/posts\/421779\/revisions"}],"wp:featuredmedia":[{"embeddable":true,"href":"https:\/\/www.europesays.com\/fr\/wp-json\/wp\/v2\/media\/421780"}],"wp:attachment":[{"href":"https:\/\/www.europesays.com\/fr\/wp-json\/wp\/v2\/media?parent=421779"}],"wp:term":[{"taxonomy":"category","embeddable":true,"href":"https:\/\/www.europesays.com\/fr\/wp-json\/wp\/v2\/categories?post=421779"},{"taxonomy":"post_tag","embeddable":true,"href":"https:\/\/www.europesays.com\/fr\/wp-json\/wp\/v2\/tags?post=421779"}],"curies":[{"name":"wp","href":"https:\/\/api.w.org\/{rel}","templated":true}]}}