{"id":421784,"date":"2025-09-27T16:29:09","date_gmt":"2025-09-27T16:29:09","guid":{"rendered":"https:\/\/www.europesays.com\/fr\/421784\/"},"modified":"2025-09-27T16:29:09","modified_gmt":"2025-09-27T16:29:09","slug":"la-fete-de-la-pomme-revient-pres-de-strasbourg-ce-dimanche-de-nombreuses-activites-prevues","status":"publish","type":"post","link":"https:\/\/www.europesays.com\/fr\/421784\/","title":{"rendered":"La F\u00eate de la pomme revient pr\u00e8s de Strasbourg ce dimanche, de nombreuses activit\u00e9s pr\u00e9vues"},"content":{"rendered":"<p>            Par<br \/>\n        <strong><br \/>\n            <a href=\"https:\/\/actu.fr\/auteur\/thomas-blanc\" title=\"Consulter tous les articles de Thomas Blanc\" target=\"_blank\" rel=\"noopener\">Thomas Blanc<\/a><br \/>\n        <\/strong><\/p>\n<p>        Publi\u00e9 le<\/p>\n<p>            27 sept. 2025 \u00e0 18h02        <\/p>\n<p>Dimanche 28 septembre 2025, \u00e0 partir de 10h dans la Ville d\u2019<a href=\"https:\/\/actu.fr\/grand-est\/illkirch-graffenstaden_67218\" target=\"_blank\" rel=\"noopener\">Illkirch-Graffenstaden<\/a>, au sud de Strasbourg, se tiendra la F\u00eate de la <a href=\"https:\/\/actu.fr\/tag\/pomme\" target=\"_blank\" rel=\"noopener\">pomme<\/a>. Un \u00e9v\u00e8nement en place <strong>depuis 1995<\/strong>.<\/p>\n<p>    <a href=\"https:\/\/www.google.com\/maps\/embed?pb=!1m18!1m12!1m3!1d8392.314342136557!2d7.69584312104793!3d48.512114709898505!2m3!1f0!2f0!3f0!3m2!1i1024!2i768!4f13.1!3m3!1m2!1s0x4796ca6fd006f2b5%3A0xa94a05c786bfd922!2sFruits%20et%20Fleurs!5e0!3m2!1sfr!2sfr!4v1758888431224!5m2!1sfr!2sfr\" title=\"Ouvrie le lien\" target=\"_blank\" rel=\"noopener\">Cliquez ici pour visualiser le contenu<\/a><\/p>\n<p>L\u2019association Fruits et Fleurs organise la F\u00eate de la pomme<\/p>\n<p class=\" wall-content\">Les festivit\u00e9s se d\u00e9rouleront dans les locaux de l\u2019association <a href=\"http:\/\/www.fruitsetfleurs.fr\/\" target=\"_blank\" rel=\"noopener\">Fruits et Fleurs<\/a>, au <strong>12 rue Denis Papin<\/strong> \u00e0 Illkirch-Graffenstaden.<\/p>\n<p class=\" wall-content\">Tout au long de la journ\u00e9e, il sera possible pour les visiteurs de profiter d\u2019une exposition fruiti\u00e8re et d\u2019une <strong>visite guid\u00e9e du verger<\/strong> de l\u2019association.<\/p>\n<p class=\" wall-content\">Ceux qui souhaitent conna\u00eetre tous les secrets de fabrication du jus de pomme seront servis puisqu\u2019une <strong>d\u00e9monstration de pressage avec d\u00e9gustation<\/strong> du jus fra\u00eechement press\u00e9 sera organis\u00e9e.<\/p>\n<p>Des stands d\u2019information et de vente<\/p>\n<p class=\" wall-content\">Dans le but de mieux faire conna\u00eetre leurs activit\u00e9s, les b\u00e9n\u00e9voles de l\u2019association Fruits et Fleurs tiendront des stands d\u2019information et de conseils consacr\u00e9s aux <strong>soins au verger<\/strong>, \u00e0 la lutte contre le moustique tigre et de nombreux autres th\u00e8mes.<\/p>\n<p class=\" wall-content\">Il sera \u00e9videmment possible de faire ses provisions de jus de pomme pasteuris\u00e9 et de fruits puisque <strong>ces produits seront en vente<\/strong> durant la f\u00eate.<\/p>\n<p>Votre r\u00e9gion, votre actu !<\/p>\n<p>Recevez chaque jour les infos qui comptent pour vous.<\/p>\n<p>\t<a href=\"https:\/\/actu.fr\/newsletter\" class=\"ac-btn ac-btn--corner ac-btn--medium ac-btn--blue800\" target=\"_blank\" rel=\"noopener\">S&rsquo;incrire<\/a><\/p>\n<p class=\" wall-content\">\u00c9galement pr\u00e9sents, des apiculteurs feront profiter les visiteurs de leur <strong>miel<\/strong>.<\/p>\n<p>F\u00eate de la pomme<br \/>Entr\u00e9e libre<br \/>Dimanche 28\u00a0septembre de 10h \u00e0 18h<br \/>Illkirch-Graffenstaden<\/p>\n<p class=\" wall-content\">Personnalisez votre actualit\u00e9 en ajoutant vos villes et m\u00e9dias en favori avec <a href=\"https:\/\/moncompte.actu.fr\" title=\"D\u00e9couvez Mon Actu\" rel=\"nofollow noopener\" data-trk=\"{&quot;cta&quot;:{&quot;action&quot;:&quot;https:\\\/\\\/moncompte.actu.fr&quot;,&quot;category&quot;:&quot;mon compte&quot;,&quot;from&quot;:&quot;article footer&quot;,&quot;name&quot;:&quot;Mon actu&quot;,&quot;type&quot;:&quot;cta&quot;}}\" target=\"_blank\">Mon Actu<\/a>.<\/p>\n","protected":false},"excerpt":{"rendered":"Par Thomas Blanc Publi\u00e9 le 27 sept. 2025 \u00e0 18h02 Dimanche 28 septembre 2025, \u00e0 partir de 10h&hellip;\n","protected":false},"author":2,"featured_media":421785,"comment_status":"","ping_status":"","sticky":false,"template":"","format":"standard","meta":{"footnotes":""},"categories":[2820],"tags":[1111,11,1063,1777,674,1011,27,775,1652,12,6440,25,640],"class_list":{"0":"post-421784","1":"post","2":"type-post","3":"status-publish","4":"format-standard","5":"has-post-thumbnail","7":"category-strasbourg","8":"tag-actu","9":"tag-actualites","10":"tag-animations","11":"tag-eu","12":"tag-europe","13":"tag-fr","14":"tag-france","15":"tag-grand-est","16":"tag-loisirs-culture","17":"tag-news","18":"tag-pomme","19":"tag-republique-francaise","20":"tag-strasbourg"},"share_on_mastodon":{"url":"https:\/\/pubeurope.com\/@fr\/115277212531180451","error":""},"_links":{"self":[{"href":"https:\/\/www.europesays.com\/fr\/wp-json\/wp\/v2\/posts\/421784","targetHints":{"allow":["GET"]}}],"collection":[{"href":"https:\/\/www.europesays.com\/fr\/wp-json\/wp\/v2\/posts"}],"about":[{"href":"https:\/\/www.europesays.com\/fr\/wp-json\/wp\/v2\/types\/post"}],"author":[{"embeddable":true,"href":"https:\/\/www.europesays.com\/fr\/wp-json\/wp\/v2\/users\/2"}],"replies":[{"embeddable":true,"href":"https:\/\/www.europesays.com\/fr\/wp-json\/wp\/v2\/comments?post=421784"}],"version-history":[{"count":0,"href":"https:\/\/www.europesays.com\/fr\/wp-json\/wp\/v2\/posts\/421784\/revisions"}],"wp:featuredmedia":[{"embeddable":true,"href":"https:\/\/www.europesays.com\/fr\/wp-json\/wp\/v2\/media\/421785"}],"wp:attachment":[{"href":"https:\/\/www.europesays.com\/fr\/wp-json\/wp\/v2\/media?parent=421784"}],"wp:term":[{"taxonomy":"category","embeddable":true,"href":"https:\/\/www.europesays.com\/fr\/wp-json\/wp\/v2\/categories?post=421784"},{"taxonomy":"post_tag","embeddable":true,"href":"https:\/\/www.europesays.com\/fr\/wp-json\/wp\/v2\/tags?post=421784"}],"curies":[{"name":"wp","href":"https:\/\/api.w.org\/{rel}","templated":true}]}}