{"id":421786,"date":"2025-09-27T16:30:18","date_gmt":"2025-09-27T16:30:18","guid":{"rendered":"https:\/\/www.europesays.com\/fr\/421786\/"},"modified":"2025-09-27T16:30:18","modified_gmt":"2025-09-27T16:30:18","slug":"refugies-attendus-une-dauphine-se-lance-rififi-a-illkirch","status":"publish","type":"post","link":"https:\/\/www.europesays.com\/fr\/421786\/","title":{"rendered":"r\u00e9fugi\u00e9s attendus, une dauphine se lance, rififi \u00e0 Illkirch"},"content":{"rendered":"<p>  Les histoires de la semaine<\/p>\n<p><strong>Montagne-Verte\u00a0: les habitants campent sur leurs positions<\/strong><\/p>\n<p>Un an apr\u00e8s une premi\u00e8re r\u00e9union houleuse, le projet de centre d\u2019h\u00e9bergement d\u2019urgence rue des Foulons <a href=\"https:\/\/www.dna.fr\/politique\/2025\/09\/24\/des-habitants-toujours-opposes-au-centre-d-hebergement-de-la-montagne-verte-etat-et-mairie-maintiennent\" target=\"_blank\" rel=\"noopener\">continue de susciter des crispations<\/a>. Mardi soir, une cinquantaine de riverains ont interpell\u00e9 \u00e9lus et pr\u00e9fecture sur l\u2019accueil pr\u00e9vu de 80 r\u00e9fugi\u00e9s \u00e0 l\u2019entr\u00e9e du quartier. L\u2019\u00c9tat a confi\u00e9 la gestion du site \u00e0 Caritas pour dix ans \u2013 budget de 10\u00a0millions d\u2019euros \u2013 et promet un accompagnement global vers le logement et l\u2019emploi. La Ville insiste sur les patrouilles de s\u00e9curit\u00e9, la scolarisation des enfants et des investissements dans le quartier. Mais les habitants d\u00e9noncent un secteur d\u00e9j\u00e0 \u00ab\u00a0satur\u00e9\u00a0\u00bb en logements sociaux, avec deux QPV, et r\u00e9clament une implantation ailleurs. La municipalit\u00e9 oppose le manque de terrains et le caract\u00e8re temporaire du centre. La fracture reste enti\u00e8re\u00a0: certains riverains promettent banderoles et actions de protestation, quand d\u2019autres disent attendre de voir pour juger. <strong>Illkirch-Graffenstaden \u2013 Habitat de l\u2019Ill\u00a0: le maire et l\u2019ancien DG r\u00e8glent leurs comptes<\/strong><\/p>\n<p>\u00c0 Illkirch, <a href=\"https:\/\/www.dna.fr\/faits-divers-justice\/2025\/09\/26\/habitat-de-l-ill-l-ancien-directeur-et-le-maire-reglent-leurs-comptes\" target=\"_blank\" rel=\"noopener\">le feuilleton \u201cHabitat de l\u2019Ill\u201d vire au r\u00e8glement de comptes<\/a>. L\u2019ex-directeur du bailleur social, Laurent Kohler, conteste son licenciement pour \u00ab\u00a0faute lourde\u00a0\u00bb en 2024 \u2013 qui l\u2019a priv\u00e9 d\u2019une indemnit\u00e9 de 500\u00a0000\u00a0euros\u2013, et d\u00e9nonce des \u00ab\u00a0pressions permanentes\u00a0\u00bb des \u00e9lus. Parmi ses griefs\u00a0: la vente d\u2019un terrain \u00e0 prix d\u00e9cot\u00e9 \u00e0 la Ville, pour son projet de Maison de la jeunesse et des associations. Cession qui a amen\u00e9 le parquet \u00e0 ouvrir une proc\u00e9dure. L\u2019ancien cadre d\u00e9nonce par ailleurs l\u2019attribution d\u2019un logement du parc HLM, un F2, \u00e0 la grand-tante du maire\u2026 <a href=\"https:\/\/www.dna.fr\/p\/thibaud-philipps\" target=\"_blank\" rel=\"noopener\">Thibaud Philipps<\/a> r\u00e9fute le tout\u00a0: la d\u00e9cote s\u2019expliquerait par les r\u00e8gles fonci\u00e8res en mati\u00e8re de renouvellement urbain, qui minorent la valeur des terrains destin\u00e9s \u00e0 des \u00e9quipements publics. Quant \u00e0 l\u2019attribution du logement, elle rel\u00e8verait d\u2019une proc\u00e9dure \u00ab\u00a0classique\u00a0\u00bb \u2013 sans son intervention directe. \u00ab\u00a0Tous les dossiers transmis en mairie partent avec la m\u00eame formule\u00a0\u00bb, assure l\u2019\u00e9lu, qui d\u00e9nonce une campagne visant \u00e0 \u00ab\u00a0lui nuire\u00a0\u00bb. Et contre-attaque en d\u00e9posant plainte contre son ancien DG.<\/p>\n<p><strong>Schiltigheim\u00a0: Nathalie Jampoc-Bertrand prend le relais<\/strong><\/p>\n<p>La deuxi\u00e8me adjointe (PS) de <a href=\"https:\/\/www.dna.fr\/p\/danielle-dambach\" target=\"_blank\" rel=\"noopener\">Danielle Dambach<\/a> <a href=\"https:\/\/www.dna.fr\/elections\/2025\/09\/25\/schiltigheim-nathalie-jampoc-bertrand-(ps)-conduira-la-liste-de-l-actuelle-majorite-pas-danielle-dambach\" target=\"_blank\" rel=\"noopener\">a annonc\u00e9 jeudi soir<\/a> qu\u2019elle conduirait une liste compos\u00e9e d\u2019\u00e9lus de la majorit\u00e9 sortante. Enseignante de 52 ans, pass\u00e9e par les municipales de\u00a02008 et\u00a02018, Nathalie Jampoc-Bertrand se pr\u00e9sente comme l\u2019h\u00e9riti\u00e8re naturelle de la maire \u00e9cologiste, qui \u00ab\u00a0passe le relais\u00a0\u00bb sans quitter l\u2019action locale. Vice-pr\u00e9sidente de l\u2019EMS en charge du renouvellement urbain, l\u2019\u00e9lue peut compter sur le soutien d\u2019une partie des socialistes, des communistes, d\u2019\u00c9cologistes et de Place publique \u2013 pas LFI, donc, qui devrait pr\u00e9senter une liste. Elle revendique une ligne sociod\u00e9mocrate et une culture du dialogue \u00e0 gauche, apr\u00e8s s\u2019\u00eatre d\u00e9j\u00e0 rapproch\u00e9e des Verts \u00e0 l\u2019Eurom\u00e9tropole. Elle avait m\u00eame tent\u00e9, sans succ\u00e8s, d\u2019obtenir l\u2019investiture du Nouveau Front populaire aux l\u00e9gislatives anticip\u00e9es de 2024. Avec Schilick en commun, elle esp\u00e8re transformer l\u2019essai localement, dans un contexte o\u00f9 Danielle Dambach, premi\u00e8re femme maire de la commune, n\u2019est pas l\u00e0 pour faire de la figuration.<\/p>\n<p><strong>Heppner\u00a0: le projet sous l\u2019\u0153il de l\u2019autorit\u00e9 environnementale<\/strong><\/p>\n<p><a href=\"https:\/\/www.dna.fr\/economie\/2025\/09\/23\/pollution-mobilite-l-autorite-environnementale-donne-un-premier-avis-sur-le-projet-du-site-heppner\" target=\"_blank\" rel=\"noopener\">La friche logistique Heppner (4,8\u00a0ha, entre Neudorf et Heyritz) doit accueillir un \u201cquartier jardin\u201d<\/a> port\u00e9 par une soci\u00e9t\u00e9 commune Cr\u00e9dit Mutuel\/Caisse des d\u00e9p\u00f4ts. La Mission r\u00e9gionale d\u2019autorit\u00e9 environnementale (MRAe) a rendu son cadrage pr\u00e9alable\u00a0: pas d\u2019objection majeure mais des garde-fous. Pollution potentielle des sols, restauration des trames verte et bleue, infiltration des eaux pluviales, analyse de vuln\u00e9rabilit\u00e9 climatique, qualit\u00e9 de l\u2019air autour des \u00e9coles et cr\u00e8ches\u00a0: autant de points \u00e0 int\u00e9grer \u00e0 l\u2019\u00e9tude d\u2019impact. La MRAe rappelle qu\u2019une circulaire de 2007 d\u00e9conseille d\u2019implanter des publics sensibles sur sols pollu\u00e9s, m\u00eame d\u00e9pollu\u00e9s. Le projet devra donc cartographier pr\u00e9cis\u00e9ment les risques. C\u00f4t\u00e9 mobilit\u00e9s, les recommandations insistent sur l\u2019articulation avec le r\u00e9seau global, extension du tram G et Colmarienne comprises, ainsi que sur les circulations douces internes au quartier. Ce premier avis conditionne la suite\u00a0: \u00e9tude d\u2019impact et enqu\u00eate publique.<\/p>\n<p>  La phrase de la semaine<\/p>\n<p>\u00ab\u00a0Tous ces investissements se traduiront par des \u00e9conomies de fonctionnement, c\u2019est \u00e7a l\u2019\u00e9cologie\u00a0\u00bb, <a href=\"https:\/\/www.dna.fr\/economie\/2025\/09\/23\/il-reste-six-a-huit-semaines-de-circulation-difficile-barseghian-contre-attaque-sur-les-travaux\" target=\"_blank\" rel=\"noopener\">assure l\u2019adjoint Marc Hoffsess<\/a> , pendant que <a href=\"https:\/\/www.dna.fr\/p\/jeanne-barseghian\" target=\"_blank\" rel=\"noopener\">Jeanne Barseghian<\/a> fait le service apr\u00e8s-vente des chantiers strasbourgeois. Traduction pour les r\u00e2leurs coinc\u00e9s dans les tranch\u00e9es\u00a0: encore six \u00e0 huit semaines de gal\u00e8re, puis \u00e7a ira mieux. Ou pas.<\/p>\n<p>  Le chiffre de la semaine<\/p>\n<p>10\u00a0millions d\u2019euros<\/p>\n<p>C\u2019est la somme que La Poste met sur la table <a href=\"https:\/\/www.dna.fr\/economie\/2025\/09\/26\/la-poste-modernise-sa-plateforme-industrielle-de-courrier-pour-integrer-de-nouvelles-activites\" target=\"_blank\" rel=\"noopener\">pour transformer son site de Holtzheim<\/a>. Objectif\u00a0: passer du courrier en baisse aux colis en hausse, avec un soup\u00e7on de logistique dernier cri. Et comme on ne fait plus rien sans une touche verte, le projet promet panneaux solaires, microfor\u00eat et mares p\u00e9dagogiques.<\/p>\n","protected":false},"excerpt":{"rendered":"Les histoires de la semaine Montagne-Verte\u00a0: les habitants campent sur leurs positions Un an apr\u00e8s une premi\u00e8re r\u00e9union&hellip;\n","protected":false},"author":2,"featured_media":421787,"comment_status":"","ping_status":"","sticky":false,"template":"","format":"standard","meta":{"footnotes":""},"categories":[2820],"tags":[1111,11,1984,2880,436,1777,674,107,1011,27,775,1908,12,316,1800,25,104,640,2879],"class_list":{"0":"post-421786","1":"post","2":"type-post","3":"status-publish","4":"format-standard","5":"has-post-thumbnail","7":"category-strasbourg","8":"tag-actu","9":"tag-actualites","10":"tag-conseil-municipal","11":"tag-edition-strasbourg","12":"tag-environnement","13":"tag-eu","14":"tag-europe","15":"tag-fil-info","16":"tag-fr","17":"tag-france","18":"tag-grand-est","19":"tag-logement","20":"tag-news","21":"tag-politique","22":"tag-pollution","23":"tag-republique-francaise","24":"tag-societe","25":"tag-strasbourg","26":"tag-strasbourg-ville"},"share_on_mastodon":{"url":"https:\/\/pubeurope.com\/@fr\/115277216270283233","error":""},"_links":{"self":[{"href":"https:\/\/www.europesays.com\/fr\/wp-json\/wp\/v2\/posts\/421786","targetHints":{"allow":["GET"]}}],"collection":[{"href":"https:\/\/www.europesays.com\/fr\/wp-json\/wp\/v2\/posts"}],"about":[{"href":"https:\/\/www.europesays.com\/fr\/wp-json\/wp\/v2\/types\/post"}],"author":[{"embeddable":true,"href":"https:\/\/www.europesays.com\/fr\/wp-json\/wp\/v2\/users\/2"}],"replies":[{"embeddable":true,"href":"https:\/\/www.europesays.com\/fr\/wp-json\/wp\/v2\/comments?post=421786"}],"version-history":[{"count":0,"href":"https:\/\/www.europesays.com\/fr\/wp-json\/wp\/v2\/posts\/421786\/revisions"}],"wp:featuredmedia":[{"embeddable":true,"href":"https:\/\/www.europesays.com\/fr\/wp-json\/wp\/v2\/media\/421787"}],"wp:attachment":[{"href":"https:\/\/www.europesays.com\/fr\/wp-json\/wp\/v2\/media?parent=421786"}],"wp:term":[{"taxonomy":"category","embeddable":true,"href":"https:\/\/www.europesays.com\/fr\/wp-json\/wp\/v2\/categories?post=421786"},{"taxonomy":"post_tag","embeddable":true,"href":"https:\/\/www.europesays.com\/fr\/wp-json\/wp\/v2\/tags?post=421786"}],"curies":[{"name":"wp","href":"https:\/\/api.w.org\/{rel}","templated":true}]}}