{"id":421796,"date":"2025-09-27T16:35:13","date_gmt":"2025-09-27T16:35:13","guid":{"rendered":"https:\/\/www.europesays.com\/fr\/421796\/"},"modified":"2025-09-27T16:35:13","modified_gmt":"2025-09-27T16:35:13","slug":"entre-representation-theatrale-et-dedicace-une-journee-speciale-organisee-au-chateau-treulon-a-bruges","status":"publish","type":"post","link":"https:\/\/www.europesays.com\/fr\/421796\/","title":{"rendered":"Entre repr\u00e9sentation th\u00e9\u00e2trale et d\u00e9dicace, une journ\u00e9e sp\u00e9ciale organis\u00e9e au ch\u00e2teau Treulon, \u00e0 Bruges"},"content":{"rendered":"<p>L\u2019association La M\u00e9moire de Bruges, aujourd\u2019hui pr\u00e9sid\u00e9e par Dani\u00e8le Berger, est n\u00e9e en 1993 de la volont\u00e9 du maire Raymond Manaud. Par son entremise, samedi 20\u00a0septembre, \u00e0 15\u00a0heures, le com\u00e9dien G\u00e9rard Linsolas, v\u00eatu d\u2019un costume du XVIIIe\u00a0si\u00e8cle, a ainsi racont\u00e9 l\u2019histoire du ch\u00e2teau Treulon devant le monument. Sa prestation a pris un tour particulier, puisqu\u2019il s\u2019est exprim\u00e9 comme s\u2019il incarnait l\u2019\u00e9difice. \u00ab\u00a0Je suis un enfant n\u00e9 de p\u00e8re inconnu. Je suis un ch\u00e2teau n\u00e9 d\u2019un architecte inconnu\u00a0\u00bb, affirmait-il pour exprimer l\u2019incertitude attach\u00e9e \u00e0 la gen\u00e8se du b\u00e2timent.<\/p>\n","protected":false},"excerpt":{"rendered":"L\u2019association La M\u00e9moire de Bruges, aujourd\u2019hui pr\u00e9sid\u00e9e par Dani\u00e8le Berger, est n\u00e9e en 1993 de la volont\u00e9 du&hellip;\n","protected":false},"author":2,"featured_media":421797,"comment_status":"","ping_status":"","sticky":false,"template":"","format":"standard","meta":{"footnotes":""},"categories":[2817],"tags":[1111,11,1997,1777,674,1011,27,12,2219,25],"class_list":{"0":"post-421796","1":"post","2":"type-post","3":"status-publish","4":"format-standard","5":"has-post-thumbnail","7":"category-bordeaux","8":"tag-actu","9":"tag-actualites","10":"tag-bordeaux","11":"tag-eu","12":"tag-europe","13":"tag-fr","14":"tag-france","15":"tag-news","16":"tag-nouvelle-aquitaine","17":"tag-republique-francaise"},"share_on_mastodon":{"url":"https:\/\/pubeurope.com\/@fr\/115277235845040387","error":""},"_links":{"self":[{"href":"https:\/\/www.europesays.com\/fr\/wp-json\/wp\/v2\/posts\/421796","targetHints":{"allow":["GET"]}}],"collection":[{"href":"https:\/\/www.europesays.com\/fr\/wp-json\/wp\/v2\/posts"}],"about":[{"href":"https:\/\/www.europesays.com\/fr\/wp-json\/wp\/v2\/types\/post"}],"author":[{"embeddable":true,"href":"https:\/\/www.europesays.com\/fr\/wp-json\/wp\/v2\/users\/2"}],"replies":[{"embeddable":true,"href":"https:\/\/www.europesays.com\/fr\/wp-json\/wp\/v2\/comments?post=421796"}],"version-history":[{"count":0,"href":"https:\/\/www.europesays.com\/fr\/wp-json\/wp\/v2\/posts\/421796\/revisions"}],"wp:featuredmedia":[{"embeddable":true,"href":"https:\/\/www.europesays.com\/fr\/wp-json\/wp\/v2\/media\/421797"}],"wp:attachment":[{"href":"https:\/\/www.europesays.com\/fr\/wp-json\/wp\/v2\/media?parent=421796"}],"wp:term":[{"taxonomy":"category","embeddable":true,"href":"https:\/\/www.europesays.com\/fr\/wp-json\/wp\/v2\/categories?post=421796"},{"taxonomy":"post_tag","embeddable":true,"href":"https:\/\/www.europesays.com\/fr\/wp-json\/wp\/v2\/tags?post=421796"}],"curies":[{"name":"wp","href":"https:\/\/api.w.org\/{rel}","templated":true}]}}