{"id":421798,"date":"2025-09-27T16:36:16","date_gmt":"2025-09-27T16:36:16","guid":{"rendered":"https:\/\/www.europesays.com\/fr\/421798\/"},"modified":"2025-09-27T16:36:16","modified_gmt":"2025-09-27T16:36:16","slug":"a-bordeaux-une-cinquantaine-de-personnes-font-la-velorution-pour-denoncer-les-politiques-migratoires","status":"publish","type":"post","link":"https:\/\/www.europesays.com\/fr\/421798\/","title":{"rendered":"\u00c0 Bordeaux, une cinquantaine de personnes font la \u00ab\u00a0V\u00e9lorution\u00a0\u00bb pour d\u00e9noncer les politiques migratoires"},"content":{"rendered":"<p>\u00ab\u00a0On veut d\u00e9noncer les conditions de d\u00e9tention indignes et les expulsions ill\u00e9gales qui arrivent assez souvent\u00a0\u00bb, alerte Marine Giorgis, assistante juridique de la Cimade. La jeune femme conna\u00eet bien le sujet, puisqu\u2019elle se rend r\u00e9guli\u00e8rement dans des centres de r\u00e9tention administrative (CRA) pour assister les personnes retenues et leur expliquer leurs droits. Avec sa coll\u00e8gue, C\u00e9cile Roubeix, elle encadre la promenade qui passe par des lieux embl\u00e9matiques de \u00ab\u00a0contr\u00f4le et d\u2019enfermement\u00a0\u00bb, comme le parvis des Droits de l\u2019homme, devant l\u2019ancienne prison du fort du H\u00e2. Plusieurs prises de parole sont pr\u00e9vues le long du parcours.<\/p>\n<p>\u00ab\u00a0Normalisation des id\u00e9es d\u2019extr\u00eame droite\u00a0\u00bb<\/p>\n<p>Des ballons rouges et blancs viennent \u00e9gayer les bicyclettes de Sylvie et Germinal. La mobilisation tient au c\u0153ur des deux Bordelais\u00a0: \u00ab\u00a0Germinal est fils de parents espagnols qui ont fui le pays\u00a0\u00bb, pr\u00e9cise Sylvie. En p\u00e9dalant \u00e0 travers les rues de Bordeaux, tous deux esp\u00e8rent avertir de la propagation et la \u00ab\u00a0normalisation des id\u00e9es d\u2019extr\u00eame droite\u00a0\u00bb dans la soci\u00e9t\u00e9. \u00ab\u00a0On continue de laisser croire aux gens que les probl\u00e8mes viennent des \u00e9trangers.\u00a0\u00bb Les manifestants protestent notamment contre l\u2019\u00ab\u00a0enfermement des \u00e9trangers\u00a0\u00bb en situation irr\u00e9guli\u00e8re dans les CRA qui, selon Sylvie et Germinal, est \u00ab\u00a0tr\u00e8s loin des id\u00e9aux de la France\u00a0\u00bb.<\/p>\n<p>        <img decoding=\"async\" id=\"26107199\" src=\"https:\/\/www.europesays.com\/fr\/wp-content\/uploads\/2025\/09\/whatsapp-image-2025-09-27-at-14-04-46.jpeg\" alt=\"Les manifestants arboraient banderoles, ballons et chasubles.\" itemprop=\"contentURL\"\/><\/p>\n<p>    Les manifestants arboraient banderoles, ballons et chasubles.<\/p>\n<p>M.\u00a0B.<\/p>\n","protected":false},"excerpt":{"rendered":"\u00ab\u00a0On veut d\u00e9noncer les conditions de d\u00e9tention indignes et les expulsions ill\u00e9gales qui arrivent assez souvent\u00a0\u00bb, alerte Marine&hellip;\n","protected":false},"author":2,"featured_media":421799,"comment_status":"","ping_status":"","sticky":false,"template":"","format":"standard","meta":{"footnotes":""},"categories":[2817],"tags":[1111,11,1997,1777,674,1011,27,12,2219,25],"class_list":{"0":"post-421798","1":"post","2":"type-post","3":"status-publish","4":"format-standard","5":"has-post-thumbnail","7":"category-bordeaux","8":"tag-actu","9":"tag-actualites","10":"tag-bordeaux","11":"tag-eu","12":"tag-europe","13":"tag-fr","14":"tag-france","15":"tag-news","16":"tag-nouvelle-aquitaine","17":"tag-republique-francaise"},"share_on_mastodon":{"url":"https:\/\/pubeurope.com\/@fr\/115277240116109999","error":""},"_links":{"self":[{"href":"https:\/\/www.europesays.com\/fr\/wp-json\/wp\/v2\/posts\/421798","targetHints":{"allow":["GET"]}}],"collection":[{"href":"https:\/\/www.europesays.com\/fr\/wp-json\/wp\/v2\/posts"}],"about":[{"href":"https:\/\/www.europesays.com\/fr\/wp-json\/wp\/v2\/types\/post"}],"author":[{"embeddable":true,"href":"https:\/\/www.europesays.com\/fr\/wp-json\/wp\/v2\/users\/2"}],"replies":[{"embeddable":true,"href":"https:\/\/www.europesays.com\/fr\/wp-json\/wp\/v2\/comments?post=421798"}],"version-history":[{"count":0,"href":"https:\/\/www.europesays.com\/fr\/wp-json\/wp\/v2\/posts\/421798\/revisions"}],"wp:featuredmedia":[{"embeddable":true,"href":"https:\/\/www.europesays.com\/fr\/wp-json\/wp\/v2\/media\/421799"}],"wp:attachment":[{"href":"https:\/\/www.europesays.com\/fr\/wp-json\/wp\/v2\/media?parent=421798"}],"wp:term":[{"taxonomy":"category","embeddable":true,"href":"https:\/\/www.europesays.com\/fr\/wp-json\/wp\/v2\/categories?post=421798"},{"taxonomy":"post_tag","embeddable":true,"href":"https:\/\/www.europesays.com\/fr\/wp-json\/wp\/v2\/tags?post=421798"}],"curies":[{"name":"wp","href":"https:\/\/api.w.org\/{rel}","templated":true}]}}