{"id":421804,"date":"2025-09-27T16:39:09","date_gmt":"2025-09-27T16:39:09","guid":{"rendered":"https:\/\/www.europesays.com\/fr\/421804\/"},"modified":"2025-09-27T16:39:09","modified_gmt":"2025-09-27T16:39:09","slug":"les-intrepides-rois-de-la-crepe-a-lille-vont-ouvrir-un-nouveau-resto-et-bar-afterwork-a-euratech","status":"publish","type":"post","link":"https:\/\/www.europesays.com\/fr\/421804\/","title":{"rendered":"Les Intr\u00e9pides, rois de la cr\u00eape \u00e0 Lille, vont ouvrir un nouveau resto et bar afterwork \u00e0 Euratech"},"content":{"rendered":"<p>            Par<br \/>\n        <strong><br \/>\n            <a href=\"https:\/\/actu.fr\/auteur\/amandine-vachez\" title=\"Consulter tous les articles de Amandine Vachez\" target=\"_blank\" rel=\"noopener\">Amandine Vachez<\/a><br \/>\n        <\/strong><\/p>\n<p>        Publi\u00e9 le<\/p>\n<p>            27 sept. 2025 \u00e0 17h56        <\/p>\n<p>C\u2019est assur\u00e9ment une adresse gourmande qu\u2019il faudra tester\u2009! Le <b>groupe \u00ab\u2009Les Intr\u00e9pides\u2009\u00bb <\/b>\u00e0 l\u2019origine des restaurants <a href=\"https:\/\/www.instagram.com\/lacreperiedelille\/\" target=\"_blank\" rel=\"noopener\">La cr\u00eaperie de Lille<\/a> et <a href=\"https:\/\/www.instagram.com\/lacreperiedusebasto\/\" target=\"_blank\" rel=\"noopener\">La cr\u00eaperie du Sebasto<\/a><b> <\/b>ouvrira tr\u00e8s prochainement son nouveau <a href=\"https:\/\/actu.fr\/tag\/restaurant\" target=\"_blank\" rel=\"noopener\">restaurant<\/a>\u2009: <b>Sikera<\/b>, une <a href=\"https:\/\/actu.fr\/hauts-de-france\/lille_59350\/chandeleur-manger-meilleures-crepes-lille_21106854.html\" target=\"_blank\" rel=\"noopener\">cr\u00eaperie<\/a>-bar aux abords d\u2019<b>Euratechnologies<\/b>. Arthur, de l\u2019\u00e9quipe, pr\u00e9sente ce nouveau \u00ab\u2009b\u00e9b\u00e9\u2009\u00bb dans les grandes lignes.<\/p>\n<p>Une offre similaire \u00e0 ce qui fait le succ\u00e8s des cr\u00eaperies lilloises<\/p>\n<p class=\" wall-content\">Dans ce nouvel \u00e9tablissement de 200 places assises, dont 130 en int\u00e9rieur et 70 en terrasse, vous pourrez<b> d\u00e8s le 20\u00a0octobre<\/b> au <b>2, rue H\u00e9gel<\/b>, profiter d\u2019une<b> mezzanine <\/b>et d\u00e9guster des <b>sp\u00e9cialit\u00e9s sal\u00e9es et sucr\u00e9es<\/b> midi et soir. \u00ab\u2009Nous proposerons une offre similaire \u00e0 nos deux autres restaurants\u2009: cr\u00eaperie (sal\u00e9e et sucr\u00e9e), tartinerie, pataterie pour des plats copieux et des salades\u2009\u00bb, pr\u00e9sente Arthur. Deux formules midi seront propos\u00e9es, avec une galette sal\u00e9e, une cr\u00eape sucr\u00e9e et une boisson (tarif en fonction de la galette choisie). Notez que le ticket moyen s\u2019\u00e9l\u00e8ve<b> entre 14 et 17\u00a0euros pour le d\u00e9jeuner.<\/b><\/p>\n<p class=\" wall-content\"><a href=\"https:\/\/www.instagram.com\/p\/DO_UIxaDaXC\/embed\" title=\"Ouvrir le lien sur Instagram\" target=\"_blank\" rel=\"noopener\">Visualiser le contenu sur Instagram<\/a><\/p>\n<p>Un lieu adapt\u00e9 aux afterworks<\/p>\n<p class=\" wall-content\">Ce n\u2019est pas tout\u2009: cette adresse, install\u00e9e dans un quartier qui compte de nombreuses entreprises, proposera<b> <\/b>une offre adapt\u00e9e aux afterworks. Il y aura des<b> planches \u00e0 partager <\/b>au menu, et des<b> espaces consacr\u00e9s aux jeux<\/b> (fl\u00e9chettes, terrain de p\u00e9tanque). La mezzanine sera privatisable, des <b>matchs seront diffus\u00e9s <\/b>et, d\u00e8s janvier, des \u00e9v\u00e9nements sont au programme\u2009: <b>concerts, expo, spectacles\u2026<\/b><\/p>\n<blockquote class=\"ac-article-quote wall-content\">\n<p>Ce qui change vraiment c\u2019est le bar et l\u2019ambiance. Ce n\u2019est pas simplement une cr\u00eaperie, mais une cr\u00eaperie-bar avec une large offre de boissons\u2009: cidres, vins, cocktails, bi\u00e8res, mat\u00e9s, softs\u2026<\/p>\n<p>Arthur, des Intr\u00e9pides.<\/p><\/blockquote>\n<p class=\" wall-content\">Une nouvelle<b> \u00ab\u2009cantine\u2009\u00bb <\/b>(++), pour les salari\u00e9s qui bossent autour, et une adresse gourmande qui devrait attirer les habitants du quartier, curieux de d\u00e9couvrir de nouvelles saveurs. Et Arthur de conclure sur une note enthousiaste\u2009: \u00ab\u2009Nous esp\u00e9rons que<b> notre accueil et notre savoir-faire sauront faire la diff\u00e9rence <\/b>dans le quotidien des salari\u00e9s et des r\u00e9sidents aux alentours.\u2009\u00bb<\/p>\n<p class=\" wall-content\">Personnalisez votre actualit\u00e9 en ajoutant vos villes et m\u00e9dias en favori avec <a href=\"https:\/\/moncompte.actu.fr\" title=\"D\u00e9couvez Mon Actu\" rel=\"nofollow noopener\" data-trk=\"{&quot;cta&quot;:{&quot;action&quot;:&quot;https:\\\/\\\/moncompte.actu.fr&quot;,&quot;category&quot;:&quot;mon compte&quot;,&quot;from&quot;:&quot;article footer&quot;,&quot;name&quot;:&quot;Mon actu&quot;,&quot;type&quot;:&quot;cta&quot;}}\" target=\"_blank\">Mon Actu<\/a>.<\/p>\n<p>                    <script async src=\"\/\/www.instagram.com\/embed.js\"><\/script><\/p>\n","protected":false},"excerpt":{"rendered":"Par Amandine Vachez Publi\u00e9 le 27 sept. 2025 \u00e0 17h56 C\u2019est assur\u00e9ment une adresse gourmande qu\u2019il faudra tester\u2009!&hellip;\n","protected":false},"author":2,"featured_media":421805,"comment_status":"","ping_status":"","sticky":false,"template":"","format":"standard","meta":{"footnotes":""},"categories":[2815],"tags":[1111,11,1777,674,1011,27,811,1307,12,3147,25,1340,104],"class_list":{"0":"post-421804","1":"post","2":"type-post","3":"status-publish","4":"format-standard","5":"has-post-thumbnail","7":"category-lille","8":"tag-actu","9":"tag-actualites","10":"tag-eu","11":"tag-europe","12":"tag-fr","13":"tag-france","14":"tag-hauts-de-france","15":"tag-lille","16":"tag-news","17":"tag-nouveaux-commerces","18":"tag-republique-francaise","19":"tag-restaurant","20":"tag-societe"},"share_on_mastodon":{"url":"https:\/\/pubeurope.com\/@fr\/115277251543167713","error":""},"_links":{"self":[{"href":"https:\/\/www.europesays.com\/fr\/wp-json\/wp\/v2\/posts\/421804","targetHints":{"allow":["GET"]}}],"collection":[{"href":"https:\/\/www.europesays.com\/fr\/wp-json\/wp\/v2\/posts"}],"about":[{"href":"https:\/\/www.europesays.com\/fr\/wp-json\/wp\/v2\/types\/post"}],"author":[{"embeddable":true,"href":"https:\/\/www.europesays.com\/fr\/wp-json\/wp\/v2\/users\/2"}],"replies":[{"embeddable":true,"href":"https:\/\/www.europesays.com\/fr\/wp-json\/wp\/v2\/comments?post=421804"}],"version-history":[{"count":0,"href":"https:\/\/www.europesays.com\/fr\/wp-json\/wp\/v2\/posts\/421804\/revisions"}],"wp:featuredmedia":[{"embeddable":true,"href":"https:\/\/www.europesays.com\/fr\/wp-json\/wp\/v2\/media\/421805"}],"wp:attachment":[{"href":"https:\/\/www.europesays.com\/fr\/wp-json\/wp\/v2\/media?parent=421804"}],"wp:term":[{"taxonomy":"category","embeddable":true,"href":"https:\/\/www.europesays.com\/fr\/wp-json\/wp\/v2\/categories?post=421804"},{"taxonomy":"post_tag","embeddable":true,"href":"https:\/\/www.europesays.com\/fr\/wp-json\/wp\/v2\/tags?post=421804"}],"curies":[{"name":"wp","href":"https:\/\/api.w.org\/{rel}","templated":true}]}}