{"id":421808,"date":"2025-09-27T16:41:10","date_gmt":"2025-09-27T16:41:10","guid":{"rendered":"https:\/\/www.europesays.com\/fr\/421808\/"},"modified":"2025-09-27T16:41:10","modified_gmt":"2025-09-27T16:41:10","slug":"comment-les-narcotrafiquants-marseillais-transformaient-la-drogue-en-or","status":"publish","type":"post","link":"https:\/\/www.europesays.com\/fr\/421808\/","title":{"rendered":"comment les narcotrafiquants marseillais transformaient la drogue en or"},"content":{"rendered":"<p>Les sommes en jeu donnent le vertige. \u00ab\u00a0On touche concr\u00e8tement du doigt <strong>le caract\u00e8re massif et les profits consid\u00e9rables<\/strong> qui sont g\u00e9n\u00e9r\u00e9s par les r\u00e9seaux de trafiquants\u00a0\u00bb, souligne, sans feindre la surprise, le procureur Nicolas Bessone. Au c\u00f4t\u00e9 du nouveau patron de la section de recherche de la gendarmerie, Olivier Leblanc, le chef du parquet est revenu en d\u00e9tail ce samedi 27\u00a0septembre sur la r\u00e9solution d\u2019une affaire \u00ab\u00a0exceptionnelle\u00a0\u00bb qui a permis de \u00ab\u00a0mettre hors d\u2019\u00e9tat de nuire\u00a0\u00bb <a href=\"https:\/\/www.laprovence.com\/article\/faits-divers-justice\/1943698127531914\/blanchiment-la-camora-visee-par-une-grosse-operation-sur-la-cote-dazur-des-biens-immobiliers-saisis\" target=\"_blank\" rel=\"noopener\">un r\u00e9seau international de blanchiment d\u2019argent de la drogue op\u00e9rant entre la France, l\u2019Italie, le Kossovo et Turquie.<\/a><\/p>\n<p>Le m\u00e9canisme <strong>mis en place depuis Milan par des ressortissants Kossovars et\u00a0du Moyen-Orient<\/strong>, probablement en cheville avec une puissante <a href=\"https:\/\/www.laprovence.com\/article\/faits-divers-justice\/44001465712514\/exclusif-battre-la-mafia-cest-possible-un-repenti-du-puissant-clan-criminel-italien-ndrangheta-livre-ses-verites\" target=\"_blank\" rel=\"noopener\">Mafia du sud de l\u2019Italie<\/a>, \u00e9tait extr\u00eamement sophistiqu\u00e9. Il a permis aux groupes criminels hexagonaux d\u2019exfiltrer des points de deal de Marseille, Paris, Lyon, Strasbourg, ou encore Clermont-Ferrand, pr\u00e8s de 30\u00a0millions d\u2019euros d\u2019argent sale entre octobre\u00a02024 \u00e0 ao\u00fbt\u00a02025. Le fruit de la vente de stup\u00e9fiants, voire du racket, \u00e9tait ensuite converti en lingots d\u2019or 24 carats fondus \u00e0 Milan. \u00ab\u00a0L\u2019or est une valeur refuge, comme les cryptomonnaies\u00a0\u00bb, rel\u00e8ve Nicolas&#8230;<\/p>\n","protected":false},"excerpt":{"rendered":"Les sommes en jeu donnent le vertige. \u00ab\u00a0On touche concr\u00e8tement du doigt le caract\u00e8re massif et les profits&hellip;\n","protected":false},"author":2,"featured_media":421809,"comment_status":"","ping_status":"","sticky":false,"template":"","format":"standard","meta":{"footnotes":""},"categories":[2814],"tags":[55113,17,1111,11,20,39359,55114,1777,674,274,1011,27,151,55112,884,12,882,25,17491],"class_list":{"0":"post-421808","1":"post","2":"type-post","3":"status-publish","4":"format-standard","5":"has-post-thumbnail","7":"category-marseille","8":"tag-10-millions","9":"tag-17","10":"tag-actu","11":"tag-actualites","12":"tag-comment","13":"tag-criminels","14":"tag-davoirs","15":"tag-eu","16":"tag-europe","17":"tag-faits-divers-justice","18":"tag-fr","19":"tag-france","20":"tag-les","21":"tag-lingots","22":"tag-marseille","23":"tag-news","24":"tag-provence-alpes-cote-dazur","25":"tag-republique-francaise","26":"tag-saisis"},"share_on_mastodon":{"url":"https:\/\/pubeurope.com\/@fr\/115277259376834779","error":""},"_links":{"self":[{"href":"https:\/\/www.europesays.com\/fr\/wp-json\/wp\/v2\/posts\/421808","targetHints":{"allow":["GET"]}}],"collection":[{"href":"https:\/\/www.europesays.com\/fr\/wp-json\/wp\/v2\/posts"}],"about":[{"href":"https:\/\/www.europesays.com\/fr\/wp-json\/wp\/v2\/types\/post"}],"author":[{"embeddable":true,"href":"https:\/\/www.europesays.com\/fr\/wp-json\/wp\/v2\/users\/2"}],"replies":[{"embeddable":true,"href":"https:\/\/www.europesays.com\/fr\/wp-json\/wp\/v2\/comments?post=421808"}],"version-history":[{"count":0,"href":"https:\/\/www.europesays.com\/fr\/wp-json\/wp\/v2\/posts\/421808\/revisions"}],"wp:featuredmedia":[{"embeddable":true,"href":"https:\/\/www.europesays.com\/fr\/wp-json\/wp\/v2\/media\/421809"}],"wp:attachment":[{"href":"https:\/\/www.europesays.com\/fr\/wp-json\/wp\/v2\/media?parent=421808"}],"wp:term":[{"taxonomy":"category","embeddable":true,"href":"https:\/\/www.europesays.com\/fr\/wp-json\/wp\/v2\/categories?post=421808"},{"taxonomy":"post_tag","embeddable":true,"href":"https:\/\/www.europesays.com\/fr\/wp-json\/wp\/v2\/tags?post=421808"}],"curies":[{"name":"wp","href":"https:\/\/api.w.org\/{rel}","templated":true}]}}