{"id":421812,"date":"2025-09-27T16:43:18","date_gmt":"2025-09-27T16:43:18","guid":{"rendered":"https:\/\/www.europesays.com\/fr\/421812\/"},"modified":"2025-09-27T16:43:18","modified_gmt":"2025-09-27T16:43:18","slug":"un-voisin-excede-sort-un-couteau-le-tribunal-tranche","status":"publish","type":"post","link":"https:\/\/www.europesays.com\/fr\/421812\/","title":{"rendered":"un voisin exc\u00e9d\u00e9 sort un couteau, le tribunal tranche"},"content":{"rendered":"<p class=\"gmail-Paragraph gmail-SCXW1559497 gmail-BCX0\" lang=\"FR-FR\">Le tribunal correctionnel de Lyon a condamn\u00e9 jeudi 18 septembre un homme de 49 ans pour avoir menac\u00e9 son voisin avec un couteau lors d\u2019une soir\u00e9e de cr\u00e9maill\u00e8re trop bruyante \u00e0 son go\u00fbt.\u00a0<\/p>\n<p class=\"gmail-Paragraph gmail-SCXW1559497 gmail-BCX0\" lang=\"FR-FR\">Les faits remontent au 27 mars dernier, rue du Pr\u00e9-Gaudry, dans le 7e arrondissement. Alors que Lucas, 22 ans, descendait chercher des pizzas pour ses amis, son voisin l\u2019avait interpell\u00e9 avant de brandir un couteau et de tenter de lui porter un coup. <\/p>\n<p class=\"gmail-Paragraph gmail-SCXW1559497 gmail-BCX0\" lang=\"FR-FR\">\u00ab\u00a0Les cartons sont compl\u00e8tement entaill\u00e9s\u00a0\u00bb,\u00a0ont constat\u00e9 les policiers, rapporte <a href=\"https:\/\/actu.fr\/auvergne-rhone-alpes\/lyon_69123\/lyon-le-voisin-alcoolique-et-depressif-plombe-l-ambiance-d-une-pendaison-de-cremaillere_63207973.html\" target=\"_blank\" rel=\"noopener\">PressPepper<\/a>. L\u2019homme avait aussi gifl\u00e9 un autre jeune, lequel lui avait rendu la pareille.\u00a0<\/p>\n<p class=\"gmail-Paragraph gmail-SCXW1559497 gmail-BCX0\" lang=\"FR-FR\">\u00c0 l\u2019audience, le pr\u00e9venu, d\u00e9crit comme \u00ab\u00a0alcoolique\u00a0\u00bb et \u00ab\u00a0d\u00e9pressif\u00a0\u00bb depuis quatorze ans, a reconnu avoir \u00ab\u00a0trop r\u00e9agi\u00a0\u00bb : \u00ab\u00a0Je reconnais que c\u2019est tr\u00e8s excessif, j\u2019ai compris que \u00e7a aurait pu \u00eatre beaucoup plus grave\u00a0\u00bb, a-t-il d\u00e9clar\u00e9.\u00a0<\/p>\n<p class=\"gmail-Paragraph gmail-SCXW1559497 gmail-BCX0\" lang=\"FR-FR\">Le tribunal l\u2019a condamn\u00e9 \u00e0 six mois d\u2019emprisonnement avec sursis et \u00e0 une interdiction de port d\u2019arme pendant trois ans. \u00ab\u00a0Les faits sont graves : quand on se sert d\u2019un couteau, on peut tuer\u00a0\u00bb, lui a rappel\u00e9 la pr\u00e9sidente. Contrairement aux r\u00e9quisitions du parquet, aucune obligation de soins n\u2019a \u00e9t\u00e9 prononc\u00e9e, le pr\u00e9venu suivant d\u00e9j\u00e0 des cures r\u00e9guli\u00e8res contre son alcoolisme.<\/p>\n","protected":false},"excerpt":{"rendered":"Le tribunal correctionnel de Lyon a condamn\u00e9 jeudi 18 septembre un homme de 49 ans pour avoir menac\u00e9&hellip;\n","protected":false},"author":2,"featured_media":421813,"comment_status":"","ping_status":"","sticky":false,"template":"","format":"standard","meta":{"footnotes":""},"categories":[1889],"tags":[1111,11,2813,2190,2430,1109,251,1112,2811,1777,674,118,1011,27,1922,1110,1114,2428,2810,12,241,316,25,2812,517,800],"class_list":{"0":"post-421812","1":"post","2":"type-post","3":"status-publish","4":"format-standard","5":"has-post-thumbnail","7":"category-lyon","8":"tag-actu","9":"tag-actualites","10":"tag-article","11":"tag-asvel","12":"tag-auvergne-rhone-alpes","13":"tag-breves","14":"tag-culture","15":"tag-depeches","16":"tag-economique","17":"tag-eu","18":"tag-europe","19":"tag-faits-divers","20":"tag-fr","21":"tag-france","22":"tag-info","23":"tag-informations","24":"tag-infos","25":"tag-lyon","26":"tag-lyonmag","27":"tag-news","28":"tag-ol","29":"tag-politique","30":"tag-republique-francaise","31":"tag-sociale","32":"tag-sport","33":"tag-transports"},"share_on_mastodon":{"url":"https:\/\/pubeurope.com\/@fr\/115277267182062249","error":""},"_links":{"self":[{"href":"https:\/\/www.europesays.com\/fr\/wp-json\/wp\/v2\/posts\/421812","targetHints":{"allow":["GET"]}}],"collection":[{"href":"https:\/\/www.europesays.com\/fr\/wp-json\/wp\/v2\/posts"}],"about":[{"href":"https:\/\/www.europesays.com\/fr\/wp-json\/wp\/v2\/types\/post"}],"author":[{"embeddable":true,"href":"https:\/\/www.europesays.com\/fr\/wp-json\/wp\/v2\/users\/2"}],"replies":[{"embeddable":true,"href":"https:\/\/www.europesays.com\/fr\/wp-json\/wp\/v2\/comments?post=421812"}],"version-history":[{"count":0,"href":"https:\/\/www.europesays.com\/fr\/wp-json\/wp\/v2\/posts\/421812\/revisions"}],"wp:featuredmedia":[{"embeddable":true,"href":"https:\/\/www.europesays.com\/fr\/wp-json\/wp\/v2\/media\/421813"}],"wp:attachment":[{"href":"https:\/\/www.europesays.com\/fr\/wp-json\/wp\/v2\/media?parent=421812"}],"wp:term":[{"taxonomy":"category","embeddable":true,"href":"https:\/\/www.europesays.com\/fr\/wp-json\/wp\/v2\/categories?post=421812"},{"taxonomy":"post_tag","embeddable":true,"href":"https:\/\/www.europesays.com\/fr\/wp-json\/wp\/v2\/tags?post=421812"}],"curies":[{"name":"wp","href":"https:\/\/api.w.org\/{rel}","templated":true}]}}