{"id":421818,"date":"2025-09-27T16:47:12","date_gmt":"2025-09-27T16:47:12","guid":{"rendered":"https:\/\/www.europesays.com\/fr\/421818\/"},"modified":"2025-09-27T16:47:12","modified_gmt":"2025-09-27T16:47:12","slug":"la-puissance-ce-nest-pas-la-force-cest-meme-linverse-cest-la-capacite-a-ne-pas-lutiliser","status":"publish","type":"post","link":"https:\/\/www.europesays.com\/fr\/421818\/","title":{"rendered":"\u00ab\u00a0La puissance, ce n\u2019est pas la force, c\u2019est m\u00eame l\u2019inverse. C\u2019est la capacit\u00e9 \u00e0 ne pas l\u2019utiliser\u00a0\u00bb"},"content":{"rendered":"<p>                         <img loading=\"lazy\" decoding=\"async\" src=\"https:\/\/www.europesays.com\/fr\/wp-content\/uploads\/2025\/09\/347df0c_upload-1-cex92ewb5xzm-abacacelebsport-908031-014-1-preview.jpg\" alt=\"Lors de la c\u00e9r\u00e9monie d\u2019ouverture des JO de Paris, le 26\u00a0juillet\u00a02024, \u00e9vocation de Marie-Antoinette devant la Conciergerie.\"   width=\"664\" height=\"443\"\/>    Lors de la c\u00e9r\u00e9monie d\u2019ouverture des JO de Paris, le 26\u00a0juillet\u00a02024, \u00e9vocation de Marie-Antoinette devant la Conciergerie.  UPI\/ABACA                 <\/p>\n<p class=\"article__paragraph  \">Patrick Boucheron est historien, m\u00e9di\u00e9viste sp\u00e9cialiste de l\u2019Italie en particulier. Professeur au Coll\u00e8ge de France, il a particip\u00e9 \u00e0 l\u2019organisation des Jeux olympiques de 2024 \u00e0 Paris en cosc\u00e9narisant la c\u00e9r\u00e9monie d\u2019ouverture, o\u00f9 l\u2019histoire de France irrigue le parcours et la mise en sc\u00e8ne. Il est l\u2019auteur de dizaines d\u2019ouvrages, dont Histoire mondiale de la France (Seuil, 2017).<\/p>\n<p>                Que vous a inspir\u00e9 le titre des Rendez-vous de l\u2019histoire de cette ann\u00e9e, \u00ab\u00a0La France\u00a0?\u00a0\u00bb\u00a0?           <\/p>\n<p class=\"article__paragraph  \">Je trouve bien de mettre les pieds dans le plat et de faire l\u2019inventaire de nos diff\u00e9rences vis-\u00e0-vis de l\u2019histoire nationale, de mani\u00e8re apais\u00e9e, scientifique, m\u00e9thodologique. Car aujourd\u2019hui, l\u2019histoire est la pomme de discorde dans la guerre culturelle. Celle-ci s\u2019exasp\u00e8re autour des imaginaires politiques, qui sont en France des imaginaires historiques. De plus, nous sommes confront\u00e9s, depuis janvier, aux attaques de Donald Trump sur la science. On comprend qu\u2019au-del\u00e0 des chiffons rouges qu\u2019elle agite (le wokisme notamment), cette offensive vise la culture scientifique d\u2019une mani\u00e8re g\u00e9n\u00e9rale, en tant que pilier de la d\u00e9mocratie. Or, la d\u00e9mocratie n\u2019est pas seulement un r\u00e9gime, c\u2019est une t\u00e2che \u00e0 accomplir, et celle-ci n\u2019est plus possible si le d\u00e9bat public est \u00e0 ce point d\u00e9grad\u00e9. Et ce qui ab\u00eeme l\u2019espace de discussion, ce sont bien les entreprises syst\u00e9matiques de d\u00e9nigrement de la scientificit\u00e9 des discours de savoir, et notamment ceux que portent les sciences sociales, sur l\u2019air du \u00ab\u00a0ce n\u2019est que de l\u2019opinion, de l\u2019id\u00e9ologie, en r\u00e9alit\u00e9 l\u2019universit\u00e9 est gangren\u00e9e par\u2026\u00a0\u00bb<\/p>\n<p class=\"reading-mode-only \"><strong>Il vous reste 93.85% de cet article \u00e0 lire. La suite est r\u00e9serv\u00e9e aux abonn\u00e9s.<\/strong><\/p>\n","protected":false},"excerpt":{"rendered":"Lors de la c\u00e9r\u00e9monie d\u2019ouverture des JO de Paris, le 26\u00a0juillet\u00a02024, \u00e9vocation de Marie-Antoinette devant la Conciergerie. UPI\/ABACA&hellip;\n","protected":false},"author":2,"featured_media":421819,"comment_status":"","ping_status":"","sticky":false,"template":"","format":"standard","meta":{"footnotes":""},"categories":[1888],"tags":[1111,1928,11,1927,1777,674,1011,27,12,1926,626,1925,25],"class_list":{"0":"post-421818","1":"post","2":"type-post","3":"status-publish","4":"format-standard","5":"has-post-thumbnail","7":"category-paris","8":"tag-actu","9":"tag-actu-paris","10":"tag-actualites","11":"tag-actualites-paris","12":"tag-eu","13":"tag-europe","14":"tag-fr","15":"tag-france","16":"tag-news","17":"tag-news-paris","18":"tag-paris","19":"tag-paris-news","20":"tag-republique-francaise"},"share_on_mastodon":{"url":"https:\/\/pubeurope.com\/@fr\/115277283451564031","error":""},"_links":{"self":[{"href":"https:\/\/www.europesays.com\/fr\/wp-json\/wp\/v2\/posts\/421818","targetHints":{"allow":["GET"]}}],"collection":[{"href":"https:\/\/www.europesays.com\/fr\/wp-json\/wp\/v2\/posts"}],"about":[{"href":"https:\/\/www.europesays.com\/fr\/wp-json\/wp\/v2\/types\/post"}],"author":[{"embeddable":true,"href":"https:\/\/www.europesays.com\/fr\/wp-json\/wp\/v2\/users\/2"}],"replies":[{"embeddable":true,"href":"https:\/\/www.europesays.com\/fr\/wp-json\/wp\/v2\/comments?post=421818"}],"version-history":[{"count":0,"href":"https:\/\/www.europesays.com\/fr\/wp-json\/wp\/v2\/posts\/421818\/revisions"}],"wp:featuredmedia":[{"embeddable":true,"href":"https:\/\/www.europesays.com\/fr\/wp-json\/wp\/v2\/media\/421819"}],"wp:attachment":[{"href":"https:\/\/www.europesays.com\/fr\/wp-json\/wp\/v2\/media?parent=421818"}],"wp:term":[{"taxonomy":"category","embeddable":true,"href":"https:\/\/www.europesays.com\/fr\/wp-json\/wp\/v2\/categories?post=421818"},{"taxonomy":"post_tag","embeddable":true,"href":"https:\/\/www.europesays.com\/fr\/wp-json\/wp\/v2\/tags?post=421818"}],"curies":[{"name":"wp","href":"https:\/\/api.w.org\/{rel}","templated":true}]}}