{"id":421820,"date":"2025-09-27T16:48:17","date_gmt":"2025-09-27T16:48:17","guid":{"rendered":"https:\/\/www.europesays.com\/fr\/421820\/"},"modified":"2025-09-27T16:48:17","modified_gmt":"2025-09-27T16:48:17","slug":"le-chef-de-la-cour-dappel-de-paris-demande-solennellement-le-respect-de-la-justice","status":"publish","type":"post","link":"https:\/\/www.europesays.com\/fr\/421820\/","title":{"rendered":"le chef de la cour d&rsquo;appel de Paris demande \u00ab\u00a0solennellement\u00a0\u00bb le respect de la justice"},"content":{"rendered":"<p class=\"mb-4 text-lg md:leading-8 break-words\">Le premier pr\u00e9sident de la cour d&rsquo;appel de Paris a appel\u00e9 \u00ab\u00a0solennellement\u00a0\u00bb, samedi 27 septembre dans un communiqu\u00e9, au respect de l&rsquo;institution judiciaire et a d\u00e9plor\u00e9 <a href=\"https:\/\/fr.news.yahoo.com\/condamnation-nicolas-sarkozy-s%C3%A9bastien-chenu-074355569.html\" data-ylk=\"slk:la &quot;remise en cause&quot; de l&#039;impartialit\u00e9 de la justice;elm:context_link;itc:0;sec:content-canvas;outcm:mb_qualified_link;_E:mb_qualified_link;ct:story;\" class=\"link  yahoo-link\" target=\"_blank\" rel=\"noopener\">la \u00ab\u00a0remise en cause\u00a0\u00bb de l&rsquo;impartialit\u00e9 de la justice<\/a> apr\u00e8s <a href=\"https:\/\/fr.news.yahoo.com\/mandat-d%C3%A9p%C3%B4t-ex%C3%A9cution-provisoire-signifie-120751395.html\" data-ylk=\"slk:la condamnation de l&#039;ex-chef de l&#039;\u00c9tat Nicolas Sarkozy;elm:context_link;itc:0;sec:content-canvas;outcm:mb_qualified_link;_E:mb_qualified_link;ct:story;\" class=\"link  yahoo-link\" target=\"_blank\" rel=\"noopener\">la condamnation de l&rsquo;ex-chef de l&rsquo;\u00c9tat Nicolas Sarkozy<\/a> dans le dossier dit du financement libyen.<\/p>\n<p class=\"mb-4 text-lg md:leading-8 break-words\">Le communiqu\u00e9 de Jacques Boulard, qui \u00ab\u00a0appelle solennellement au respect de l&rsquo;institution judiciaire et de son ind\u00e9pendance\u00a0\u00bb, intervient au lendemain de l&rsquo;ouverture par le parquet de Paris de<a href=\"https:\/\/fr.news.yahoo.com\/condamnation-nicolas-sarkozy-deux-enqu%C3%AAtes-212950389.html\" data-ylk=\"slk:deux enqu\u00eates \u00e0 la suite de &quot;messages mena\u00e7ants&quot; visant la pr\u00e9sidente du tribunal correctionnel;elm:context_link;itc:0;sec:content-canvas;outcm:mb_qualified_link;_E:mb_qualified_link;ct:story;\" class=\"link  yahoo-link\" target=\"_blank\" rel=\"noopener\"> deux enqu\u00eates \u00e0 la suite de \u00ab\u00a0messages mena\u00e7ants\u00a0\u00bb visant la pr\u00e9sidente du tribunal correctionnel<\/a> qui a condamn\u00e9 jeudi Nicolas Sarkozy \u00e0 cinq ans de prison et ordonn\u00e9 son incarc\u00e9ration prochaine.<\/p>\n<p class=\"mb-4 text-lg md:leading-8 break-words\"><b>&gt;&gt;&gt; Plus d&rsquo;informations \u00e0 venir sur BFMTV.com<\/b><\/p>\n<p class=\"mb-4 text-lg md:leading-8 break-words\"><a href=\"https:\/\/www.bfmtv.com\/police-justice\/condamnation-de-nicolas-sarkozy-le-chef-de-la-cour-d-appel-de-paris-demande-solennellement-le-respect-de-la-justice_AD-202509270289.html#xtor=AL-68\" rel=\"nofollow noopener\" target=\"_blank\" data-ylk=\"slk:Article original publi\u00e9 sur BFMTV.com;elm:context_link;itc:0;sec:content-canvas\" class=\"link \">Article original publi\u00e9 sur BFMTV.com<\/a><\/p>\n","protected":false},"excerpt":{"rendered":"Le premier pr\u00e9sident de la cour d&rsquo;appel de Paris a appel\u00e9 \u00ab\u00a0solennellement\u00a0\u00bb, samedi 27 septembre dans un communiqu\u00e9,&hellip;\n","protected":false},"author":2,"featured_media":421821,"comment_status":"","ping_status":"","sticky":false,"template":"","format":"standard","meta":{"footnotes":""},"categories":[1888],"tags":[1111,1928,11,1927,1777,674,1011,27,55115,12,1926,3091,626,1925,25],"class_list":{"0":"post-421820","1":"post","2":"type-post","3":"status-publish","4":"format-standard","5":"has-post-thumbnail","7":"category-paris","8":"tag-actu","9":"tag-actu-paris","10":"tag-actualites","11":"tag-actualites-paris","12":"tag-eu","13":"tag-europe","14":"tag-fr","15":"tag-france","16":"tag-jacques-boulard","17":"tag-news","18":"tag-news-paris","19":"tag-nicolas-sarkozy","20":"tag-paris","21":"tag-paris-news","22":"tag-republique-francaise"},"share_on_mastodon":{"url":"https:\/\/pubeurope.com\/@fr\/115277286806210181","error":""},"_links":{"self":[{"href":"https:\/\/www.europesays.com\/fr\/wp-json\/wp\/v2\/posts\/421820","targetHints":{"allow":["GET"]}}],"collection":[{"href":"https:\/\/www.europesays.com\/fr\/wp-json\/wp\/v2\/posts"}],"about":[{"href":"https:\/\/www.europesays.com\/fr\/wp-json\/wp\/v2\/types\/post"}],"author":[{"embeddable":true,"href":"https:\/\/www.europesays.com\/fr\/wp-json\/wp\/v2\/users\/2"}],"replies":[{"embeddable":true,"href":"https:\/\/www.europesays.com\/fr\/wp-json\/wp\/v2\/comments?post=421820"}],"version-history":[{"count":0,"href":"https:\/\/www.europesays.com\/fr\/wp-json\/wp\/v2\/posts\/421820\/revisions"}],"wp:featuredmedia":[{"embeddable":true,"href":"https:\/\/www.europesays.com\/fr\/wp-json\/wp\/v2\/media\/421821"}],"wp:attachment":[{"href":"https:\/\/www.europesays.com\/fr\/wp-json\/wp\/v2\/media?parent=421820"}],"wp:term":[{"taxonomy":"category","embeddable":true,"href":"https:\/\/www.europesays.com\/fr\/wp-json\/wp\/v2\/categories?post=421820"},{"taxonomy":"post_tag","embeddable":true,"href":"https:\/\/www.europesays.com\/fr\/wp-json\/wp\/v2\/tags?post=421820"}],"curies":[{"name":"wp","href":"https:\/\/api.w.org\/{rel}","templated":true}]}}