{"id":421826,"date":"2025-09-27T16:51:11","date_gmt":"2025-09-27T16:51:11","guid":{"rendered":"https:\/\/www.europesays.com\/fr\/421826\/"},"modified":"2025-09-27T16:51:11","modified_gmt":"2025-09-27T16:51:11","slug":"kiev-accuse-moscou-de-voler-la-centrale-de-zaporijjia-la-russie-revendique-la-prise-de-villages","status":"publish","type":"post","link":"https:\/\/www.europesays.com\/fr\/421826\/","title":{"rendered":"Kiev accuse Moscou de \u00ab\u00a0voler\u00a0\u00bb la centrale de Zaporijjia, la Russie revendique la prise de villages"},"content":{"rendered":"<p>Vous avez rat\u00e9 les derniers \u00e9v\u00e9nements sur la <a href=\"https:\/\/www.20minutes.fr\/monde\/ukraine\/\" class=\"c-link c-link--is-underlined\" target=\"_blank\" rel=\"noopener\">guerre en Ukraine<\/a>\u00a0? 20 Minutes fait le point pour vous tous les soirs. Voici l\u2019essentiel de ce samedi 27\u00a0septembre, 1.312e jour du conflit.<\/p>\n<p>Le fait du jour<\/p>\n<p>Les incursions de <a href=\"https:\/\/www.20minutes.fr\/monde\/drone\/\" target=\"_blank\" class=\"c-link c-link--is-underlined\" rel=\"noopener\">drones <\/a>non identifi\u00e9s au-dessus du <a href=\"https:\/\/www.20minutes.fr\/dossier\/danemark\" target=\"_blank\" class=\"c-link c-link--is-underlined\" rel=\"noopener\">Danemark <\/a>se sont poursuivies dans la nuit de vendredi \u00e0 ce samedi. Cette fois-ci, ce sont des sites militaires danois, notamment la plus grande base militaire, qui ont \u00e9t\u00e9 survol\u00e9s. Le Danemark laissant entendre que la <a href=\"https:\/\/www.20minutes.fr\/monde\/russie\/\" target=\"_blank\" class=\"c-link c-link--is-underlined\" rel=\"noopener\">Russie <\/a>pourrait \u00eatre impliqu\u00e9e. En <a href=\"https:\/\/www.20minutes.fr\/dossier\/norvege\" target=\"_blank\" class=\"c-link c-link--is-underlined\" rel=\"noopener\">Norv\u00e8ge<\/a>, l\u2019arm\u00e9e enqu\u00eate \u00e9galement sur \u00ab\u00a0d\u2019\u00e9ventuelles observations de drones\u00a0\u00bb t\u00f4t ce samedi matin pr\u00e8s de sa plus grande base militaire, Orland, qui abrite ses avions de combat F-35.<\/p>\n<p>Les vols de drones ont commenc\u00e9 quelques jours seulement apr\u00e8s l\u2019annonce, par le Danemark, de l\u2019acquisition pour la premi\u00e8re fois d\u2019armes de pr\u00e9cision \u00e0 longue port\u00e9e, invoquant la menace repr\u00e9sent\u00e9e par la Russie \u00ab\u00a0pour les ann\u00e9es \u00e0 venir\u00a0\u00bb. Moscou a rejet\u00e9 \u00ab\u00a0fermement\u00a0\u00bb jeudi toute implication dans les incidents danois.<\/p>\n<\/p>\n<p><a href=\"https:\/\/www.20minutes.fr\/dossier\/copenhague\" target=\"_blank\" class=\"c-link c-link--is-underlined\" rel=\"noopener\">Copenhague <\/a>accueillera mercredi et jeudi un sommet europ\u00e9en r\u00e9unissant les chefs de gouvernement. Les ministres de la D\u00e9fense d\u2019une dizaine de pays de l\u2019UE ont convenu vendredi de faire de la mise en place d\u2019un \u00ab\u00a0mur antidrones\u00a0\u00bb une priorit\u00e9.<\/p>\n<p>La phrase du jour<\/p>\n<blockquote class=\"mx-m@xs mx-xxl@md color-ultramarine c-citation\">\n<p class=\"font-weight-regular@xs text-italic font-source-serif-pro text-l@xs c-citation__content\">\u00ab\u00a0Nous exhortons toutes les nations pr\u00e9occup\u00e9es par la s\u00fbret\u00e9 et la s\u00e9curit\u00e9 nucl\u00e9aires \u00e0 faire clairement comprendre \u00e0 Moscou que son pari nucl\u00e9aire doit cesser.\u00a0\u00bb<\/p>\n<\/blockquote>\n<p>C\u2019est ce qu\u2019a d\u00e9clar\u00e9 sur X le chef de la diplomatie ukrainienne, Andri\u00ef Sybiga, alors que l\u2019Ukraine accuse ce samedi la Russie d\u2019avoir coup\u00e9 la <a href=\"https:\/\/www.20minutes.fr\/dossier\/centrale_nucleaire\" target=\"_blank\" class=\"c-link c-link--is-underlined\" rel=\"noopener\">centrale nucl\u00e9aire<\/a> de Zaporijjia du r\u00e9seau \u00e9lectrique ukrainien depuis quatre jours et de chercher ainsi \u00e0 la \u00ab\u00a0voler\u00a0\u00bb en la rattachant au r\u00e9seau sous contr\u00f4le russe, en d\u00e9pit de risques pour sa s\u00e9curit\u00e9.<\/p>\n<p>Conquise par les troupes russes en mars\u00a02022, au d\u00e9but de l\u2019invasion de l\u2019Ukraine par la Russie, la centrale est la plus grande d\u2019Europe. Ses six r\u00e9acteurs sont \u00e0 l\u2019arr\u00eat, mais elle a besoin d\u2019une alimentation \u00e9lectrique ext\u00e9rieure pour continuer \u00e0 les refroidir. Ce samedi, l\u2019op\u00e9rateur de la centrale contr\u00f4l\u00e9 par le groupe russe Rosatom a confirm\u00e9 que la centrale \u00e9tait priv\u00e9e d\u2019alimentation \u00e9lectrique externe depuis mardi et que des g\u00e9n\u00e9rateurs de secours assuraient actuellement ses besoins.<\/p>\n<p>Le chiffre du jour<\/p>\n<p>Trois. C\u2019est le nombre de villages de l\u2019est de l\u2019Ukraine dont la Russie a revendiqu\u00e9 la prise ce samedi. L\u2019arm\u00e9e russe a annonc\u00e9 dans un communiqu\u00e9 s\u2019\u00eatre empar\u00e9e des localit\u00e9s de Derylove et de Maiske, dans la r\u00e9gion de Donetsk, ainsi que de celle de Stepove, dans la r\u00e9gion de Dnipropetrovsk.<\/p>\n<p><a href=\"https:\/\/www.20minutes.fr\/monde\/ukraine\/\" target=\"_blank\" class=\"c-link c-btn c-btn--primary\" rel=\"noopener\">Notre dossier sur la guerre en Ukraine<\/a><\/p>\n<p>Les forces russes gagnent progressivement du terrain au cours de combats acharn\u00e9s dans les r\u00e9gions d\u00e9vast\u00e9es de la partie orientale de l\u2019Ukraine. Moscou a conquis environ 0,8\u00a0% de la surface totale de l\u2019Ukraine depuis le d\u00e9but de l\u2019ann\u00e9e, selon le minist\u00e8re russe de la D\u00e9fense.<\/p>\n","protected":false},"excerpt":{"rendered":"Vous avez rat\u00e9 les derniers \u00e9v\u00e9nements sur la guerre en Ukraine\u00a0? 20 Minutes fait le point pour vous&hellip;\n","protected":false},"author":2,"featured_media":421827,"comment_status":"","ping_status":"","sticky":false,"template":"","format":"standard","meta":{"footnotes":""},"categories":[1591],"tags":[47,11,26627,145,554,564,1887,131,74,12,673,1885,1886,132],"class_list":{"0":"post-421826","1":"post","2":"type-post","3":"status-publish","4":"format-standard","5":"has-post-thumbnail","7":"category-russie","8":"tag-actualite","9":"tag-actualites","10":"tag-centrale-nucleaire","11":"tag-danemark","12":"tag-defense","13":"tag-drone","14":"tag-federation-de-russie","15":"tag-guerre-en-ukraine","16":"tag-monde","17":"tag-news","18":"tag-norvege","19":"tag-russia","20":"tag-russian-federation","21":"tag-russie"},"share_on_mastodon":{"url":"https:\/\/pubeurope.com\/@fr\/115277298707706253","error":""},"_links":{"self":[{"href":"https:\/\/www.europesays.com\/fr\/wp-json\/wp\/v2\/posts\/421826","targetHints":{"allow":["GET"]}}],"collection":[{"href":"https:\/\/www.europesays.com\/fr\/wp-json\/wp\/v2\/posts"}],"about":[{"href":"https:\/\/www.europesays.com\/fr\/wp-json\/wp\/v2\/types\/post"}],"author":[{"embeddable":true,"href":"https:\/\/www.europesays.com\/fr\/wp-json\/wp\/v2\/users\/2"}],"replies":[{"embeddable":true,"href":"https:\/\/www.europesays.com\/fr\/wp-json\/wp\/v2\/comments?post=421826"}],"version-history":[{"count":0,"href":"https:\/\/www.europesays.com\/fr\/wp-json\/wp\/v2\/posts\/421826\/revisions"}],"wp:featuredmedia":[{"embeddable":true,"href":"https:\/\/www.europesays.com\/fr\/wp-json\/wp\/v2\/media\/421827"}],"wp:attachment":[{"href":"https:\/\/www.europesays.com\/fr\/wp-json\/wp\/v2\/media?parent=421826"}],"wp:term":[{"taxonomy":"category","embeddable":true,"href":"https:\/\/www.europesays.com\/fr\/wp-json\/wp\/v2\/categories?post=421826"},{"taxonomy":"post_tag","embeddable":true,"href":"https:\/\/www.europesays.com\/fr\/wp-json\/wp\/v2\/tags?post=421826"}],"curies":[{"name":"wp","href":"https:\/\/api.w.org\/{rel}","templated":true}]}}