{"id":421828,"date":"2025-09-27T16:52:12","date_gmt":"2025-09-27T16:52:12","guid":{"rendered":"https:\/\/www.europesays.com\/fr\/421828\/"},"modified":"2025-09-27T16:52:12","modified_gmt":"2025-09-27T16:52:12","slug":"guerre-en-ukraine-cest-quoi-le-systeme-antiaerien-patriot-quisrael-vient-de-livrer-a-kiev","status":"publish","type":"post","link":"https:\/\/www.europesays.com\/fr\/421828\/","title":{"rendered":"Guerre en Ukraine\u00a0: c\u2019est quoi le syst\u00e8me antia\u00e9rien Patriot, qu\u2019Isra\u00ebl\u00a0vient de livrer \u00e0 Kiev\u00a0?"},"content":{"rendered":"<p class=\"paragraph text_align_left lp-f-body-02\">Un atout suppl\u00e9mentaire dans le jeu de Kiev. Le pr\u00e9sident ukrainien, <a href=\"https:\/\/www.leparisien.fr\/international\/volodymyr-zelensky\/\" target=\"_self\" rel=\"noopener\">Volodymyr Zelensky<\/a>, a annonc\u00e9 samedi que l\u2019Ukraine avait re\u00e7u d\u2019Isra\u00ebl <a href=\"https:\/\/www.leparisien.fr\/international\/ukraine\/guerre-en-ukraine-ce-que-peut-changer-la-livraison-de-systemes-patriot-promise-par-trump-a-kiev-14-07-2025-GN3IEXE2F5FIFIGPLFKWZETLCQ.php\" target=\"_self\" rel=\"noopener\">un syst\u00e8me antia\u00e9rien Patriot<\/a>, un armement de fabrication am\u00e9ricaine co\u00fbteux et essentiel pour repousser les attaques de missiles russes visant le pays.<\/p>\n<p class=\"paragraph text_align_left lp-f-body-02\">\u00ab Un syst\u00e8me isra\u00e9lien (Patriot) fonctionne en Ukraine, cela fait un mois qu\u2019il fonctionne \u00bb, a d\u00e9clar\u00e9 Volodymyr Zelensky lors d\u2019une conf\u00e9rence de presse, sans pr\u00e9ciser si Kiev l\u2019avait achet\u00e9 ou obtenu gratuitement.<\/p>\n<p class=\"title-embed-dailymotion lp-color-text lp-f-subtitle-04\">Vid\u00e9oUkraine : Zelensky confirme avoir re\u00e7u un syst\u00e8me antia\u00e9rien Patriot d&rsquo;Isra\u00ebl<\/p>\n<p class=\"paragraph text_align_left lp-f-body-02\">En avril, le <a href=\"https:\/\/www.nytimes.com\/\" target=\"_self\" rel=\"noopener\">New York Times<\/a>, citant des sources officielles am\u00e9ricaines, avait affirm\u00e9 qu\u2019un syst\u00e8me Patriot bas\u00e9 en Isra\u00ebl serait r\u00e9nov\u00e9 puis envoy\u00e9 en Ukraine, l\u2019arm\u00e9e de l\u2019air isra\u00e9lienne souhaitant se doter de mat\u00e9riel plus moderne.<\/p>\n<p>\u00ab Le syst\u00e8me le plus puissant au monde \u00bb<\/p>\n<p class=\"paragraph text_align_left lp-f-body-02\">Con\u00e7u par l\u2019entreprise am\u00e9ricaine Raytheon et d\u00e9ploy\u00e9 depuis la premi\u00e8re guerre en Irak (1990-1991), le Patriot est consid\u00e9r\u00e9 comme l\u2019un des piliers de la d\u00e9fense antia\u00e9rienne moderne. Ce syst\u00e8me de d\u00e9fense antia\u00e9rienne permet de d\u00e9truire les missiles balistiques, des avions ennemis. \u00ab C\u2019est le syst\u00e8me le plus puissant au monde \u00bb, assurait, en juillet dernier <a href=\"https:\/\/www.leparisien.fr\/international\/ukraine\/guerre-en-ukraine-ce-que-peut-changer-la-livraison-de-systemes-patriot-promise-par-trump-a-kiev-14-07-2025-GN3IEXE2F5FIFIGPLFKWZETLCQ.php\" target=\"_self\" rel=\"noopener\">dans nos colonnes<\/a>, l\u2019ancien officier Guillaume Ancel.<\/p>\n<p class=\"paragraph text_align_left lp-f-body-02\">Le Patriot \u2013 acronyme de \u00ab Phased Array Tracking Radar to Intercept on Target \u00bb \u2013 repose sur une architecture mobile impressionnante : une batterie comprend g\u00e9n\u00e9ralement un centre de commandement, un puissant radar de surveillance et de guidage, plusieurs lanceurs mont\u00e9s sur camions, ainsi que des v\u00e9hicules de soutien. Son radar est capable de d\u00e9tecter des cibles \u00e0 plus de 150 km.<\/p>\n<p><img decoding=\"async\" class=\"image \" loading=\"lazy\" src=\"https:\/\/www.europesays.com\/fr\/wp-content\/uploads\/2025\/09\/HZ2BRHN6OFFN5B7EVMLIMCNB3A.jpg\" alt=\"\" align=\"\" data-rubrique-principale=\"\" data-article-type=\"\" fetchpriority=\"auto\"\/><\/p>\n<p class=\"paragraph text_align_left lp-f-body-02\">Les missiles eux-m\u00eames se d\u00e9clinent principalement en deux variantes : le PAC-2, qui explose \u00e0 proximit\u00e9 de la cible pour la neutraliser, et le PAC-3, beaucoup plus pr\u00e9cis, qui d\u00e9truit sa cible par impact direct selon le principe du \u00ab hit-to-kill \u00bb. Une \u00e9volution technologique qui permet aujourd\u2019hui au Patriot d\u2019intervenir aussi bien contre des avions que contre des missiles balistiques tactiques ou de croisi\u00e8re.<\/p>\n<p class=\"paragraph text_align_left lp-f-body-02\">Le co\u00fbt \u00e9lev\u00e9 du syst\u00e8me Patriot illustre \u00e0 la fois son efficacit\u00e9 et sa sophistication. Selon le <a href=\"https:\/\/www.csis.org\/analysis\/patriot-ukraine-what-does-it-mean\" rel=\"noopener\" target=\"_blank\">Center for Strategic and International Studies (CSIS)<\/a>, une seule batterie co\u00fbte environ 1,1 milliard de dollars, 400 millions de dollars pour le syst\u00e8me et environ 4 millions de dollars pour un missile \u00e0 l\u2019unit\u00e9.<\/p>\n<p>Bient\u00f4t de nouvelles armes am\u00e9ricaines ?<\/p>\n<p class=\"paragraph text_align_left lp-f-body-02\">Un prix qui se justifie par sa capacit\u00e9 \u00e9prouv\u00e9e \u00e0 contrer des menaces que peu de syst\u00e8mes occidentaux sont capables d\u2019arr\u00eater, comme <a href=\"https:\/\/www.leparisien.fr\/international\/guerre-en-ukraine-quest-ce-que-le-missile-hypersonique-kinjal-que-la-russie-affirme-avoir-utilise-19-03-2022-ILUPAPQ2J5F57KATQC243QYT5Q.php\" target=\"_self\" rel=\"noopener\">les missiles russes Kinjal<\/a> ou les attaques massives de drones.<\/p>\n<p class=\"paragraph text_align_left lp-f-body-02\">Samedi, Volodymyr Zelensky est \u00e9galement revenu sur <a href=\"https:\/\/www.leparisien.fr\/international\/ukraine\/volodymyr-zelensky-salue-le-grand-tournant-de-donald-trump-sur-lukraine-24-09-2025-PWCWDVJJMBEX3DQPDJDMYMZD6A.php\" target=\"_self\" rel=\"noopener\">sa r\u00e9cente rencontre \u00e0 New York avec son homologue am\u00e9ricain<\/a>, Donald Trump. Selon lui, les deux dirigeants ont trouv\u00e9 un \u00ab accord \u00bb sur l\u2019achat par Kiev de \u00ab d\u2019armements appropri\u00e9s \u00bb aux \u00c9tats-Unis.<\/p>\n<p class=\"paragraph text_align_left lp-f-body-02\">\u00ab Nous avons fait le principal, nous sommes entendus avec le pr\u00e9sident et passons \u00e0 l\u2019application pratique \u00bb, a d\u00e9clar\u00e9 Zelensky. Il a ajout\u00e9 que Kiev avait fourni \u00e0 Trump des d\u00e9tails sur les armements que souhaitait l\u2019Ukraine dans le cadre d\u2019un plan pour acheter 90 milliards de dollars d\u2019armes \u00e0 Washington, qu\u2019il avait \u00e9voqu\u00e9 pour la premi\u00e8re fois en ao\u00fbt.<\/p>\n","protected":false},"excerpt":{"rendered":"Un atout suppl\u00e9mentaire dans le jeu de Kiev. Le pr\u00e9sident ukrainien, Volodymyr Zelensky, a annonc\u00e9 samedi que l\u2019Ukraine&hellip;\n","protected":false},"author":2,"featured_media":421829,"comment_status":"","ping_status":"","sticky":false,"template":"","format":"standard","meta":{"footnotes":""},"categories":[1590],"tags":[11,1777,674,14,12,220,2955],"class_list":{"0":"post-421828","1":"post","2":"type-post","3":"status-publish","4":"format-standard","5":"has-post-thumbnail","7":"category-ukraine","8":"tag-actualites","9":"tag-eu","10":"tag-europe","11":"tag-international","12":"tag-news","13":"tag-ukraine","14":"tag-videos"},"share_on_mastodon":{"url":"https:\/\/pubeurope.com\/@fr\/115277303467222904","error":""},"_links":{"self":[{"href":"https:\/\/www.europesays.com\/fr\/wp-json\/wp\/v2\/posts\/421828","targetHints":{"allow":["GET"]}}],"collection":[{"href":"https:\/\/www.europesays.com\/fr\/wp-json\/wp\/v2\/posts"}],"about":[{"href":"https:\/\/www.europesays.com\/fr\/wp-json\/wp\/v2\/types\/post"}],"author":[{"embeddable":true,"href":"https:\/\/www.europesays.com\/fr\/wp-json\/wp\/v2\/users\/2"}],"replies":[{"embeddable":true,"href":"https:\/\/www.europesays.com\/fr\/wp-json\/wp\/v2\/comments?post=421828"}],"version-history":[{"count":0,"href":"https:\/\/www.europesays.com\/fr\/wp-json\/wp\/v2\/posts\/421828\/revisions"}],"wp:featuredmedia":[{"embeddable":true,"href":"https:\/\/www.europesays.com\/fr\/wp-json\/wp\/v2\/media\/421829"}],"wp:attachment":[{"href":"https:\/\/www.europesays.com\/fr\/wp-json\/wp\/v2\/media?parent=421828"}],"wp:term":[{"taxonomy":"category","embeddable":true,"href":"https:\/\/www.europesays.com\/fr\/wp-json\/wp\/v2\/categories?post=421828"},{"taxonomy":"post_tag","embeddable":true,"href":"https:\/\/www.europesays.com\/fr\/wp-json\/wp\/v2\/tags?post=421828"}],"curies":[{"name":"wp","href":"https:\/\/api.w.org\/{rel}","templated":true}]}}