{"id":421832,"date":"2025-09-27T16:54:19","date_gmt":"2025-09-27T16:54:19","guid":{"rendered":"https:\/\/www.europesays.com\/fr\/421832\/"},"modified":"2025-09-27T16:54:19","modified_gmt":"2025-09-27T16:54:19","slug":"costco-confirme-quil-ne-vendra-plus-de-consoles-xbox-aux-etats-unis-et-au-royaume-uni-alors-que-lorniere-des-ventes-de-materiel-se-poursuit","status":"publish","type":"post","link":"https:\/\/www.europesays.com\/fr\/421832\/","title":{"rendered":"Costco confirme qu&rsquo;il ne vendra plus de consoles Xbox aux \u00c9tats-Unis et au Royaume-Uni, alors que l&rsquo;orni\u00e8re des ventes de mat\u00e9riel se poursuit"},"content":{"rendered":"<p class=\"bodytext\">De nouveaux rapports confirment que Costco a cess\u00e9 de vendre les consoles Xbox Series X et Series S <a href=\"https:\/\/www.notebookcheck.net\/Retailer-slashes-Xbox-Series-X-price-by-50-despite-U-S-price-increases-on-Microsoft-console.1123161.0.html\" target=\"_blank\" rel=\"noopener\">aux \u00c9tats-Unis et au Royaume-Uni <\/a>aux \u00c9tats-Unis et au Royaume-Uni. Ce d\u00e9veloppement a \u00e9t\u00e9 r\u00e9v\u00e9l\u00e9 lorsque les joueurs ont commenc\u00e9 \u00e0 remarquer l&rsquo;absence de produits Xbox dans les rayons et sur les sites web de Costco, ce qui a incit\u00e9 les utilisateurs \u00e0 creuser davantage et \u00e0 d\u00e9couvrir que Costco avait cess\u00e9 de vendre du mat\u00e9riel Xbox d\u00e8s le 6 ao\u00fbt 2025.&#13;<\/p>\n<p class=\"bodytext\">Un porte-parole d&rsquo;un magasin Costco du Royaume-Uni a d\u00e9clar\u00e9 \u00e0 <a href=\"https:\/\/www.gamesindustry.biz\/costco-stops-selling-xbox-consoles-in-uk-and-us\" target=\"_blank\" rel=\"noopener\">GamesIndustry.biz<\/a> lors d&rsquo;une visite le 24 septembre 2025 : \u00ab\u00a0En fait, nous n&rsquo;avons plus de Xbox\u00a0\u00bb&#13;<\/p>\n<p class=\"bodytext\">De m\u00eame, le journaliste ind\u00e9pendant Destin Legarie, anciennement d&rsquo;IGN, a contact\u00e9 le service client\u00e8le de Costco et a re\u00e7u la confirmation que le d\u00e9taillant \u00ab\u00a0ne vendra plus de consoles Xbox\u00a0\u00bb, et a expliqu\u00e9 qu&rsquo;il s&rsquo;agissait d&rsquo;une \u00ab\u00a0d\u00e9cision commerciale\u00a0\u00bb et qu&rsquo;il n&rsquo;\u00e9tait pas pr\u00e9vu de r\u00e9approvisionner le mat\u00e9riel Xbox \u00e0 l&rsquo;avenir.&#13;<\/p>\n<p class=\"bodytext\">Legarie a partag\u00e9 <a href=\"https:\/\/x.com\/DestinLegarie\/status\/1971251689425600587\" target=\"_blank\">d&rsquo;autres d\u00e9tails dans un message sur X<\/a> le 25 septembre, en d\u00e9clarant : \u00ab\u00a0Je viens d&rsquo;appeler Costco au sujet du stock de Xbox. On m&rsquo;a dit qu&rsquo;ils ne vendraient plus de consoles Xbox. nous n&rsquo;avons pas l&rsquo;intention de vendre une console Xbox \u00e0 l&rsquo;avenir\u00a0\u00bb Ils ont dit : \u00ab\u00a0C&rsquo;est une d\u00e9cision commerciale. C&rsquo;est une d\u00e9cision commerciale. Ils ont quand m\u00eame dit qu&rsquo;ils avaient de bonnes affaires sur la Switch et la PlayStation.\u00a0\u00bb&#13;<\/p>\n<p class=\"bodytext\">Cela corrobore le rapport de GamesIndustry.biz au Royaume-Uni, alors que les consoles PlayStation et Nintendo Switch sont toujours disponibles \u00e0 l&rsquo;achat. Les archives de Wayback Machine indiquent en outre que, pas plus tard que le 11 juin 2025, la Xbox Series X \u00e9tait disponible sur le site web britannique de Costco.&#13;<\/p>\n<p class=\"bodytext\">Ce qui est \u00e9trange dans toute cette situation, c&rsquo;est que ni Costco ni Microsoft n&rsquo;ont indiqu\u00e9 la raison derri\u00e8re cette d\u00e9cision, laissant les observateurs de l&rsquo;industrie et les joueurs se demander ce qui s&rsquo;est pass\u00e9 derri\u00e8re les portes closes.&#13;<\/p>\n<p class=\"bodytext\">Ce changement ne pourrait \u00eatre pire pour le mat\u00e9riel Xbox, dont les ventes ont \u00e9t\u00e9 difficiles cette ann\u00e9e. Les ventes de Xbox Series S|X ont baiss\u00e9 de 30 % par rapport \u00e0 mai 2024, tandis que les ventes de PS5 <a href=\"https:\/\/www.notebookcheck.net\/Sony-claims-strong-PS5-sales-make-it-the-most-successful-PlayStation-console-generation.1124356.0.html\" target=\"_blank\" rel=\"noopener\">ont augment\u00e9 de 3 % au cours de la m\u00eame p\u00e9riode<\/a> ont augment\u00e9 de 3 % au cours de la m\u00eame p\u00e9riode.&#13;<\/p>\n<p class=\"bodytext\">Cependant, ce changement semble \u00eatre sp\u00e9cifique aux d\u00e9taillants Costco bas\u00e9s aux \u00c9tats-Unis et au Royaume-Uni, car Costco Canada vend toujours des consoles Xbox, mais elles sont actuellement signal\u00e9es comme \u00e9tant en rupture de stock. Les prix de la Xbox <a href=\"http:\/\/www.notebookcheck.net\/Xbox-console-prices-to-rise-again-in-October-as-second-hike-goes-into-effect.1120649.0.html\" target=\"_self\" class=\"internal-link\" rel=\"noopener\">devraient augmenter<\/a> le mois prochain, il pourrait s&rsquo;agir du premier d\u00e9taillant \u00e0 r\u00e9sister au changement de prix d&rsquo;une gamme de mat\u00e9riel Microsoft qui se vend d\u00e9j\u00e0 mal.&#13;<\/p>\n<p class=\"bodytext\">De l&rsquo;autre c\u00f4t\u00e9 du spectre, Microsoft \u00e9tend son territoire dans l&rsquo;espace portable avec la prochaine Asus ROG Xbox Ally X \u00e0 999 $ et la ROG Xbox Ally de base \u00e0 599 $, avec des pr\u00e9commandes ouvertes et une disponibilit\u00e9 pr\u00e9vue pour le mois prochain <a href=\"http:\/\/www.notebookcheck.net\/Microsoft-unveils-ROG-Xbox-Ally-accessories-including-microSD-card-and-carrying-case.1125315.0.html\" target=\"_self\" class=\"internal-link\" rel=\"noopener\">et la disponibilit\u00e9 est pr\u00e9vue pour le mois prochain<\/a>.&#13;<\/p>\n<p class=\"bodytext\"><a href=\"https:\/\/www.amazon.com\/1080p-120Hz-Gaming-Handheld-Touchscreen-RyzenTM\/dp\/B0FM6C3ZMN?tag=nbcnewsnet-20\" target=\"_blank\" rel=\"sponsored noopener\">Pr\u00e9commandez l&rsquo;ASUS Xbox ROG Ally sur Amazon<\/a><\/p>\n","protected":false},"excerpt":{"rendered":"De nouveaux rapports confirment que Costco a cess\u00e9 de vendre les consoles Xbox Series X et Series S&hellip;\n","protected":false},"author":2,"featured_media":421833,"comment_status":"","ping_status":"","sticky":false,"template":"","format":"standard","meta":{"footnotes":""},"categories":[1588],"tags":[11,16862,55118,1777,674,9412,29592,12,1113,2141,5747,55119,9411,473,1853,55116,55117,374,1851,1850,1852,6180,1027],"class_list":{"0":"post-421832","1":"post","2":"type-post","3":"status-publish","4":"format-standard","5":"has-post-thumbnail","7":"category-royaume-uni","8":"tag-actualites","9":"tag-augmentation","10":"tag-costco","11":"tag-eu","12":"tag-europe","13":"tag-informations-sur-des-ordinateurs-portatifs","14":"tag-materiel","15":"tag-news","16":"tag-nouvelles","17":"tag-prix","18":"tag-rapport","19":"tag-reapprovisionnement","20":"tag-revues","21":"tag-royaume-uni","22":"tag-royaume-uni-de-grande-bretagne-et-dirlande-du-nord","23":"tag-series-s","24":"tag-series-x","25":"tag-test","26":"tag-uk","27":"tag-united-kingdom","28":"tag-united-kingdom-of-great-britain-and-northern-ireland","29":"tag-ventes","30":"tag-xbox"},"share_on_mastodon":{"url":"https:\/\/pubeurope.com\/@fr\/115277310741807518","error":""},"_links":{"self":[{"href":"https:\/\/www.europesays.com\/fr\/wp-json\/wp\/v2\/posts\/421832","targetHints":{"allow":["GET"]}}],"collection":[{"href":"https:\/\/www.europesays.com\/fr\/wp-json\/wp\/v2\/posts"}],"about":[{"href":"https:\/\/www.europesays.com\/fr\/wp-json\/wp\/v2\/types\/post"}],"author":[{"embeddable":true,"href":"https:\/\/www.europesays.com\/fr\/wp-json\/wp\/v2\/users\/2"}],"replies":[{"embeddable":true,"href":"https:\/\/www.europesays.com\/fr\/wp-json\/wp\/v2\/comments?post=421832"}],"version-history":[{"count":0,"href":"https:\/\/www.europesays.com\/fr\/wp-json\/wp\/v2\/posts\/421832\/revisions"}],"wp:featuredmedia":[{"embeddable":true,"href":"https:\/\/www.europesays.com\/fr\/wp-json\/wp\/v2\/media\/421833"}],"wp:attachment":[{"href":"https:\/\/www.europesays.com\/fr\/wp-json\/wp\/v2\/media?parent=421832"}],"wp:term":[{"taxonomy":"category","embeddable":true,"href":"https:\/\/www.europesays.com\/fr\/wp-json\/wp\/v2\/categories?post=421832"},{"taxonomy":"post_tag","embeddable":true,"href":"https:\/\/www.europesays.com\/fr\/wp-json\/wp\/v2\/tags?post=421832"}],"curies":[{"name":"wp","href":"https:\/\/api.w.org\/{rel}","templated":true}]}}