{"id":421834,"date":"2025-09-27T16:55:11","date_gmt":"2025-09-27T16:55:11","guid":{"rendered":"https:\/\/www.europesays.com\/fr\/421834\/"},"modified":"2025-09-27T16:55:11","modified_gmt":"2025-09-27T16:55:11","slug":"apres-de-nouvelles-intrusions-dans-son-ciel-lallemagne-va-sautoriser-a-abattre-des-drones","status":"publish","type":"post","link":"https:\/\/www.europesays.com\/fr\/421834\/","title":{"rendered":"Apr\u00e8s de nouvelles intrusions dans son ciel, l\u2019Allemagne va s\u2019autoriser \u00e0 abattre des drones"},"content":{"rendered":"<p>Un \u00ab\u00a0essaim\u00a0\u00bb de <a href=\"https:\/\/www.20minutes.fr\/monde\/drone\/\" target=\"_blank\" class=\"c-link c-link--is-underlined\" rel=\"noopener\">drones <\/a>et une r\u00e9action. L\u2019<a href=\"https:\/\/www.20minutes.fr\/dossier\/allemagne\" target=\"_blank\" class=\"c-link c-link--is-underlined\" rel=\"noopener\">Allemagne<\/a> va autoriser ses forces arm\u00e9es \u00e0 abattre des drones en cas d\u2019intrusion sur son territoire, a d\u00e9clar\u00e9 ce samedi le ministre de l\u2019Int\u00e9rieur, apr\u00e8s que plusieurs appareils d\u2019origine inconnue ont \u00e9t\u00e9 rep\u00e9r\u00e9s vendredi dans le nord du pays. Cette annonce intervient au moment o\u00f9 la d\u00e9fense des pays de l\u2019<a href=\"https:\/\/www.20minutes.fr\/dossier\/ue\" target=\"_blank\" class=\"c-link c-link--is-underlined\" rel=\"noopener\">UE<\/a> et de l\u2019<a href=\"https:\/\/www.20minutes.fr\/monde\/otan\/\" target=\"_blank\" class=\"c-link c-link--is-underlined\" rel=\"noopener\">Otan<\/a> est en plein r\u00e9examen apr\u00e8s une s\u00e9rie d\u2019intrusions consid\u00e9r\u00e9es comme mena\u00e7antes et g\u00e9n\u00e9ralement attribu\u00e9es \u00e0 la <a href=\"https:\/\/www.20minutes.fr\/monde\/russie\/\" target=\"_blank\" class=\"c-link c-link--is-underlined\" rel=\"noopener\">Russie<\/a>, en <a href=\"https:\/\/www.20minutes.fr\/dossier\/pologne\" target=\"_blank\" class=\"c-link c-link--is-underlined\" rel=\"noopener\">Pologne <\/a>notamment, mais aussi dans d\u2019autres pays de l\u2019Est et du nord de l\u2019Europe.<\/p>\n<\/p>\n<p>Dans le dernier incident en date, des drones non identifi\u00e9s ont survol\u00e9 des sites militaires <a href=\"https:\/\/www.20minutes.fr\/dossier\/danemark\" target=\"_blank\" class=\"c-link c-link--is-underlined\" rel=\"noopener\">danois <\/a>dans la nuit de vendredi \u00e0 samedi alors que Copenhague doit accueillir mercredi et jeudi un sommet europ\u00e9en. En Allemagne, l&rsquo;\u00ab\u00a0essaim\u00a0\u00bb de drones a \u00e9t\u00e9 rep\u00e9r\u00e9 vendredi au-dessus de l\u2019Etat de Schleswig-Holstein, frontalier du Danemark, a indiqu\u00e9 le ministre de l\u2019Int\u00e9rieur, Alexander Dobrindt, lors d\u2019une conf\u00e9rence de presse.<\/p>\n<p>La Russie point\u00e9e du doigt<\/p>\n<p>Il a soulign\u00e9 que si des intrusions de drones avaient \u00e9t\u00e9 rep\u00e9r\u00e9es pr\u00e9c\u00e9demment en Allemagne, c\u2019\u00e9tait la premi\u00e8re fois qu\u2019il s\u2019agissait d\u2019un \u00ab\u00a0essaim\u00a0\u00bb. Il n\u2019a pas donn\u00e9 de d\u00e9tails sur les sites survol\u00e9s par les drones ni sur leur origine pr\u00e9sum\u00e9e, mais l\u2019Allemagne a accus\u00e9 la Russie \u00e0 de nombreuses reprises de mener des missions d\u2019<a href=\"https:\/\/www.20minutes.fr\/dossier\/espionnage\" target=\"_blank\" class=\"c-link c-link--is-underlined\" rel=\"noopener\">espionnage<\/a>, de sabotage et de surveillance sur son territoire.<\/p>\n<p>\u00ab\u00a0Nous observons une menace hybride constante\u00a0\u00bb, a d\u00e9clar\u00e9 Alexander Dobrindt, reprenant le terme d\u00e9signant la mise en \u0153uvre de moyens de d\u00e9stabilisation par un Etat hostile. Le ministre de l\u2019Int\u00e9rieur a confirm\u00e9 samedi avoir l\u2019intention d\u2019obtenir la modification des r\u00e8gles de s\u00e9curit\u00e9 a\u00e9rienne pour que les forces arm\u00e9es soient autoris\u00e9es \u00e0 \u00ab\u00a0abattre les drones\u00a0\u00bb.<\/p>\n<p><a href=\"https:\/\/www.20minutes.fr\/monde\/drone\/\" target=\"_blank\" class=\"c-link c-btn c-btn--primary\" rel=\"noopener\">Notre dossier sur les drones<\/a><\/p>\n<p>\u00ab\u00a0Ce que nous voyons est une course aux <a href=\"https:\/\/www.20minutes.fr\/monde\/armement\/\" target=\"_blank\" class=\"c-link c-link--is-underlined\" rel=\"noopener\">armements<\/a>, entre la menace que constituent les drones et la d\u00e9fense contre les drones. Nous devons nous y pr\u00e9parer\u00a0\u00bb, a-t-il dit. Le tablo\u00efd allemand Bild a affirm\u00e9 ce samedi, citant un rapport officiel, que l\u2019autorisation d\u2019abattre des drones ne serait donn\u00e9e aux forces arm\u00e9es que dans le cas o\u00f9 ils pr\u00e9senteraient un danger pour des personnes ou des infrastructures d\u2019importance critique.<\/p>\n","protected":false},"excerpt":{"rendered":"Un \u00ab\u00a0essaim\u00a0\u00bb de drones et une r\u00e9action. L\u2019Allemagne va autoriser ses forces arm\u00e9es \u00e0 abattre des drones en&hellip;\n","protected":false},"author":2,"featured_media":421835,"comment_status":"","ping_status":"","sticky":false,"template":"","format":"standard","meta":{"footnotes":""},"categories":[1587],"tags":[47,11,672,1804,145,1805,554,1803,564,1777,674,1801,74,12,136,1802,132,555],"class_list":{"0":"post-421834","1":"post","2":"type-post","3":"status-publish","4":"format-standard","5":"has-post-thumbnail","7":"category-allemagne","8":"tag-actualite","9":"tag-actualites","10":"tag-allemagne","11":"tag-bundesrepublik-deutschland","12":"tag-danemark","13":"tag-de","14":"tag-defense","15":"tag-deutschland","16":"tag-drone","17":"tag-eu","18":"tag-europe","19":"tag-germany","20":"tag-monde","21":"tag-news","22":"tag-otan","23":"tag-republique-federale-dallemagne","24":"tag-russie","25":"tag-union-europeenne-ue"},"share_on_mastodon":{"url":"https:\/\/pubeurope.com\/@fr\/115277314511291009","error":""},"_links":{"self":[{"href":"https:\/\/www.europesays.com\/fr\/wp-json\/wp\/v2\/posts\/421834","targetHints":{"allow":["GET"]}}],"collection":[{"href":"https:\/\/www.europesays.com\/fr\/wp-json\/wp\/v2\/posts"}],"about":[{"href":"https:\/\/www.europesays.com\/fr\/wp-json\/wp\/v2\/types\/post"}],"author":[{"embeddable":true,"href":"https:\/\/www.europesays.com\/fr\/wp-json\/wp\/v2\/users\/2"}],"replies":[{"embeddable":true,"href":"https:\/\/www.europesays.com\/fr\/wp-json\/wp\/v2\/comments?post=421834"}],"version-history":[{"count":0,"href":"https:\/\/www.europesays.com\/fr\/wp-json\/wp\/v2\/posts\/421834\/revisions"}],"wp:featuredmedia":[{"embeddable":true,"href":"https:\/\/www.europesays.com\/fr\/wp-json\/wp\/v2\/media\/421835"}],"wp:attachment":[{"href":"https:\/\/www.europesays.com\/fr\/wp-json\/wp\/v2\/media?parent=421834"}],"wp:term":[{"taxonomy":"category","embeddable":true,"href":"https:\/\/www.europesays.com\/fr\/wp-json\/wp\/v2\/categories?post=421834"},{"taxonomy":"post_tag","embeddable":true,"href":"https:\/\/www.europesays.com\/fr\/wp-json\/wp\/v2\/tags?post=421834"}],"curies":[{"name":"wp","href":"https:\/\/api.w.org\/{rel}","templated":true}]}}