{"id":421848,"date":"2025-09-27T17:02:11","date_gmt":"2025-09-27T17:02:11","guid":{"rendered":"https:\/\/www.europesays.com\/fr\/421848\/"},"modified":"2025-09-27T17:02:11","modified_gmt":"2025-09-27T17:02:11","slug":"litalie-domine-la-pologne-et-affrontera-la-bulgarie-en-finale-du-mondial","status":"publish","type":"post","link":"https:\/\/www.europesays.com\/fr\/421848\/","title":{"rendered":"L&rsquo;Italie domine la Pologne et affrontera la Bulgarie en finale du Mondial"},"content":{"rendered":"<p>L\u2019Italie a \u00e9cras\u00e9 samedi la Pologne (3-0) en demi-finales du Mondial de volley, \u00e0 Pasay City (Philippines), et affrontera dimanche en finale la Bulgarie, tombeuse de la R\u00e9publique tch\u00e8que (3-1).<\/p>\n<p class=\"fig-paragraph\">Dans un choc attendu entre les deux premi\u00e8res nations au classement mondial,\u00a0<a href=\"http:\/\/www.lefigaro.fr\/sports\/autres-sports\/mondial-de-volley-l-italie-et-la-pologne-au-rendez-vous-d-une-demi-finale-choc-20250925\" data-fig-type=\"NewsFlash\" data-gtm-custom-categorie=\"navigation\" data-gtm-custom-action=\"crossclick\" data-gtm-custom-label=\"Contextuel\" data-gtm-event=\"customEventSPE\" data-fig-domain=\"LEFIGARO\" rel=\"nofollow noopener\" target=\"_blank\">l&rsquo;Italie n&rsquo;a laiss\u00e9 aucune chance \u00e0 la Pologne<\/a>\u00a0domin\u00e9e 25-21, 25-22, 25-23. Pourtant, les co\u00e9quipiers de Wilfredo Leon (14 pts) ont men\u00e9 dans chaque d\u00e9but de manche, comptant m\u00eame cinq points d&rsquo;avance dans le troisi\u00e8me set (14-9). Mais \u00e0 chaque fois, les Italiens ont trouv\u00e9 les solutions pour renverser leur adversaire.<\/p>\n<p class=\"fig-paragraph\">Ils n&rsquo;ont jamais sembl\u00e9 inquiets. S\u00fbrs de leurs forces, notamment d&rsquo;une qualit\u00e9 de service impressionnante (7 aces), les tenants du titre continuent leur sans-faute dans cette phase finale, o\u00f9 ils n&rsquo;ont pas perdu un seul set. Les co\u00e9quipiers de Yuri Romano (15 pts), d\u00e9j\u00e0 tombeurs de la Pologne en finale du Mondial 2022, viseront un cinqui\u00e8me titre dans la comp\u00e9tition.<\/p>\n<p>                                    <a class=\"fig-a11y-skip a11y-hidden\" href=\"#fig-a11y-skip-main-inarticle\"><br \/>\n        Passer la publicit\u00e9<br \/>\n    <\/a><\/p>\n<p class=\"fig-paragraph\">Ce sera d\u00e8s dimanche contre la Bulgarie, victorieuse face \u00e0 la R\u00e9publique tch\u00e8que plus t\u00f4t dans la journ\u00e9e 25-20, 23-25, 25-21, 25-22. A seulement 21 ans, le meilleur marqueur du tournoi Aleksandar Nikolov a une nouvelle fois port\u00e9 son \u00e9quipe avec 31 points. La Bulgarie pourrait d\u00e9crocher son premier titre mondial, son meilleur r\u00e9sultat restant une deuxi\u00e8me place en 1970, dans un mondial \u00e0 domicile. La finale se jouera dimanche \u00e0 Pasay City. Elle sera pr\u00e9c\u00e9d\u00e9e du match pour la troisi\u00e8me place entre la Pologne et la R\u00e9publique tch\u00e8que.<\/p>\n","protected":false},"excerpt":{"rendered":"L\u2019Italie a \u00e9cras\u00e9 samedi la Pologne (3-0) en demi-finales du Mondial de volley, \u00e0 Pasay City (Philippines), et&hellip;\n","protected":false},"author":2,"featured_media":421849,"comment_status":"","ping_status":"","sticky":false,"template":"","format":"standard","meta":{"footnotes":""},"categories":[1417],"tags":[1011,27,60,1470,1469],"class_list":{"0":"post-421848","1":"post","2":"type-post","3":"status-publish","4":"format-standard","5":"has-post-thumbnail","7":"category-volley","8":"tag-fr","9":"tag-france","10":"tag-sports","11":"tag-volley","12":"tag-volleyball"},"share_on_mastodon":{"url":"https:\/\/pubeurope.com\/@fr\/115277341951408857","error":""},"_links":{"self":[{"href":"https:\/\/www.europesays.com\/fr\/wp-json\/wp\/v2\/posts\/421848","targetHints":{"allow":["GET"]}}],"collection":[{"href":"https:\/\/www.europesays.com\/fr\/wp-json\/wp\/v2\/posts"}],"about":[{"href":"https:\/\/www.europesays.com\/fr\/wp-json\/wp\/v2\/types\/post"}],"author":[{"embeddable":true,"href":"https:\/\/www.europesays.com\/fr\/wp-json\/wp\/v2\/users\/2"}],"replies":[{"embeddable":true,"href":"https:\/\/www.europesays.com\/fr\/wp-json\/wp\/v2\/comments?post=421848"}],"version-history":[{"count":0,"href":"https:\/\/www.europesays.com\/fr\/wp-json\/wp\/v2\/posts\/421848\/revisions"}],"wp:featuredmedia":[{"embeddable":true,"href":"https:\/\/www.europesays.com\/fr\/wp-json\/wp\/v2\/media\/421849"}],"wp:attachment":[{"href":"https:\/\/www.europesays.com\/fr\/wp-json\/wp\/v2\/media?parent=421848"}],"wp:term":[{"taxonomy":"category","embeddable":true,"href":"https:\/\/www.europesays.com\/fr\/wp-json\/wp\/v2\/categories?post=421848"},{"taxonomy":"post_tag","embeddable":true,"href":"https:\/\/www.europesays.com\/fr\/wp-json\/wp\/v2\/tags?post=421848"}],"curies":[{"name":"wp","href":"https:\/\/api.w.org\/{rel}","templated":true}]}}