{"id":421854,"date":"2025-09-27T17:06:16","date_gmt":"2025-09-27T17:06:16","guid":{"rendered":"https:\/\/www.europesays.com\/fr\/421854\/"},"modified":"2025-09-27T17:06:16","modified_gmt":"2025-09-27T17:06:16","slug":"johann-zarco-zog-sich-aus-dem-sprint-in-japan-zuruck-um-etwas-energie-zu-sparen","status":"publish","type":"post","link":"https:\/\/www.europesays.com\/fr\/421854\/","title":{"rendered":"Johann Zarco zog sich aus dem Sprint in Japan zur\u00fcck, um \u201eetwas Energie zu sparen\u201c"},"content":{"rendered":"<p>Johann Zarco erlebte diesen Samstag auf der Rennstrecke von Motegi einen komplizierten Sprint. Der Franzose wurde in den Zwischenfall von Jorge Martin und Marco Bezzecchi in der ersten Kurve verwickelt, verlor wertvolle Positionen und entschied sich schlie\u00dflich wenige Runden vor Schluss f\u00fcr einen Boxenstopp. Weit davon entfernt, Punkte zu holen, zog er es vor, sein neues Motorrad f\u00fcr den Grand Prix am Sonntag aufzusparen.<\/p>\n<p class=\"gt-block\">Sein Start wurde durch Jorge Martins zu optimistisches Bremsen erschwert, ein be\u00e4ngstigender Vorfall f\u00fcr den Fahrer aus Cannes. \u201e[Jorge Martin] legt gro\u00dfartige Starts hin, er gibt sich M\u00fche. Am Balaton (in Ungarn, Anm. d. Red.) hat es geklappt, es war sehr knapp, auf der Innenbahn, aber es hat geklappt. Und dort hat es nicht geklappt. Was er versucht hat, war zu extrem. Ich hatte Pech, weil ich Zeit verloren habe, aber auch Gl\u00fcck, weil ich keine Motorr\u00e4der ber\u00fchrt habe. Ich bin geradeaus gefahren, dann wieder zur\u00fcck. Ich habe ihn nicht \u00fcberfahren, aber es war ein bisschen be\u00e4ngstigend. Es ging so schnell und die beiden Aprilias waren einfach drau\u00dfen.\u201c<\/p>\n<p class=\"gt-block\">Nachdem er den Sturz vermieden hatte, versuchte Zarco vergeblich, wieder in der Rangliste aufzusteigen. \u201eEs wurde immer schwieriger, und beim Versuch, [Fabio Di Giannantonio] am Ende zu \u00fcberholen, habe ich viele Fehler gemacht, aber ich wollte nicht st\u00fcrzen. Zwei oder drei Runden vor Schluss sah ich, dass es um Platz 15 ging, das Rennen verloren, und ich wollte lieber reinkommen, als zu st\u00fcrzen. Ich sagte mir, ich w\u00fcrde etwas Energie sparen, um morgen besser zu sein. Der Start war gut, mein bester Start von 0 auf 100. Aber ja, beim ersten Bremspunkt hatte ich kein Gl\u00fcck.\u201c er best\u00e4tigte.<\/p>\n<\/p>\n<p>Ein strategischer Verzicht f\u00fcr Zarco<\/p>\n<p class=\"gt-block\">Dies ist nicht das erste Mal, dass Zarco aus denselben Gr\u00fcnden beschlossen hat, eine Sprintrunde vorzeitig zu beenden. \u201eNein, das ist mir 2023 schon passiert. Nicht nur einmal, ich glaube, das ist mir in Indonesien und in \u00d6sterreich passiert. In \u00d6sterreich hatte ich auch einen Unfall und bin dann weggefahren. Ich bin meine Runden gefahren und ein paar Runden vor Schluss bin ich wieder reingekommen. Das Rennen war verloren, ich wollte lieber wieder reinkommen.\u201c erinnerte an die Trikolore.<\/p>\n<p class=\"my-2 [&amp;+p]:mt-4 [&amp;_strong:has(+br)]:inline-block [&amp;_strong:has(+br)]:pb-2\">Trotz seines Ausfalls bleibt Johann Zarco optimistisch, was die Entwicklung seiner Maschine angeht. Ausgestattet mit einem neuen Paket auf einem seiner beiden Motorr\u00e4der in Motegi hat sich das Fahrgef\u00fchl des Franzosen deutlich verbessert, und die Ergebnisse der Werksfahrer best\u00e4tigen diesen Fortschritt.<\/p>\n<p class=\"gt-block my-2 [&amp;+p]:mt-4 [&amp;_strong:has(+br)]:inline-block [&amp;_strong:has(+br)]:pb-2\">\u201eJa, ja. Wir sehen, dass wir zeitlich alle sehr nah beieinander liegen. Ich bin noch nicht hundertprozentig zuversichtlich, mir fehlt an der Spitze viel Vertrauen. Aber wir sp\u00fcren, dass das Motorrad effizienter ist, was die Beschleunigung und den Motor angeht.\u201c Es stimmt, wir k\u00f6nnen beim Kurveneingang noch besser werden. Und da habe ich auch viel Vertrauen verloren. Aber [Joan Mir] hatte ein gutes Qualifying, er startete als Zweiter. Das verschafft einem in den ersten beiden Runden einen Vorteil, man gewinnt im Rennen mindestens vier Sekunden. Und wenn man sich seine Daten von diesem Wochenende ansieht, f\u00fchlt er sich beim Bremsen sehr, sehr gut. Und da ist er sehr stark.\u201c<\/p>\n<p class=\"gt-block\"><strong>LESEN SIE AUCH &gt;\u00a0<a href=\"https:\/\/www.autohebdo.de\/Nachrichten\/MotoGP\/Pecco-Bagnaia-gewinnt-den-japanischen-GP-Sprint-und-holt-sich-einen-Doppelsieg-bei-Ducati-MotoGP.html\" rel=\"nofollow noopener\" target=\"_blank\">Japanischer GP \u2013 Sprint: Pecco Bagnaia gewinnt und holt einen Ducati-Doppelsieg<\/a><\/strong><\/p>\n","protected":false},"excerpt":{"rendered":"Johann Zarco erlebte diesen Samstag auf der Rennstrecke von Motegi einen komplizierten Sprint. Der Franzose wurde in den&hellip;\n","protected":false},"author":2,"featured_media":421855,"comment_status":"","ping_status":"","sticky":false,"template":"","format":"standard","meta":{"footnotes":""},"categories":[1413],"tags":[1011,27,1457,1456,60],"class_list":{"0":"post-421854","1":"post","2":"type-post","3":"status-publish","4":"format-standard","5":"has-post-thumbnail","7":"category-moto","8":"tag-fr","9":"tag-france","10":"tag-moto","11":"tag-motocycle","12":"tag-sports"},"share_on_mastodon":{"url":"https:\/\/pubeurope.com\/@fr\/115277357671808021","error":""},"_links":{"self":[{"href":"https:\/\/www.europesays.com\/fr\/wp-json\/wp\/v2\/posts\/421854","targetHints":{"allow":["GET"]}}],"collection":[{"href":"https:\/\/www.europesays.com\/fr\/wp-json\/wp\/v2\/posts"}],"about":[{"href":"https:\/\/www.europesays.com\/fr\/wp-json\/wp\/v2\/types\/post"}],"author":[{"embeddable":true,"href":"https:\/\/www.europesays.com\/fr\/wp-json\/wp\/v2\/users\/2"}],"replies":[{"embeddable":true,"href":"https:\/\/www.europesays.com\/fr\/wp-json\/wp\/v2\/comments?post=421854"}],"version-history":[{"count":0,"href":"https:\/\/www.europesays.com\/fr\/wp-json\/wp\/v2\/posts\/421854\/revisions"}],"wp:featuredmedia":[{"embeddable":true,"href":"https:\/\/www.europesays.com\/fr\/wp-json\/wp\/v2\/media\/421855"}],"wp:attachment":[{"href":"https:\/\/www.europesays.com\/fr\/wp-json\/wp\/v2\/media?parent=421854"}],"wp:term":[{"taxonomy":"category","embeddable":true,"href":"https:\/\/www.europesays.com\/fr\/wp-json\/wp\/v2\/categories?post=421854"},{"taxonomy":"post_tag","embeddable":true,"href":"https:\/\/www.europesays.com\/fr\/wp-json\/wp\/v2\/tags?post=421854"}],"curies":[{"name":"wp","href":"https:\/\/api.w.org\/{rel}","templated":true}]}}