{"id":421860,"date":"2025-09-27T17:10:11","date_gmt":"2025-09-27T17:10:11","guid":{"rendered":"https:\/\/www.europesays.com\/fr\/421860\/"},"modified":"2025-09-27T17:10:11","modified_gmt":"2025-09-27T17:10:11","slug":"gerard-holtz-fait-son-retour-a-la-television-sur-lcp","status":"publish","type":"post","link":"https:\/\/www.europesays.com\/fr\/421860\/","title":{"rendered":"G\u00e9rard Holtz fait son retour \u00e0 la t\u00e9l\u00e9vision sur LCP"},"content":{"rendered":"<p>    G\u00e9rard Holtz<br \/>\n                Domine Jerome\/ABACA<\/p>\n<p>Le journaliste de 78 ans s\u2019\u00e9tait retir\u00e9 officiellement du monde t\u00e9l\u00e9visuel il y a plus de neuf ans. Et pourtant, il sera \u00e0 l\u2019animation d\u2019une nouvelle \u00e9mission culturelle d\u00e8s la mi-octobre sur la cha\u00eene parlementaire.<\/p>\n<p class=\"fig-paragraph\">Le come-back.\u00a0<a href=\"https:\/\/video.lefigaro.fr\/figaro\/sports\/gerard-holtz-se-porte-candidat-a-la-presidence-du-cojo-des-jo-2030-20250210\" data-fig-type=\"Video\" data-gtm-custom-categorie=\"navigation\" data-gtm-custom-action=\"crossclick\" data-gtm-custom-label=\"Contextuel\" data-gtm-event=\"customEventSPE\" data-fig-domain=\"LEFIGARO\" target=\"_blank\" rel=\"noopener\"><strong>G\u00e9rard Holtz<\/strong><\/a> \u00a0n\u2019aura pas su faire ses adieux d\u00e9finitifs \u00e0 la t\u00e9l\u00e9vision. Celui qui s\u2019est fait conna\u00eetre du grand public par la pr\u00e9sentation de \u00abStade 2\u00bb, l\u2019\u00e9mission sportive embl\u00e9matique de France 2, avait tir\u00e9 sa r\u00e9v\u00e9rence du monde t\u00e9l\u00e9visuel le 24 juillet 2016 en direct sur France 3 depuis les Champs-\u00c9lys\u00e9es lors de l\u2019arriv\u00e9e de la derni\u00e8re \u00e9tape du Tour de France.<\/p>\n<p class=\"fig-paragraph\">Trois ans plus tard d\u00e9j\u00e0, il \u00e9tait de retour sur RMC D\u00e9couverte et L\u2019\u00e9quipe avec une \u00e9mission consacr\u00e9e au v\u00e9lo, \u00abAu tour du v\u00e9lo\u00bb. Mais c\u2019\u00e9tait davantage sur les planches qu\u2019il s\u2019\u00e9panouissait ces derni\u00e8res ann\u00e9es. Ce mordu de sport avait su conjuguer ses deux passions au th\u00e9\u00e2tre en proposant un seul en sc\u00e8ne o\u00f9 il racontait les coulisses du sport, intitul\u00e9 Vive le sport..et ses petits secrets\u00a0!.<\/p>\n<p class=\"fig-body-link\">\n            \u00c0 lire aussi<br \/>\n        <a class=\"fig-body-link__link\" href=\"http:\/\/tvmag.lefigaro.fr\/programme-tv\/actu-tele\/j-ai-vraiment-failli-mourir-gerard-holtz-livre-un-bouleversant-recit-sur-son-enfance-20250622\" target=\"_blank\" data-fig-type=\"Article\" rel=\"noopener\" data-gtm-custom-categorie=\"navigation\" data-gtm-custom-action=\"crossclick\" data-gtm-custom-label=\"Contextuel\" data-gtm-event=\"customEventSPE\" data-fig-domain=\"TVMAG\">\u00abJ\u2019ai vraiment failli mourir\u00bb\u00a0: G\u00e9rard Holtz livre un bouleversant r\u00e9cit sur son enfance<br \/>\n    <\/a>\n<\/p>\n<p>                                    <a class=\"fig-a11y-skip a11y-hidden\" href=\"#fig-a11y-skip-main-inarticle\"><br \/>\n        Passer la publicit\u00e9<br \/>\n    <\/a><\/p>\n<p>\u00abDe Platon \u00e0 Ast\u00e9rix\u00bb<\/p>\n<p class=\"fig-paragraph\">Aujourd\u2019hui, l\u2019homme de 78 ans renoue avec ses premiers amours en faisant son grand retour \u00e0 la t\u00e9l\u00e9vision. \u00c0 partir du vendredi 24 octobre, il animera un nouveau magazine culturel intitul\u00e9 \u00ab Le banquet\u00a0\u00bb, toutes les deux semaines \u00e0 21 heures sur\u00a0<a href=\"https:\/\/www.lefigaro.fr\/tag\/lcp\" target=\"_blank\" rel=\"sponsored noopener\" data-gtm-custom-categorie=\"navigation\" data-gtm-custom-action=\"crossclick\" data-gtm-custom-label=\"Contextuel\" data-gtm-event=\"customEventSPE\">LCP<\/a>. En plus des invit\u00e9s qu\u2019il recevra deux fois par mois, il sera accompagn\u00e9 d\u2019Anna Cabana, la journaliste et essayiste. C\u2019est d\u2019ailleurs gr\u00e2ce \u00e0 elle, comme il le confie \u00e0 nos confr\u00e8res, qu\u2019il est de retour sur le petit \u00e9cran. \u00abJ\u2019ai dit oui tout de suite. Je n\u2019ai pas r\u00e9fl\u00e9chi. C\u2019\u00e9tait \u00e9vident\u00a0\u00bb, explique-t-il. \u00c0 tel point qu\u2019il parle d\u2019un v\u00e9ritable \u00ab coup de foudre\u00a0\u00bb professionnel.<\/p>\n<p class=\"fig-paragraph\">Bien loin des maillots jaunes et des v\u00e9los, ce nouveau programme se veut culturel. \u00ab De Platon \u00e0 Ast\u00e9rix. Nous traiterons de romans, de th\u00e9\u00e2tre, de ballet mais aussi de BD, en partant \u00e0 chaque fois d\u2019un fait de l\u2019actualit\u00e9 culturelle\u00a0\u00bb, pr\u00e9cise-t-il. Le tournage des premiers \u00e9pisodes devrait d\u2019ailleurs d\u00e9buter d\u2019ici quelques jours dans un caf\u00e9-restaurant du XIVe arrondissement de Paris comme le souligne le Parisien. \u00ab Nous serons s\u00e9rieux sans se prendre au s\u00e9rieux\u00a0\u00bb, ajoute G\u00e9rard Holtz.<\/p>\n<p class=\"fig-body-link\">\n            \u00c0 lire aussi<br \/>\n        <a class=\"fig-body-link__link\" href=\"http:\/\/tvmag.lefigaro.fr\/programme-tv\/actu-tele\/votre-corps-vous-dit-qu-il-faut-arreter-adeline-francois-lcp-revient-sur-ses-16-ans-de-matinale-20250918\" target=\"_blank\" data-fig-type=\"Article\" rel=\"noopener\" data-gtm-custom-categorie=\"navigation\" data-gtm-custom-action=\"crossclick\" data-gtm-custom-label=\"Contextuel\" data-gtm-event=\"customEventSPE\" data-fig-domain=\"TVMAG\">\u00abVotre corps vous dit qu\u2019il faut arr\u00eater\u00bb\u00a0: Adeline Fran\u00e7ois (LCP) revient sur ses 16 ans de matinale<br \/>\n    <\/a>\n<\/p>\n<p class=\"fig-paragraph\">Et ce n\u2019est uniquement pour ce format que le journaliste a accept\u00e9 de revenir sur le devant de la sc\u00e8ne. Quelques heures avant la proposition de la journaliste Anna Cabana, il aurait \u00e9t\u00e9 contact\u00e9 par l\u2019\u00e9mission \u00abDanse avec les stars\u00bb de TF1. \u00ab Je les ai rappel\u00e9s pour leur dire non\u00a0\u00bb, r\u00e9v\u00e8le-t-il, pr\u00e9f\u00e9rant l\u2019animation du rendez-vous culturel.<\/p>\n","protected":false},"excerpt":{"rendered":"G\u00e9rard Holtz Domine Jerome\/ABACA Le journaliste de 78 ans s\u2019\u00e9tait retir\u00e9 officiellement du monde t\u00e9l\u00e9visuel il y a&hellip;\n","protected":false},"author":2,"featured_media":421861,"comment_status":"","ping_status":"","sticky":false,"template":"","format":"standard","meta":{"footnotes":""},"categories":[1359],"tags":[58,59,1011,27,2957,23203,973],"class_list":{"0":"post-421860","1":"post","2":"type-post","3":"status-publish","4":"format-standard","5":"has-post-thumbnail","7":"category-people","8":"tag-divertissement","9":"tag-entertainment","10":"tag-fr","11":"tag-france","12":"tag-journaliste","13":"tag-lcp","14":"tag-people"},"share_on_mastodon":{"url":"https:\/\/pubeurope.com\/@fr\/115277373442910250","error":""},"_links":{"self":[{"href":"https:\/\/www.europesays.com\/fr\/wp-json\/wp\/v2\/posts\/421860","targetHints":{"allow":["GET"]}}],"collection":[{"href":"https:\/\/www.europesays.com\/fr\/wp-json\/wp\/v2\/posts"}],"about":[{"href":"https:\/\/www.europesays.com\/fr\/wp-json\/wp\/v2\/types\/post"}],"author":[{"embeddable":true,"href":"https:\/\/www.europesays.com\/fr\/wp-json\/wp\/v2\/users\/2"}],"replies":[{"embeddable":true,"href":"https:\/\/www.europesays.com\/fr\/wp-json\/wp\/v2\/comments?post=421860"}],"version-history":[{"count":0,"href":"https:\/\/www.europesays.com\/fr\/wp-json\/wp\/v2\/posts\/421860\/revisions"}],"wp:featuredmedia":[{"embeddable":true,"href":"https:\/\/www.europesays.com\/fr\/wp-json\/wp\/v2\/media\/421861"}],"wp:attachment":[{"href":"https:\/\/www.europesays.com\/fr\/wp-json\/wp\/v2\/media?parent=421860"}],"wp:term":[{"taxonomy":"category","embeddable":true,"href":"https:\/\/www.europesays.com\/fr\/wp-json\/wp\/v2\/categories?post=421860"},{"taxonomy":"post_tag","embeddable":true,"href":"https:\/\/www.europesays.com\/fr\/wp-json\/wp\/v2\/tags?post=421860"}],"curies":[{"name":"wp","href":"https:\/\/api.w.org\/{rel}","templated":true}]}}