{"id":421862,"date":"2025-09-27T17:11:19","date_gmt":"2025-09-27T17:11:19","guid":{"rendered":"https:\/\/www.europesays.com\/fr\/421862\/"},"modified":"2025-09-27T17:11:19","modified_gmt":"2025-09-27T17:11:19","slug":"la-ville-de-lyon-prise-en-photo-sous-tous-les-angles-dans-cette-nouvelle-expo-gratuite","status":"publish","type":"post","link":"https:\/\/www.europesays.com\/fr\/421862\/","title":{"rendered":"La ville de Lyon prise en photo sous tous les angles dans cette nouvelle expo gratuite"},"content":{"rendered":"<p>            Par<br \/>\n        <strong><br \/>\n            <a href=\"https:\/\/actu.fr\/auteur\/ludivine-caporal\" title=\"Consulter tous les articles de Ludivine Caporal\" target=\"_blank\" rel=\"noopener\">Ludivine Caporal<\/a><br \/>\n        <\/strong><\/p>\n<p>        Publi\u00e9 le<\/p>\n<p>            27 sept. 2025 \u00e0 7h04        <\/p>\n<p>Une sortie id\u00e9ale avec ce temps automnal.<\/p>\n<p class=\" wall-content\">Depuis le 10 septembre et jusqu\u2019au 18 d\u00e9cembre 2025, les archives municipales de <a href=\"https:\/\/actu.fr\/auvergne-rhone-alpes\/lyon_69123\" target=\"_blank\" rel=\"noopener\">Lyon<\/a>, \u00e0 Perrache, accueillent une nouvelle mini exposition gratuite : <strong>\u00ab\u00a0Images de ville\u00a0\u00bb.<\/strong><\/p>\n<p class=\" wall-content\">En lien avec le mus\u00e9e de l\u2019Imprimerie et de la Communication graphique (ferm\u00e9 de son c\u00f4t\u00e9 pour travaux jusqu\u2019en 2027), l\u2019institution propose diff\u00e9rents regards sur la capitale des Gaules, une <strong>\u00ab\u00a0collection d\u2019instantan\u00e9s de la vie urbaine\u00a0\u00bb<\/strong> en miroir du texte \u00ab\u00a0Journal du dehors\u00a0\u00bb d\u2019Annie Ernaux, publi\u00e9 en 1993.<\/p>\n<p>\u00ab\u00a0Une r\u00e9flexion autour des enjeux sociaux et soci\u00e9taux\u00a0\u00bb<\/p>\n<p class=\" wall-content\">Au milieu de la <a href=\"https:\/\/actu.fr\/tag\/lyon-part-dieu\" target=\"_blank\" rel=\"noopener\">gare Part-Dieu<\/a> et de son centre commercial, sous les ponts du Rh\u00f4ne, devant les projets immobiliers en travaux, face au magnifique quartier du <a href=\"https:\/\/actu.fr\/tag\/vieux-lyon\" target=\"_blank\" rel=\"noopener\">Vieux-Lyon<\/a>\u2026\u00a0<\/p>\n<p class=\" wall-content\">Au fil des photographies, <strong>r\u00e9alis\u00e9es par des \u00e9tudiants <\/strong>de l\u2019Universit\u00e9 Lumi\u00e8re Lyon 2 et de l\u2019\u00c9cole nationale d\u2019Architecture de Lyon, les visiteurs sont invit\u00e9s \u00e0 parcourir la ville et ses multiples facettes, mais aussi \u00e0 \u00ab\u00a0tracer des chemins politiques et po\u00e9tiques (\u2026) dans une r\u00e9flexion autour des enjeux sociaux et soci\u00e9taux\u00a0\u00bb, notamment ceux qui font encore \u00e9cho \u00e0 notre fonctionnement 30 ans apr\u00e8s les textes r\u00e9dig\u00e9s par Annie Ernaux.<\/p>\n<p>    <img   decoding=\"async\" loading=\"lazy\" src=\"https:\/\/www.europesays.com\/fr\/wp-content\/uploads\/2025\/09\/archives-municipales-lyon-960x640.jpg\" alt=\"L'exposition se trouve tout de suite \u00e0 l'entr\u00e9e des archives municipales de Lyon.\" width=\"960\" height=\"640\"\/><br \/>\n    L\u2019exposition se trouve tout de suite \u00e0 l\u2019entr\u00e9e des archives municipales de Lyon. (\u00a9Ludivine Caporal\/actu Lyon)<\/p>\n<p class=\" wall-content\">Cette petite pause culturelle est possible les lundis de 13h \u00e0 17h, les mardis, mercredis, jeudis et vendredis de 9h \u00e0 12h et de 13h \u00e0 18h ainsi que les samedis de 13h \u00e0 18h. L\u2019entr\u00e9e est, pour rappel, libre et gratuite.<\/p>\n<p class=\" wall-content\">Personnalisez votre actualit\u00e9 en ajoutant vos villes et m\u00e9dias en favori avec <a href=\"https:\/\/moncompte.actu.fr\" title=\"D\u00e9couvez Mon Actu\" rel=\"nofollow noopener\" data-trk=\"{&quot;cta&quot;:{&quot;action&quot;:&quot;https:\\\/\\\/moncompte.actu.fr&quot;,&quot;category&quot;:&quot;mon compte&quot;,&quot;from&quot;:&quot;article footer&quot;,&quot;name&quot;:&quot;Mon actu&quot;,&quot;type&quot;:&quot;cta&quot;}}\" target=\"_blank\">Mon Actu<\/a>.<\/p>\n","protected":false},"excerpt":{"rendered":"Par Ludivine Caporal Publi\u00e9 le 27 sept. 2025 \u00e0 7h04 Une sortie id\u00e9ale avec ce temps automnal. Depuis&hellip;\n","protected":false},"author":2,"featured_media":421863,"comment_status":"","ping_status":"","sticky":false,"template":"","format":"standard","meta":{"footnotes":""},"categories":[1358],"tags":[1348,1384,1385,1386,58,59,1011,27,1652,5274,1756],"class_list":{"0":"post-421862","1":"post","2":"type-post","3":"status-publish","4":"format-standard","5":"has-post-thumbnail","7":"category-arts-et-design","8":"tag-arts","9":"tag-arts-and-design","10":"tag-arts-et-design","11":"tag-design","12":"tag-divertissement","13":"tag-entertainment","14":"tag-fr","15":"tag-france","16":"tag-loisirs-culture","17":"tag-perrache","18":"tag-photographie"},"share_on_mastodon":{"url":"https:\/\/pubeurope.com\/@fr\/115277377770768928","error":""},"_links":{"self":[{"href":"https:\/\/www.europesays.com\/fr\/wp-json\/wp\/v2\/posts\/421862","targetHints":{"allow":["GET"]}}],"collection":[{"href":"https:\/\/www.europesays.com\/fr\/wp-json\/wp\/v2\/posts"}],"about":[{"href":"https:\/\/www.europesays.com\/fr\/wp-json\/wp\/v2\/types\/post"}],"author":[{"embeddable":true,"href":"https:\/\/www.europesays.com\/fr\/wp-json\/wp\/v2\/users\/2"}],"replies":[{"embeddable":true,"href":"https:\/\/www.europesays.com\/fr\/wp-json\/wp\/v2\/comments?post=421862"}],"version-history":[{"count":0,"href":"https:\/\/www.europesays.com\/fr\/wp-json\/wp\/v2\/posts\/421862\/revisions"}],"wp:featuredmedia":[{"embeddable":true,"href":"https:\/\/www.europesays.com\/fr\/wp-json\/wp\/v2\/media\/421863"}],"wp:attachment":[{"href":"https:\/\/www.europesays.com\/fr\/wp-json\/wp\/v2\/media?parent=421862"}],"wp:term":[{"taxonomy":"category","embeddable":true,"href":"https:\/\/www.europesays.com\/fr\/wp-json\/wp\/v2\/categories?post=421862"},{"taxonomy":"post_tag","embeddable":true,"href":"https:\/\/www.europesays.com\/fr\/wp-json\/wp\/v2\/tags?post=421862"}],"curies":[{"name":"wp","href":"https:\/\/api.w.org\/{rel}","templated":true}]}}